{"id":54138,"date":"2023-06-26T07:13:00","date_gmt":"2023-06-26T10:13:00","guid":{"rendered":"https:\/\/blogopara.com.br\/?p=54138"},"modified":"2023-06-25T11:14:18","modified_gmt":"2023-06-25T14:14:18","slug":"brasil-quer-eliminar-lampadas-com-mercurio-ate-2025","status":"publish","type":"post","link":"https:\/\/blogopara.com.br\/index.php\/2023\/06\/26\/brasil-quer-eliminar-lampadas-com-mercurio-ate-2025","title":{"rendered":"Brasil quer eliminar l\u00e2mpadas com merc\u00fario at\u00e9 2025"},"content":{"rendered":"<p style=\"text-align: justify;\">O Brasil tem o compromisso de tirar todas as l\u00e2mpadas fluorescentes do mercado at\u00e9 2025. Essa meta foi definida no ano passado na quarta reuni\u00e3o da Confer\u00eancia das Partes (COP) da Conven\u00e7\u00e3o de Minamata. A ideia \u00e9 que elas sejam substitu\u00eddas por l\u00e2mpadas de led, que consomem menos energia e n\u00e3o cont\u00eam metais pesados.<\/p>\n<p style=\"text-align: justify;\">As l\u00e2mpadas fluorescentes surgiram para substituir as antigas incandescentes, com a promessa de serem mais econ\u00f4micas e dur\u00e1veis, e n\u00e3o emitirem calor, mas cont\u00eam merc\u00fario na composi\u00e7\u00e3o, um metal altamente t\u00f3xico.<\/p>\n<p style=\"text-align: justify;\">\u201cNos seres humanos, ele [merc\u00fario] pode causar ataxia, problemas neuromotores, neurol\u00f3gicos, ele \u00e9 teratog\u00eanico [organismo que, estando presente durante a gesta\u00e7\u00e3o, produz uma altera\u00e7\u00e3o no desenvolvimento], na forma\u00e7\u00e3o dos fetos, ele \u00e9 bastante t\u00f3xico quando ligado \u00e0 quest\u00e3o neurol\u00f3gica e pode chegar at\u00e9 a morte\u201d, explica a bi\u00f3loga Alexandra Penedo de Pinho, da Universidade Federal do Rio de Janeiro (UFRJ).<\/p>\n<p style=\"text-align: justify;\">A reciclagem \u00e9 uma ferramenta poderosa, mas ainda insuficiente. Segundo a Associa\u00e7\u00e3o Brasileira para a Gest\u00e3o da Log\u00edstica Reversa de Produtos de Ilumina\u00e7\u00e3o (Reciclus), foram recicladas nos \u00faltimos seis anos no pa\u00eds 33 milh\u00f5es de l\u00e2mpadas fluorescentes, cerca de 5 milh\u00f5es por ano, n\u00famero bem inferior ao total que chega anualmente. Em 2022, foram importados 12 milh\u00f5es de l\u00e2mpadas.<\/p>\n<p style=\"text-align: justify;\">\u201cO desafio \u00e9 muito grande porque as pessoas precisam se conscientizar de que existem diversos res\u00edduos que s\u00e3o prejudiciais ao meio ambiente. E o meio ambiente j\u00e1 vem sofrendo as consequ\u00eancias por meio de desastres naturais. Aquele res\u00edduo que a gente joga em um lugar que n\u00e3o \u00e9 o correto, ele traz uma consequ\u00eancia para o mundo\u201d, aponta Camilla Horizonte, gerente de opera\u00e7\u00f5es da Reciclus.<\/p>\n<p style=\"text-align: justify;\">Na reciclagem, os componentes s\u00e3o separados: vidro, metais e p\u00f3 fosf\u00f3rico podem ser reutilizados. J\u00e1 o merc\u00fario \u00e9 extra\u00eddo por estas tubula\u00e7\u00f5es conectadas a um filtro de carv\u00e3o, que depois \u00e9 destinado a um aterro sanit\u00e1rio especial.<\/p>\n<p style=\"text-align: justify;\">A TV Brasil solicitou posicionamento dos minist\u00e9rios do Desenvolvimento, Ind\u00fastria, Com\u00e9rcio e Servi\u00e7os e do Meio Ambiente, mas n\u00e3o houve retorno at\u00e9 a veicula\u00e7\u00e3o da reportagem.<\/p>\n","protected":false},"excerpt":{"rendered":"<p>O Brasil tem o compromisso de tirar todas as l\u00e2mpadas fluorescentes do mercado at\u00e9 2025. Essa meta foi definida no ano passado na quarta reuni\u00e3o da Confer\u00eancia das Partes (COP) da Conven\u00e7\u00e3o de Minamata. A ideia \u00e9 que elas sejam substitu\u00eddas por l\u00e2mpadas de led, que consomem menos energia e n\u00e3o cont\u00eam metais pesados. As [&hellip;]<\/p>\n","protected":false},"author":1,"featured_media":38644,"comment_status":"closed","ping_status":"open","sticky":false,"template":"","format":"standard","meta":{"_uag_custom_page_level_css":"","_monsterinsights_skip_tracking":false,"_monsterinsights_sitenote_active":false,"_monsterinsights_sitenote_note":"","_monsterinsights_sitenote_category":0,"jetpack_post_was_ever_published":false,"_jetpack_newsletter_access":"","_jetpack_dont_email_post_to_subs":false,"_jetpack_newsletter_tier_id":0,"_jetpack_memberships_contains_paywalled_content":false,"_jetpack_memberships_contains_paid_content":false,"footnotes":"","jetpack_publicize_message":"","jetpack_publicize_feature_enabled":true,"jetpack_social_post_already_shared":true,"jetpack_social_options":{"image_generator_settings":{"template":"highway","default_image_id":0,"font":"","enabled":false},"version":2}},"categories":[3372],"tags":[],"class_list":["post-54138","post","type-post","status-publish","format-standard","has-post-thumbnail","hentry","category-meio-ambiente"],"jetpack_publicize_connections":[],"jetpack_featured_media_url":"https:\/\/blogopara.com.br\/wp-content\/uploads\/2022\/06\/lampada.jpg","uagb_featured_image_src":{"full":["https:\/\/blogopara.com.br\/wp-content\/uploads\/2022\/06\/lampada.jpg",500,500,false],"thumbnail":["https:\/\/blogopara.com.br\/wp-content\/uploads\/2022\/06\/lampada-150x150.jpg",150,150,true],"medium":["https:\/\/blogopara.com.br\/wp-content\/uploads\/2022\/06\/lampada-300x300.jpg",300,300,true],"medium_large":["https:\/\/blogopara.com.br\/wp-content\/uploads\/2022\/06\/lampada.jpg",500,500,false],"large":["https:\/\/blogopara.com.br\/wp-content\/uploads\/2022\/06\/lampada.jpg",500,500,false],"1536x1536":["https:\/\/blogopara.com.br\/wp-content\/uploads\/2022\/06\/lampada.jpg",500,500,false],"2048x2048":["https:\/\/blogopara.com.br\/wp-content\/uploads\/2022\/06\/lampada.jpg",500,500,false],"mantranews-slider-large":["https:\/\/blogopara.com.br\/wp-content\/uploads\/2022\/06\/lampada.jpg",500,500,false],"mantranews-featured-medium":["https:\/\/blogopara.com.br\/wp-content\/uploads\/2022\/06\/lampada-420x307.jpg",420,307,true],"mantranews-featured-long":["https:\/\/blogopara.com.br\/wp-content\/uploads\/2022\/06\/lampada-300x443.jpg",300,443,true],"mantranews-block-medium":["https:\/\/blogopara.com.br\/wp-content\/uploads\/2022\/06\/lampada-464x290.jpg",464,290,true],"mantranews-carousel-image":["https:\/\/blogopara.com.br\/wp-content\/uploads\/2022\/06\/lampada.jpg",500,500,false],"mantranews-block-thumb":["https:\/\/blogopara.com.br\/wp-content\/uploads\/2022\/06\/lampada-322x230.jpg",322,230,true],"mantranews-single-large":["https:\/\/blogopara.com.br\/wp-content\/uploads\/2022\/06\/lampada.jpg",500,500,false]},"uagb_author_info":{"display_name":"Reda\u00e7\u00e3o geral","author_link":"https:\/\/blogopara.com.br\/index.php\/author\/blogopara"},"uagb_comment_info":0,"uagb_excerpt":"O Brasil tem o compromisso de tirar todas as l\u00e2mpadas fluorescentes do mercado at\u00e9 2025. Essa meta foi definida no ano passado na quarta reuni\u00e3o da Confer\u00eancia das Partes (COP) da Conven\u00e7\u00e3o de Minamata. A ideia \u00e9 que elas sejam substitu\u00eddas por l\u00e2mpadas de led, que consomem menos energia e n\u00e3o cont\u00eam metais pesados. As&hellip;","jetpack_sharing_enabled":true,"jetpack_likes_enabled":true,"_links":{"self":[{"href":"https:\/\/blogopara.com.br\/index.php\/wp-json\/wp\/v2\/posts\/54138","targetHints":{"allow":["GET"]}}],"collection":[{"href":"https:\/\/blogopara.com.br\/index.php\/wp-json\/wp\/v2\/posts"}],"about":[{"href":"https:\/\/blogopara.com.br\/index.php\/wp-json\/wp\/v2\/types\/post"}],"author":[{"embeddable":true,"href":"https:\/\/blogopara.com.br\/index.php\/wp-json\/wp\/v2\/users\/1"}],"replies":[{"embeddable":true,"href":"https:\/\/blogopara.com.br\/index.php\/wp-json\/wp\/v2\/comments?post=54138"}],"version-history":[{"count":1,"href":"https:\/\/blogopara.com.br\/index.php\/wp-json\/wp\/v2\/posts\/54138\/revisions"}],"predecessor-version":[{"id":54139,"href":"https:\/\/blogopara.com.br\/index.php\/wp-json\/wp\/v2\/posts\/54138\/revisions\/54139"}],"wp:featuredmedia":[{"embeddable":true,"href":"https:\/\/blogopara.com.br\/index.php\/wp-json\/wp\/v2\/media\/38644"}],"wp:attachment":[{"href":"https:\/\/blogopara.com.br\/index.php\/wp-json\/wp\/v2\/media?parent=54138"}],"wp:term":[{"taxonomy":"category","embeddable":true,"href":"https:\/\/blogopara.com.br\/index.php\/wp-json\/wp\/v2\/categories?post=54138"},{"taxonomy":"post_tag","embeddable":true,"href":"https:\/\/blogopara.com.br\/index.php\/wp-json\/wp\/v2\/tags?post=54138"}],"curies":[{"name":"wp","href":"https:\/\/api.w.org\/{rel}","templated":true}]}}