{"id":54168,"date":"2023-06-26T14:56:00","date_gmt":"2023-06-26T17:56:00","guid":{"rendered":"https:\/\/blogopara.com.br\/?p=54168"},"modified":"2023-06-26T14:01:34","modified_gmt":"2023-06-26T17:01:34","slug":"prefeitura-de-juazeiro-encerra-festejos-do-sao-joao-em-juremal-com-muita-animacao-e-mantendo-a-tradicao","status":"publish","type":"post","link":"https:\/\/blogopara.com.br\/index.php\/2023\/06\/26\/prefeitura-de-juazeiro-encerra-festejos-do-sao-joao-em-juremal-com-muita-animacao-e-mantendo-a-tradicao","title":{"rendered":"Prefeitura de Juazeiro encerra festejos do S\u00e3o Jo\u00e3o em Juremal com muita anima\u00e7\u00e3o e mantendo a tradi\u00e7\u00e3o"},"content":{"rendered":"<p class=\"x_MsoNormal\" style=\"text-align: justify;\">O Festival Cultural S\u00e3o Jo\u00e3o de Juremal encerrou os festejos ao padroeiro do distrito neste domingo (25) com muita anima\u00e7\u00e3o e forr\u00f3 no p\u00e9. A festa, promovida pela Prefeitura de Juazeiro, atrav\u00e9s da Secretaria de Cultura, Turismo e Esportes (Seculte), em parceria com o governo do estado, manteve a tradi\u00e7\u00e3o de d\u00e9cadas no distrito.<\/p>\n<p class=\"x_MsoNormal\" style=\"text-align: justify;\">Foram dois finais de semana de festa que agitou o distrito. Durante o Festival Cultural S\u00e3o Jo\u00e3o de Juremal a comunidade local e toda vizinhan\u00e7a p\u00f4de aproveitar atra\u00e7\u00f5es como: Mega Top, Frank e Alex, Carlinhos Cai\u00e7ara, Suzana Coelho, J\u00falio do Acordeon, banda Stylo.com, Dudu Almeida, Tom Bahia e Rafinha.<\/p>\n<p class=\"x_MsoNormal\" style=\"text-align: justify;\">\u201cEu, como filha de Juremal, me sinto orgulhosa em manter viva a tradi\u00e7\u00e3o cultural na localidade em que nasci e fui criada. Entregamos uma festa linda para essas pessoas t\u00e3o queridas, que fazem parte da minha caminhada pessoal e pol\u00edtica. O sentimento \u00e9 de felicidade e gratid\u00e3o por estar \u00e0 frente da gest\u00e3o e poder realizar mais um ano esta festa t\u00e3o tradicional e importante para o nosso povo\u201d, destacou a prefeita Suzana Ramos.<\/p>\n<p class=\"x_MsoNormal\" style=\"text-align: justify;\">O homenageado deste ano no S\u00e3o Jo\u00e3o de Juremal foi Ademir Jos\u00e9 dos Reis, conhecido como \u2018Seu Dema\u2019, um grande nome da localidade que levou o Juremal a v\u00e1rios cantos do pa\u00eds com sua m\u00fasica e sua preocupa\u00e7\u00e3o com a cultura popular.<\/p>\n<p class=\"x_MsoNormal\" style=\"text-align: justify;\">\n<p class=\"x_MsoNormal\" style=\"text-align: justify;\"><b>Quadrilhas Juninas<\/b><\/p>\n<p class=\"x_MsoNormal\" style=\"text-align: justify;\">Al\u00e9m dos shows musicais, tamb\u00e9m se apresentaram no S\u00e3o Jo\u00e3o de Juremal as duas quadrilhas juninas vencedoras do Concurso de Quadrilhas Juninas realizado pela Prefeitura de Juazeiro no Santo Ant\u00f4nio das Tradi\u00e7\u00f5es. A junina Arrai\u00e1 da Matutada, vice-campe\u00e3 do Concurso, deu um show de beleza, ritmo e colorido no distrito de Juremal com o tema &#8220;A saga do nordestino&#8221;. A junina Majestade mostrou o talento que a fez levar ao primeiro lugar no concurso com o tema &#8220;A cria\u00e7\u00e3o do mundo&#8221;.<\/p>\n<p class=\"x_MsoNormal\" style=\"text-align: justify;\"><b>Prociss\u00e3o a S\u00e3o Jo\u00e3o Batista<\/b><\/p>\n<p class=\"x_MsoNormal\" style=\"text-align: justify;\">No s\u00e1bado (24) a prociss\u00e3o encerrou o noven\u00e1rio a S\u00e3o Jo\u00e3o Batista, padroeiro de Juremal, um momento marcado pela f\u00e9 e devo\u00e7\u00e3o ao santo.<\/p>\n","protected":false},"excerpt":{"rendered":"<p>O Festival Cultural S\u00e3o Jo\u00e3o de Juremal encerrou os festejos ao padroeiro do distrito neste domingo (25) com muita anima\u00e7\u00e3o e forr\u00f3 no p\u00e9. A festa, promovida pela Prefeitura de Juazeiro, atrav\u00e9s da Secretaria de Cultura, Turismo e Esportes (Seculte), em parceria com o governo do estado, manteve a tradi\u00e7\u00e3o de d\u00e9cadas no distrito. Foram [&hellip;]<\/p>\n","protected":false},"author":1,"featured_media":54169,"comment_status":"closed","ping_status":"open","sticky":false,"template":"","format":"standard","meta":{"_uag_custom_page_level_css":"","_monsterinsights_skip_tracking":false,"_monsterinsights_sitenote_active":false,"_monsterinsights_sitenote_note":"","_monsterinsights_sitenote_category":0,"jetpack_post_was_ever_published":false,"_jetpack_newsletter_access":"","_jetpack_dont_email_post_to_subs":false,"_jetpack_newsletter_tier_id":0,"_jetpack_memberships_contains_paywalled_content":false,"_jetpack_memberships_contains_paid_content":false,"footnotes":"","jetpack_publicize_message":"","jetpack_publicize_feature_enabled":true,"jetpack_social_post_already_shared":true,"jetpack_social_options":{"image_generator_settings":{"template":"highway","default_image_id":0,"font":"","enabled":false},"version":2}},"categories":[1784],"tags":[],"class_list":["post-54168","post","type-post","status-publish","format-standard","has-post-thumbnail","hentry","category-cultura-2"],"jetpack_publicize_connections":[],"jetpack_featured_media_url":"https:\/\/blogopara.com.br\/wp-content\/uploads\/2023\/06\/thumbnail_52999937558_24bcc46307_c.jpg","uagb_featured_image_src":{"full":["https:\/\/blogopara.com.br\/wp-content\/uploads\/2023\/06\/thumbnail_52999937558_24bcc46307_c.jpg",500,333,false],"thumbnail":["https:\/\/blogopara.com.br\/wp-content\/uploads\/2023\/06\/thumbnail_52999937558_24bcc46307_c-150x150.jpg",150,150,true],"medium":["https:\/\/blogopara.com.br\/wp-content\/uploads\/2023\/06\/thumbnail_52999937558_24bcc46307_c-300x200.jpg",300,200,true],"medium_large":["https:\/\/blogopara.com.br\/wp-content\/uploads\/2023\/06\/thumbnail_52999937558_24bcc46307_c.jpg",500,333,false],"large":["https:\/\/blogopara.com.br\/wp-content\/uploads\/2023\/06\/thumbnail_52999937558_24bcc46307_c.jpg",500,333,false],"1536x1536":["https:\/\/blogopara.com.br\/wp-content\/uploads\/2023\/06\/thumbnail_52999937558_24bcc46307_c.jpg",500,333,false],"2048x2048":["https:\/\/blogopara.com.br\/wp-content\/uploads\/2023\/06\/thumbnail_52999937558_24bcc46307_c.jpg",500,333,false],"mantranews-slider-large":["https:\/\/blogopara.com.br\/wp-content\/uploads\/2023\/06\/thumbnail_52999937558_24bcc46307_c.jpg",500,333,false],"mantranews-featured-medium":["https:\/\/blogopara.com.br\/wp-content\/uploads\/2023\/06\/thumbnail_52999937558_24bcc46307_c-420x307.jpg",420,307,true],"mantranews-featured-long":["https:\/\/blogopara.com.br\/wp-content\/uploads\/2023\/06\/thumbnail_52999937558_24bcc46307_c-300x333.jpg",300,333,true],"mantranews-block-medium":["https:\/\/blogopara.com.br\/wp-content\/uploads\/2023\/06\/thumbnail_52999937558_24bcc46307_c-464x290.jpg",464,290,true],"mantranews-carousel-image":["https:\/\/blogopara.com.br\/wp-content\/uploads\/2023\/06\/thumbnail_52999937558_24bcc46307_c.jpg",500,333,false],"mantranews-block-thumb":["https:\/\/blogopara.com.br\/wp-content\/uploads\/2023\/06\/thumbnail_52999937558_24bcc46307_c-322x230.jpg",322,230,true],"mantranews-single-large":["https:\/\/blogopara.com.br\/wp-content\/uploads\/2023\/06\/thumbnail_52999937558_24bcc46307_c.jpg",500,333,false]},"uagb_author_info":{"display_name":"Reda\u00e7\u00e3o geral","author_link":"https:\/\/blogopara.com.br\/index.php\/author\/blogopara"},"uagb_comment_info":0,"uagb_excerpt":"O Festival Cultural S\u00e3o Jo\u00e3o de Juremal encerrou os festejos ao padroeiro do distrito neste domingo (25) com muita anima\u00e7\u00e3o e forr\u00f3 no p\u00e9. A festa, promovida pela Prefeitura de Juazeiro, atrav\u00e9s da Secretaria de Cultura, Turismo e Esportes (Seculte), em parceria com o governo do estado, manteve a tradi\u00e7\u00e3o de d\u00e9cadas no distrito. Foram&hellip;","jetpack_sharing_enabled":true,"jetpack_likes_enabled":true,"_links":{"self":[{"href":"https:\/\/blogopara.com.br\/index.php\/wp-json\/wp\/v2\/posts\/54168","targetHints":{"allow":["GET"]}}],"collection":[{"href":"https:\/\/blogopara.com.br\/index.php\/wp-json\/wp\/v2\/posts"}],"about":[{"href":"https:\/\/blogopara.com.br\/index.php\/wp-json\/wp\/v2\/types\/post"}],"author":[{"embeddable":true,"href":"https:\/\/blogopara.com.br\/index.php\/wp-json\/wp\/v2\/users\/1"}],"replies":[{"embeddable":true,"href":"https:\/\/blogopara.com.br\/index.php\/wp-json\/wp\/v2\/comments?post=54168"}],"version-history":[{"count":1,"href":"https:\/\/blogopara.com.br\/index.php\/wp-json\/wp\/v2\/posts\/54168\/revisions"}],"predecessor-version":[{"id":54170,"href":"https:\/\/blogopara.com.br\/index.php\/wp-json\/wp\/v2\/posts\/54168\/revisions\/54170"}],"wp:featuredmedia":[{"embeddable":true,"href":"https:\/\/blogopara.com.br\/index.php\/wp-json\/wp\/v2\/media\/54169"}],"wp:attachment":[{"href":"https:\/\/blogopara.com.br\/index.php\/wp-json\/wp\/v2\/media?parent=54168"}],"wp:term":[{"taxonomy":"category","embeddable":true,"href":"https:\/\/blogopara.com.br\/index.php\/wp-json\/wp\/v2\/categories?post=54168"},{"taxonomy":"post_tag","embeddable":true,"href":"https:\/\/blogopara.com.br\/index.php\/wp-json\/wp\/v2\/tags?post=54168"}],"curies":[{"name":"wp","href":"https:\/\/api.w.org\/{rel}","templated":true}]}}