{"id":54174,"date":"2023-06-26T17:03:00","date_gmt":"2023-06-26T20:03:00","guid":{"rendered":"https:\/\/blogopara.com.br\/?p=54174"},"modified":"2023-06-26T15:36:37","modified_gmt":"2023-06-26T18:36:37","slug":"prefeitura-de-juazeiro-e-conselho-iniciam-pre-conferencias-e-abrem-inscricao-para-a-14a-conferencia-municipal-de-assistencia-social","status":"publish","type":"post","link":"https:\/\/blogopara.com.br\/index.php\/2023\/06\/26\/prefeitura-de-juazeiro-e-conselho-iniciam-pre-conferencias-e-abrem-inscricao-para-a-14a-conferencia-municipal-de-assistencia-social","title":{"rendered":"Prefeitura de Juazeiro e Conselho iniciam Pr\u00e9-confer\u00eancias e abrem inscri\u00e7\u00e3o para a 14\u00aa Confer\u00eancia Municipal de Assist\u00eancia Social"},"content":{"rendered":"<p class=\"x_MsoNormal\" style=\"text-align: justify;\">A Prefeitura de Juazeiro, atrav\u00e9s da Secretaria de Desenvolvimento Social, Mulher e Diversidade (Sedes), e o Conselho do segmento iniciaram nesta segunda-feira (26) as Pr\u00e9-confer\u00eancias Municipais de Assist\u00eancia Social e abriram o per\u00edodo de inscri\u00e7\u00e3o para a participa\u00e7\u00e3o na 14\u00aa Confer\u00eancia Municipal de Assist\u00eancia Social, que ser\u00e1 realizada no dia 6 de julho.<\/p>\n<p class=\"x_MsoNormal\" style=\"text-align: justify;\">\u201cEste \u00e9 um momento importante para o nosso munic\u00edpio, em que discutimos toda a pol\u00edtica de Assist\u00eancia Social. \u00c9 a partir das pre-confer\u00eancias e da grande Confer\u00eancia que poderemos aperfei\u00e7oar toda a rede de assist\u00eancia social de quem mais precisa\u201d, destacou o secret\u00e1rio de Desenvolvimento Social, Mulher e Diversidade, Fernando Costa.<\/p>\n<p class=\"x_MsoNormal\" style=\"text-align: justify;\">A abertura das Pr\u00e9-confer\u00eancias Municipais de Assist\u00eancia Social dialogou sobre o financiamento do Sistema \u00danico de Assist\u00eancia Social (SUAS). At\u00e9 a sexta-feira (30) ser\u00e3o debatidas outras tem\u00e1ticas relacionadas ao Servi\u00e7o de Assist\u00eancia Social como o Controle Social, a Articula\u00e7\u00e3o entre Segmentos, Servi\u00e7os, Programas e Projetos e Benef\u00edcio e Transfer\u00eancia de Renda. \u201cAs pr\u00e9-confer\u00eancias s\u00e3o feitas para avaliar como o munic\u00edpio est\u00e1 atendendo \u00e0s pol\u00edticas assistenciais para a popula\u00e7\u00e3o, mostrando o que tem e o que precisa ajustar\u201d, explicou a presidente do Conselho Municipal de Assist\u00eancia Social (CMAS), Laurinete L\u00edcia.<\/p>\n<p class=\"x_MsoNormal\" style=\"text-align: justify;\">O presidente do Conselho Municipal de Sa\u00fade, Robson Pereira, participou do primeiro dia das pr\u00e9-confer\u00eancias e ressaltou como a sa\u00fade e assist\u00eancia social andam de m\u00e3os dadas. \u201cSabemos que quando a pessoa est\u00e1 na ponta, aquele problema assistencial pode influenciar no problema de sa\u00fade. Quando o Conselho Municipal de Sa\u00fade vem participar de um momento como este \u00e9 por entender que estes dois segmentos precisam andar juntos para conseguir assistir \u00e0s pessoas mais vulner\u00e1veis\u201d, disse.<\/p>\n<p class=\"x_MsoNormal\" style=\"text-align: justify;\">\n<p class=\"x_MsoNormal\" style=\"text-align: justify;\"><b>Inscri\u00e7\u00e3o 14\u00aa Confer\u00eancia Municipal de Assist\u00eancia Social de Juazeiro<\/b><\/p>\n<p class=\"x_MsoNormal\" style=\"text-align: justify;\">\n<p class=\"x_MsoNormal\" style=\"text-align: justify;\">Toda a popula\u00e7\u00e3o, trabalhadores do SUAS, estudantes e usu\u00e1rios do servi\u00e7o podem participar da 14\u00aa Confer\u00eancia Municipal de Assist\u00eancia Social de Juazeiro que ser\u00e1 realizada no dia 6 de Julho,\u00a0 das 8h \u00e0s 17h, no IFBA-Polo Juazeiro. A inscri\u00e7\u00e3o \u00e9 realizada pelo link (<a id=\"LPlnk130140\" href=\"https:\/\/docs.google.com\/forms\/d\/e\/1FAIpQLSdcZIohVRdIL2HF6MHunpEQxTBlg3-smjijTe4hoS8L8G7DAg\/viewform?pli=1\" target=\"_blank\" rel=\"noopener noreferrer\" data-auth=\"NotApplicable\" data-linkindex=\"0\">https:\/\/docs.google.com\/forms\/d\/e\/1FAIpQLSdcZIohVRdIL2HF6MHunpEQxTBlg3-smjijTe4hoS8L8G7DAg\/viewform?pli=1<\/a><\/p>\n<div id=\"LPBorder_GTaHR0cHM6Ly9kb2NzLmdvb2dsZS5jb20vZm9ybXMvZC9lLzFGQUlwUUxTZGNaSW9oVlJkSUwySEY2TUh1bnBFUXhUQmxnMy1zbWppalRlNGhvUzhMOEc3REFnL3ZpZXdmb3JtP3BsaT0x\" class=\"LPBorder982649\" style=\"text-align: justify;\">\n<table id=\"LPContainer982649\" role=\"presentation\">\n<tbody>\n<tr valign=\"top\">\n<td>\n<div id=\"LPImageContainer982649\"><a id=\"LPImageAnchor982649\" href=\"https:\/\/docs.google.com\/forms\/d\/e\/1FAIpQLSdcZIohVRdIL2HF6MHunpEQxTBlg3-smjijTe4hoS8L8G7DAg\/viewform?pli=1\" target=\"_blank\" rel=\"noopener\"><img loading=\"lazy\" decoding=\"async\" id=\"LPThumbnailImageId982649\" src=\"https:\/\/lh3.googleusercontent.com\/V2PABYpPw8XAKjdAWM7PcrGPs2G9NW0ZJE-AqUnOGHXXrG1s5PvVJHVjLcqFb8jn4sf4klZX3tU=w1200-h630-p\" alt=\"\" width=\"240\" height=\"126\" \/><\/a><\/div>\n<\/td>\n<td>\n<div id=\"LPTitle982649\"><a id=\"LPUrlAnchor982649\" href=\"https:\/\/docs.google.com\/forms\/d\/e\/1FAIpQLSdcZIohVRdIL2HF6MHunpEQxTBlg3-smjijTe4hoS8L8G7DAg\/viewform?pli=1\" target=\"_blank\" rel=\"noopener\">INSCRI\u00c7\u00d5ES &#8211; 14\u00aa Confer\u00eancia Municipal de Assist\u00eancia Social de Juazeiro-BA<\/a><\/div>\n<div id=\"LPDescription982649\">Com o tema \u201cReconstru\u00e7\u00e3o do SUAS: O SUAS que temos e o SUAS que queremos\u201d, o munic\u00edpio de Juazeiro, atrav\u00e9s do Conselho Municipal de Assist\u00eancia Social e da Secretaria de Desenvolvimento Social, Mulher e Diversidade, realiza a sua 14\u00aa Confer\u00eancia Municipal de Assist\u00eancia Social. O ciclo da Confer\u00eancia se dar\u00e1 em dois momentos: Audi\u00eancias de pr\u00e9-confer\u00eancia, que ser\u00e3o realizadas de 26 a 30 de junho, e o dia da Confer\u00eancia, prevista para ser realizado no dia 06 de julho. Ao todo, haver\u00e1 5 audi\u00eancias de pr\u00e9-confer\u00eancia, de acordo com os 5 eixos tem\u00e1ticos, com carga hor\u00e1ria de 4h cada. Voc\u00ea deve se inscrever em um Eixo para debater e construir coletivamente as propostas que iremos elaborar na Confer\u00eancia Municipal, no dia 06\/07, que ter\u00e1 carga hor\u00e1ria de 8h.<\/div>\n<div id=\"LPMetadata982649\">docs.google.com<\/div>\n<\/td>\n<\/tr>\n<\/tbody>\n<\/table>\n<\/div>\n<p class=\"x_MsoNormal\" style=\"text-align: justify;\">)<\/p>\n<p class=\"x_MsoNormal\" style=\"text-align: justify;\"><b>Confer\u00eancia<\/b><\/p>\n<p class=\"x_MsoNormal\" style=\"text-align: justify;\">A 14\u00aa Confer\u00eancia Municipal de Assist\u00eancia Social \u00e9 realizada pela Prefeitura de Juazeiro, atrav\u00e9s da Sedes, e pelo Conselho Municipal de Assist\u00eancia Social (CMAS). O tema deste ano \u00e9 \u2018Reconstru\u00e7\u00e3o do SUAS: O SUAS que temos e o SUAS que queremos!\u2019 \u201c\u00c9 de fundamental import\u00e2ncia que toda a popula\u00e7\u00e3o esteja presente junto com a gest\u00e3o para que possamos pensar em um formato melhor para atender as pessoas\u201d, explicou Laurinete L\u00edcia.<\/p>\n","protected":false},"excerpt":{"rendered":"<p>A Prefeitura de Juazeiro, atrav\u00e9s da Secretaria de Desenvolvimento Social, Mulher e Diversidade (Sedes), e o Conselho do segmento iniciaram nesta segunda-feira (26) as Pr\u00e9-confer\u00eancias Municipais de Assist\u00eancia Social e abriram o per\u00edodo de inscri\u00e7\u00e3o para a participa\u00e7\u00e3o na 14\u00aa Confer\u00eancia Municipal de Assist\u00eancia Social, que ser\u00e1 realizada no dia 6 de julho. \u201cEste \u00e9 [&hellip;]<\/p>\n","protected":false},"author":1,"featured_media":54175,"comment_status":"closed","ping_status":"open","sticky":false,"template":"","format":"standard","meta":{"_uag_custom_page_level_css":"","_monsterinsights_skip_tracking":false,"_monsterinsights_sitenote_active":false,"_monsterinsights_sitenote_note":"","_monsterinsights_sitenote_category":0,"jetpack_post_was_ever_published":false,"_jetpack_newsletter_access":"","_jetpack_dont_email_post_to_subs":false,"_jetpack_newsletter_tier_id":0,"_jetpack_memberships_contains_paywalled_content":false,"_jetpack_memberships_contains_paid_content":false,"footnotes":"","jetpack_publicize_message":"","jetpack_publicize_feature_enabled":true,"jetpack_social_post_already_shared":true,"jetpack_social_options":{"image_generator_settings":{"template":"highway","default_image_id":0,"font":"","enabled":false},"version":2}},"categories":[203],"tags":[],"class_list":["post-54174","post","type-post","status-publish","format-standard","has-post-thumbnail","hentry","category-juazeiro"],"jetpack_publicize_connections":[],"jetpack_featured_media_url":"https:\/\/blogopara.com.br\/wp-content\/uploads\/2023\/06\/thumbnail_pre-conferencia-4.jpg","uagb_featured_image_src":{"full":["https:\/\/blogopara.com.br\/wp-content\/uploads\/2023\/06\/thumbnail_pre-conferencia-4.jpg",500,333,false],"thumbnail":["https:\/\/blogopara.com.br\/wp-content\/uploads\/2023\/06\/thumbnail_pre-conferencia-4-150x150.jpg",150,150,true],"medium":["https:\/\/blogopara.com.br\/wp-content\/uploads\/2023\/06\/thumbnail_pre-conferencia-4-300x200.jpg",300,200,true],"medium_large":["https:\/\/blogopara.com.br\/wp-content\/uploads\/2023\/06\/thumbnail_pre-conferencia-4.jpg",500,333,false],"large":["https:\/\/blogopara.com.br\/wp-content\/uploads\/2023\/06\/thumbnail_pre-conferencia-4.jpg",500,333,false],"1536x1536":["https:\/\/blogopara.com.br\/wp-content\/uploads\/2023\/06\/thumbnail_pre-conferencia-4.jpg",500,333,false],"2048x2048":["https:\/\/blogopara.com.br\/wp-content\/uploads\/2023\/06\/thumbnail_pre-conferencia-4.jpg",500,333,false],"mantranews-slider-large":["https:\/\/blogopara.com.br\/wp-content\/uploads\/2023\/06\/thumbnail_pre-conferencia-4.jpg",500,333,false],"mantranews-featured-medium":["https:\/\/blogopara.com.br\/wp-content\/uploads\/2023\/06\/thumbnail_pre-conferencia-4-420x307.jpg",420,307,true],"mantranews-featured-long":["https:\/\/blogopara.com.br\/wp-content\/uploads\/2023\/06\/thumbnail_pre-conferencia-4-300x333.jpg",300,333,true],"mantranews-block-medium":["https:\/\/blogopara.com.br\/wp-content\/uploads\/2023\/06\/thumbnail_pre-conferencia-4-464x290.jpg",464,290,true],"mantranews-carousel-image":["https:\/\/blogopara.com.br\/wp-content\/uploads\/2023\/06\/thumbnail_pre-conferencia-4.jpg",500,333,false],"mantranews-block-thumb":["https:\/\/blogopara.com.br\/wp-content\/uploads\/2023\/06\/thumbnail_pre-conferencia-4-322x230.jpg",322,230,true],"mantranews-single-large":["https:\/\/blogopara.com.br\/wp-content\/uploads\/2023\/06\/thumbnail_pre-conferencia-4.jpg",500,333,false]},"uagb_author_info":{"display_name":"Reda\u00e7\u00e3o geral","author_link":"https:\/\/blogopara.com.br\/index.php\/author\/blogopara"},"uagb_comment_info":0,"uagb_excerpt":"A Prefeitura de Juazeiro, atrav\u00e9s da Secretaria de Desenvolvimento Social, Mulher e Diversidade (Sedes), e o Conselho do segmento iniciaram nesta segunda-feira (26) as Pr\u00e9-confer\u00eancias Municipais de Assist\u00eancia Social e abriram o per\u00edodo de inscri\u00e7\u00e3o para a participa\u00e7\u00e3o na 14\u00aa Confer\u00eancia Municipal de Assist\u00eancia Social, que ser\u00e1 realizada no dia 6 de julho. \u201cEste \u00e9&hellip;","jetpack_sharing_enabled":true,"jetpack_likes_enabled":true,"_links":{"self":[{"href":"https:\/\/blogopara.com.br\/index.php\/wp-json\/wp\/v2\/posts\/54174","targetHints":{"allow":["GET"]}}],"collection":[{"href":"https:\/\/blogopara.com.br\/index.php\/wp-json\/wp\/v2\/posts"}],"about":[{"href":"https:\/\/blogopara.com.br\/index.php\/wp-json\/wp\/v2\/types\/post"}],"author":[{"embeddable":true,"href":"https:\/\/blogopara.com.br\/index.php\/wp-json\/wp\/v2\/users\/1"}],"replies":[{"embeddable":true,"href":"https:\/\/blogopara.com.br\/index.php\/wp-json\/wp\/v2\/comments?post=54174"}],"version-history":[{"count":1,"href":"https:\/\/blogopara.com.br\/index.php\/wp-json\/wp\/v2\/posts\/54174\/revisions"}],"predecessor-version":[{"id":54176,"href":"https:\/\/blogopara.com.br\/index.php\/wp-json\/wp\/v2\/posts\/54174\/revisions\/54176"}],"wp:featuredmedia":[{"embeddable":true,"href":"https:\/\/blogopara.com.br\/index.php\/wp-json\/wp\/v2\/media\/54175"}],"wp:attachment":[{"href":"https:\/\/blogopara.com.br\/index.php\/wp-json\/wp\/v2\/media?parent=54174"}],"wp:term":[{"taxonomy":"category","embeddable":true,"href":"https:\/\/blogopara.com.br\/index.php\/wp-json\/wp\/v2\/categories?post=54174"},{"taxonomy":"post_tag","embeddable":true,"href":"https:\/\/blogopara.com.br\/index.php\/wp-json\/wp\/v2\/tags?post=54174"}],"curies":[{"name":"wp","href":"https:\/\/api.w.org\/{rel}","templated":true}]}}