{"id":54180,"date":"2023-06-26T16:39:00","date_gmt":"2023-06-26T19:39:00","guid":{"rendered":"https:\/\/blogopara.com.br\/?p=54180"},"modified":"2023-06-26T15:40:45","modified_gmt":"2023-06-26T18:40:45","slug":"tse-suspende-julgamento-que-pode-tornar-bolsonaro-inelegivel","status":"publish","type":"post","link":"https:\/\/blogopara.com.br\/index.php\/2023\/06\/26\/tse-suspende-julgamento-que-pode-tornar-bolsonaro-inelegivel","title":{"rendered":"TSE suspende julgamento que pode tornar Bolsonaro ineleg\u00edvel"},"content":{"rendered":"<div class=\"td-post-content tagdiv-type\">\n<p style=\"text-align: justify;\">O presidente do Tribunal Superior Eleitoral (TSE), ministro Alexandre de Moraes, suspendeu o julgamento do ex-presidente Jair Bolsonaro (PL). A an\u00e1lise ser\u00e1 retomada na pr\u00f3xima ter\u00e7a-feira (27).<\/p>\n<p style=\"text-align: justify;\">No primeiro dia de julgamento, o relator, o ministro Benedito Gon\u00e7alves apresentou o relat\u00f3rio de 43 p\u00e1ginas sobre a a\u00e7\u00e3o. A suspens\u00e3o ocorreu ap\u00f3s a apresenta\u00e7\u00e3o do parecer do Minist\u00e9rio P\u00fablico Eleitoral (MPE), que defendeu a inelegibilidade de Bolsonaro, mas foi contra a proced\u00eancia da a\u00e7\u00e3o contra Braga Netto.<\/p>\n<p style=\"text-align: justify;\">O Partido Democr\u00e1tico Trabalhista (PDT) pediu a inelegibilidade do ex-mandat\u00e1rio e a cassa\u00e7\u00e3o da chapa de Bolsonaro com o general Braga Netto. O \u00faltimo n\u00e3o poderia acontecer j\u00e1 que o pol\u00edtico n\u00e3o foi eleito nas elei\u00e7\u00f5es de 2022. O processo \u00e9 referente a uma reuni\u00e3o de Jair Bolsonaro com embaixadores no Pal\u00e1cio da Alvorada, em julho do ano passado.<\/p>\n<p style=\"text-align: justify;\">No encontro, o ex-chefe do Executivo questionou o resultado do sistema eleitoral de 2018. O momento foi transmitido pela TV Brasil. (<\/p>\n<p style=\"text-align: justify;\">\n<\/div>\n","protected":false},"excerpt":{"rendered":"<p>O presidente do Tribunal Superior Eleitoral (TSE), ministro Alexandre de Moraes, suspendeu o julgamento do ex-presidente Jair Bolsonaro (PL). A an\u00e1lise ser\u00e1 retomada na pr\u00f3xima ter\u00e7a-feira (27). No primeiro dia de julgamento, o relator, o ministro Benedito Gon\u00e7alves apresentou o relat\u00f3rio de 43 p\u00e1ginas sobre a a\u00e7\u00e3o. A suspens\u00e3o ocorreu ap\u00f3s a apresenta\u00e7\u00e3o do parecer [&hellip;]<\/p>\n","protected":false},"author":1,"featured_media":48597,"comment_status":"closed","ping_status":"open","sticky":false,"template":"","format":"standard","meta":{"_uag_custom_page_level_css":"","_monsterinsights_skip_tracking":false,"_monsterinsights_sitenote_active":false,"_monsterinsights_sitenote_note":"","_monsterinsights_sitenote_category":0,"jetpack_post_was_ever_published":false,"_jetpack_newsletter_access":"","_jetpack_dont_email_post_to_subs":false,"_jetpack_newsletter_tier_id":0,"_jetpack_memberships_contains_paywalled_content":false,"_jetpack_memberships_contains_paid_content":false,"footnotes":"","jetpack_publicize_message":"","jetpack_publicize_feature_enabled":true,"jetpack_social_post_already_shared":true,"jetpack_social_options":{"image_generator_settings":{"template":"highway","default_image_id":0,"font":"","enabled":false},"version":2}},"categories":[200,197],"tags":[],"class_list":["post-54180","post","type-post","status-publish","format-standard","has-post-thumbnail","hentry","category-brasil","category-politica"],"jetpack_publicize_connections":[],"jetpack_featured_media_url":"https:\/\/blogopara.com.br\/wp-content\/uploads\/2023\/01\/BOLSONCELULAR-e1673747623895.webp","uagb_featured_image_src":{"full":["https:\/\/blogopara.com.br\/wp-content\/uploads\/2023\/01\/BOLSONCELULAR-e1673747623895.webp",500,333,false],"thumbnail":["https:\/\/blogopara.com.br\/wp-content\/uploads\/2023\/01\/BOLSONCELULAR-150x150.webp",150,150,true],"medium":["https:\/\/blogopara.com.br\/wp-content\/uploads\/2023\/01\/BOLSONCELULAR-300x200.webp",300,200,true],"medium_large":["https:\/\/blogopara.com.br\/wp-content\/uploads\/2023\/01\/BOLSONCELULAR-768x512.webp",640,427,true],"large":["https:\/\/blogopara.com.br\/wp-content\/uploads\/2023\/01\/BOLSONCELULAR-e1673747623895.webp",500,333,false],"1536x1536":["https:\/\/blogopara.com.br\/wp-content\/uploads\/2023\/01\/BOLSONCELULAR-e1673747623895.webp",500,333,false],"2048x2048":["https:\/\/blogopara.com.br\/wp-content\/uploads\/2023\/01\/BOLSONCELULAR-e1673747623895.webp",500,333,false],"mantranews-slider-large":["https:\/\/blogopara.com.br\/wp-content\/uploads\/2023\/01\/BOLSONCELULAR-e1673747623895.webp",500,333,false],"mantranews-featured-medium":["https:\/\/blogopara.com.br\/wp-content\/uploads\/2023\/01\/BOLSONCELULAR-420x307.webp",420,307,true],"mantranews-featured-long":["https:\/\/blogopara.com.br\/wp-content\/uploads\/2023\/01\/BOLSONCELULAR-300x443.webp",300,443,true],"mantranews-block-medium":["https:\/\/blogopara.com.br\/wp-content\/uploads\/2023\/01\/BOLSONCELULAR-464x290.webp",464,290,true],"mantranews-carousel-image":["https:\/\/blogopara.com.br\/wp-content\/uploads\/2023\/01\/BOLSONCELULAR-600x500.webp",600,500,true],"mantranews-block-thumb":["https:\/\/blogopara.com.br\/wp-content\/uploads\/2023\/01\/BOLSONCELULAR-322x230.webp",322,230,true],"mantranews-single-large":["https:\/\/blogopara.com.br\/wp-content\/uploads\/2023\/01\/BOLSONCELULAR-e1673747623895.webp",500,333,false]},"uagb_author_info":{"display_name":"Reda\u00e7\u00e3o geral","author_link":"https:\/\/blogopara.com.br\/index.php\/author\/blogopara"},"uagb_comment_info":0,"uagb_excerpt":"O presidente do Tribunal Superior Eleitoral (TSE), ministro Alexandre de Moraes, suspendeu o julgamento do ex-presidente Jair Bolsonaro (PL). A an\u00e1lise ser\u00e1 retomada na pr\u00f3xima ter\u00e7a-feira (27). No primeiro dia de julgamento, o relator, o ministro Benedito Gon\u00e7alves apresentou o relat\u00f3rio de 43 p\u00e1ginas sobre a a\u00e7\u00e3o. A suspens\u00e3o ocorreu ap\u00f3s a apresenta\u00e7\u00e3o do parecer&hellip;","jetpack_sharing_enabled":true,"jetpack_likes_enabled":true,"_links":{"self":[{"href":"https:\/\/blogopara.com.br\/index.php\/wp-json\/wp\/v2\/posts\/54180","targetHints":{"allow":["GET"]}}],"collection":[{"href":"https:\/\/blogopara.com.br\/index.php\/wp-json\/wp\/v2\/posts"}],"about":[{"href":"https:\/\/blogopara.com.br\/index.php\/wp-json\/wp\/v2\/types\/post"}],"author":[{"embeddable":true,"href":"https:\/\/blogopara.com.br\/index.php\/wp-json\/wp\/v2\/users\/1"}],"replies":[{"embeddable":true,"href":"https:\/\/blogopara.com.br\/index.php\/wp-json\/wp\/v2\/comments?post=54180"}],"version-history":[{"count":1,"href":"https:\/\/blogopara.com.br\/index.php\/wp-json\/wp\/v2\/posts\/54180\/revisions"}],"predecessor-version":[{"id":54181,"href":"https:\/\/blogopara.com.br\/index.php\/wp-json\/wp\/v2\/posts\/54180\/revisions\/54181"}],"wp:featuredmedia":[{"embeddable":true,"href":"https:\/\/blogopara.com.br\/index.php\/wp-json\/wp\/v2\/media\/48597"}],"wp:attachment":[{"href":"https:\/\/blogopara.com.br\/index.php\/wp-json\/wp\/v2\/media?parent=54180"}],"wp:term":[{"taxonomy":"category","embeddable":true,"href":"https:\/\/blogopara.com.br\/index.php\/wp-json\/wp\/v2\/categories?post=54180"},{"taxonomy":"post_tag","embeddable":true,"href":"https:\/\/blogopara.com.br\/index.php\/wp-json\/wp\/v2\/tags?post=54180"}],"curies":[{"name":"wp","href":"https:\/\/api.w.org\/{rel}","templated":true}]}}