{"id":54236,"date":"2023-06-28T06:59:00","date_gmt":"2023-06-28T09:59:00","guid":{"rendered":"https:\/\/blogopara.com.br\/?p=54236"},"modified":"2023-06-27T18:03:44","modified_gmt":"2023-06-27T21:03:44","slug":"gestao-suzana-ramos-sanciona-lei-que-garante-feriado-escolar-do-dia-do-professor","status":"publish","type":"post","link":"https:\/\/blogopara.com.br\/index.php\/2023\/06\/28\/gestao-suzana-ramos-sanciona-lei-que-garante-feriado-escolar-do-dia-do-professor","title":{"rendered":"Gest\u00e3o Suzana Ramos sanciona lei que garante feriado escolar do Dia do Professor"},"content":{"rendered":"<p class=\"x_MsoNormal\" style=\"text-align: justify;\">A gest\u00e3o Suzana Ramos, atrav\u00e9s da Secretaria de Educa\u00e7\u00e3o e Juventude (Seduc), continua garantindo uma s\u00e9rie de benef\u00edcios para os professores da Rede Municipal de Educa\u00e7\u00e3o. Uma dessas a\u00e7\u00f5es \u00e9 o cumprimento da promessa feita na Jornada Pedag\u00f3gica 2023, a oficializa\u00e7\u00e3o do feriado escolar do Dia do Professor.<\/p>\n<p class=\"x_MsoNormal\" style=\"text-align: justify;\">O Projeto de Lei, elaborado pelo executivo municipal e sancionado em 22 de junho, institui no Calend\u00e1rio Oficial de Eventos do Munic\u00edpio o \u2018Dia do Professor\u2019, a ser celebrado como data comemorativa e feriado escolar em 15 de outubro. A medida permite que, quando a data coincidir com o final de semana, o gozo da folga aconte\u00e7a em um dia \u00fatil, antes ou ap\u00f3s o feriado oficial.<\/p>\n<p class=\"x_MsoNormal\" style=\"text-align: justify;\">A prefeita Suzana Ramos falou sobre o projeto e o compromisso da sua gest\u00e3o com a educa\u00e7\u00e3o. \u201cA Educa\u00e7\u00e3o \u00e9 uma das prioridades da minha gest\u00e3o e n\u00f3s estamos trabalhando para valorizar cada vez mais os profissionais da educa\u00e7\u00e3o e oferecer melhores condi\u00e7\u00f5es para o aprendizado dos estudantes, seja com a valoriza\u00e7\u00e3o financeira dos professores, com requalifica\u00e7\u00e3o da infraestrutura escolar ou a inova\u00e7\u00e3o das ferramentas pedag\u00f3gicas\u201d, frisou a prefeita.<\/p>\n<p class=\"x_MsoNormal\" style=\"text-align: justify;\"><b>Valoriza\u00e7\u00e3o do Professor<\/b><\/p>\n<p class=\"x_MsoNormal\" style=\"text-align: justify;\">No primeiro semestre deste ano a Prefeitura de Juazeiro j\u00e1 garantiu uma s\u00e9rie de benef\u00edcios aos profissionais da educa\u00e7\u00e3o, \u201cA prefeita Suzana Ramos vem cumprindo com todos os compromissos assumidos junto aos professores da nossa rede e ampliando os benef\u00edcios para a categoria, a exemplo da retomada de 14\u00ba de reg\u00eancia para os professores em sala de aula e o reajuste de salarial de 15% para o ano de 2023\u201d, declarou o secret\u00e1rio de Educa\u00e7\u00e3o e Juventude, Wank Medrado.<\/p>\n","protected":false},"excerpt":{"rendered":"<p>A gest\u00e3o Suzana Ramos, atrav\u00e9s da Secretaria de Educa\u00e7\u00e3o e Juventude (Seduc), continua garantindo uma s\u00e9rie de benef\u00edcios para os professores da Rede Municipal de Educa\u00e7\u00e3o. Uma dessas a\u00e7\u00f5es \u00e9 o cumprimento da promessa feita na Jornada Pedag\u00f3gica 2023, a oficializa\u00e7\u00e3o do feriado escolar do Dia do Professor. O Projeto de Lei, elaborado pelo executivo [&hellip;]<\/p>\n","protected":false},"author":1,"featured_media":54237,"comment_status":"closed","ping_status":"open","sticky":false,"template":"","format":"standard","meta":{"_uag_custom_page_level_css":"","_monsterinsights_skip_tracking":false,"_monsterinsights_sitenote_active":false,"_monsterinsights_sitenote_note":"","_monsterinsights_sitenote_category":0,"jetpack_post_was_ever_published":false,"_jetpack_newsletter_access":"","_jetpack_dont_email_post_to_subs":false,"_jetpack_newsletter_tier_id":0,"_jetpack_memberships_contains_paywalled_content":false,"_jetpack_memberships_contains_paid_content":false,"footnotes":"","jetpack_publicize_message":"","jetpack_publicize_feature_enabled":true,"jetpack_social_post_already_shared":true,"jetpack_social_options":{"image_generator_settings":{"template":"highway","default_image_id":0,"font":"","enabled":false},"version":2}},"categories":[209],"tags":[],"class_list":["post-54236","post","type-post","status-publish","format-standard","has-post-thumbnail","hentry","category-educacao"],"jetpack_publicize_connections":[],"jetpack_featured_media_url":"https:\/\/blogopara.com.br\/wp-content\/uploads\/2023\/06\/thumbnail_DIA-DO-PROFESSOR-2.jpg","uagb_featured_image_src":{"full":["https:\/\/blogopara.com.br\/wp-content\/uploads\/2023\/06\/thumbnail_DIA-DO-PROFESSOR-2.jpg",500,333,false],"thumbnail":["https:\/\/blogopara.com.br\/wp-content\/uploads\/2023\/06\/thumbnail_DIA-DO-PROFESSOR-2-150x150.jpg",150,150,true],"medium":["https:\/\/blogopara.com.br\/wp-content\/uploads\/2023\/06\/thumbnail_DIA-DO-PROFESSOR-2-300x200.jpg",300,200,true],"medium_large":["https:\/\/blogopara.com.br\/wp-content\/uploads\/2023\/06\/thumbnail_DIA-DO-PROFESSOR-2.jpg",500,333,false],"large":["https:\/\/blogopara.com.br\/wp-content\/uploads\/2023\/06\/thumbnail_DIA-DO-PROFESSOR-2.jpg",500,333,false],"1536x1536":["https:\/\/blogopara.com.br\/wp-content\/uploads\/2023\/06\/thumbnail_DIA-DO-PROFESSOR-2.jpg",500,333,false],"2048x2048":["https:\/\/blogopara.com.br\/wp-content\/uploads\/2023\/06\/thumbnail_DIA-DO-PROFESSOR-2.jpg",500,333,false],"mantranews-slider-large":["https:\/\/blogopara.com.br\/wp-content\/uploads\/2023\/06\/thumbnail_DIA-DO-PROFESSOR-2.jpg",500,333,false],"mantranews-featured-medium":["https:\/\/blogopara.com.br\/wp-content\/uploads\/2023\/06\/thumbnail_DIA-DO-PROFESSOR-2-420x307.jpg",420,307,true],"mantranews-featured-long":["https:\/\/blogopara.com.br\/wp-content\/uploads\/2023\/06\/thumbnail_DIA-DO-PROFESSOR-2-300x333.jpg",300,333,true],"mantranews-block-medium":["https:\/\/blogopara.com.br\/wp-content\/uploads\/2023\/06\/thumbnail_DIA-DO-PROFESSOR-2-464x290.jpg",464,290,true],"mantranews-carousel-image":["https:\/\/blogopara.com.br\/wp-content\/uploads\/2023\/06\/thumbnail_DIA-DO-PROFESSOR-2.jpg",500,333,false],"mantranews-block-thumb":["https:\/\/blogopara.com.br\/wp-content\/uploads\/2023\/06\/thumbnail_DIA-DO-PROFESSOR-2-322x230.jpg",322,230,true],"mantranews-single-large":["https:\/\/blogopara.com.br\/wp-content\/uploads\/2023\/06\/thumbnail_DIA-DO-PROFESSOR-2.jpg",500,333,false]},"uagb_author_info":{"display_name":"Reda\u00e7\u00e3o geral","author_link":"https:\/\/blogopara.com.br\/index.php\/author\/blogopara"},"uagb_comment_info":0,"uagb_excerpt":"A gest\u00e3o Suzana Ramos, atrav\u00e9s da Secretaria de Educa\u00e7\u00e3o e Juventude (Seduc), continua garantindo uma s\u00e9rie de benef\u00edcios para os professores da Rede Municipal de Educa\u00e7\u00e3o. Uma dessas a\u00e7\u00f5es \u00e9 o cumprimento da promessa feita na Jornada Pedag\u00f3gica 2023, a oficializa\u00e7\u00e3o do feriado escolar do Dia do Professor. O Projeto de Lei, elaborado pelo executivo&hellip;","jetpack_sharing_enabled":true,"jetpack_likes_enabled":true,"_links":{"self":[{"href":"https:\/\/blogopara.com.br\/index.php\/wp-json\/wp\/v2\/posts\/54236","targetHints":{"allow":["GET"]}}],"collection":[{"href":"https:\/\/blogopara.com.br\/index.php\/wp-json\/wp\/v2\/posts"}],"about":[{"href":"https:\/\/blogopara.com.br\/index.php\/wp-json\/wp\/v2\/types\/post"}],"author":[{"embeddable":true,"href":"https:\/\/blogopara.com.br\/index.php\/wp-json\/wp\/v2\/users\/1"}],"replies":[{"embeddable":true,"href":"https:\/\/blogopara.com.br\/index.php\/wp-json\/wp\/v2\/comments?post=54236"}],"version-history":[{"count":1,"href":"https:\/\/blogopara.com.br\/index.php\/wp-json\/wp\/v2\/posts\/54236\/revisions"}],"predecessor-version":[{"id":54238,"href":"https:\/\/blogopara.com.br\/index.php\/wp-json\/wp\/v2\/posts\/54236\/revisions\/54238"}],"wp:featuredmedia":[{"embeddable":true,"href":"https:\/\/blogopara.com.br\/index.php\/wp-json\/wp\/v2\/media\/54237"}],"wp:attachment":[{"href":"https:\/\/blogopara.com.br\/index.php\/wp-json\/wp\/v2\/media?parent=54236"}],"wp:term":[{"taxonomy":"category","embeddable":true,"href":"https:\/\/blogopara.com.br\/index.php\/wp-json\/wp\/v2\/categories?post=54236"},{"taxonomy":"post_tag","embeddable":true,"href":"https:\/\/blogopara.com.br\/index.php\/wp-json\/wp\/v2\/tags?post=54236"}],"curies":[{"name":"wp","href":"https:\/\/api.w.org\/{rel}","templated":true}]}}