{"id":54246,"date":"2023-06-27T19:40:00","date_gmt":"2023-06-27T22:40:00","guid":{"rendered":"https:\/\/blogopara.com.br\/?p=54246"},"modified":"2023-06-27T19:38:27","modified_gmt":"2023-06-27T22:38:27","slug":"otimizacao-da-seguranca-no-mercado-do-produtor-de-juazeiro-e-tema-de-reuniao","status":"publish","type":"post","link":"https:\/\/blogopara.com.br\/index.php\/2023\/06\/27\/otimizacao-da-seguranca-no-mercado-do-produtor-de-juazeiro-e-tema-de-reuniao","title":{"rendered":"Otimiza\u00e7\u00e3o da seguran\u00e7a no Mercado do Produtor de Juazeiro \u00e9 tema de reuni\u00e3o"},"content":{"rendered":"<p class=\"x_MsoNormal\" style=\"text-align: justify;\">Nesta ter\u00e7a-feira (27), a diretoria da Autarquia Municipal de Abastecimento (AMA) de Juazeiro se reuniu com o setor de ornamento do Mercado do produtor para discutir melhorias nas medidas de seguran\u00e7a interna do entreposto. Na pauta, a busca por alternativas em prol da otimiza\u00e7\u00e3o da ordem e seguran\u00e7a dos usu\u00e1rios que trabalham e frequentam o Mercado do Produtor. Representantes do setor de limpeza e manuten\u00e7\u00e3o tamb\u00e9m participaram da reuni\u00e3o.<\/p>\n<p class=\"x_MsoNormal\" style=\"text-align: justify;\">\u201cA reuni\u00e3o foi proveitosa e estamos atentos e trabalhando no planejamento de seguran\u00e7a da Ceasa. Vamos refor\u00e7ar a nossa equipe de ordenamento para melhorar o tr\u00e2nsito de ve\u00edculos no interior do mercado e tamb\u00e9m vamos melhorar a equipe da limpeza\u201d, disse o diretor da AMA, Britoaldo Bessa.<\/p>\n<p class=\"x_MsoNormal\" style=\"text-align: justify;\">Temas como: refor\u00e7o na parceria entre o Mercado, Pol\u00edcia Militar e a Guarda Civil Municipal (GCM), como tentativa de inibir atos criminosos e tamb\u00e9m o planejamento de a\u00e7\u00f5es a curto, m\u00e9dio e longo prazos; al\u00e9m de medidas paliativas que ofere\u00e7am mais tranquilidade ao p\u00fablico que frequenta o Mercado do Produtor de Juazeiro, foram pontuados na reuni\u00e3o.<\/p>\n<p class=\"x_MsoNormal\" style=\"text-align: justify;\"><b>Seguran\u00e7a<\/b><\/p>\n<p class=\"x_MsoNormal\" style=\"text-align: justify;\">O Mercado do Produtor de Juazeiro conta com um sistema de videomonitoramento, que foi implantado para auxiliar nos procedimentos de seguran\u00e7a e dar suporte na resolu\u00e7\u00e3o de ocorr\u00eancias, o que tem ajudado a solucionar diversas quest\u00f5es. Ao todo, o Ceasa tem 52 c\u00e2meras destinadas \u00e0 seguran\u00e7a, sendo 4 de reconhecimento facial e duas c\u00e2meras 360\u00ba, al\u00e9m de possuir postos da Pol\u00edcia Militar e da GCM.<\/p>\n","protected":false},"excerpt":{"rendered":"<p>Nesta ter\u00e7a-feira (27), a diretoria da Autarquia Municipal de Abastecimento (AMA) de Juazeiro se reuniu com o setor de ornamento do Mercado do produtor para discutir melhorias nas medidas de seguran\u00e7a interna do entreposto. Na pauta, a busca por alternativas em prol da otimiza\u00e7\u00e3o da ordem e seguran\u00e7a dos usu\u00e1rios que trabalham e frequentam o [&hellip;]<\/p>\n","protected":false},"author":1,"featured_media":54247,"comment_status":"closed","ping_status":"open","sticky":false,"template":"","format":"standard","meta":{"_uag_custom_page_level_css":"","_monsterinsights_skip_tracking":false,"_monsterinsights_sitenote_active":false,"_monsterinsights_sitenote_note":"","_monsterinsights_sitenote_category":0,"jetpack_post_was_ever_published":false,"_jetpack_newsletter_access":"","_jetpack_dont_email_post_to_subs":false,"_jetpack_newsletter_tier_id":0,"_jetpack_memberships_contains_paywalled_content":false,"_jetpack_memberships_contains_paid_content":false,"footnotes":"","jetpack_publicize_message":"","jetpack_publicize_feature_enabled":true,"jetpack_social_post_already_shared":true,"jetpack_social_options":{"image_generator_settings":{"template":"highway","default_image_id":0,"font":"","enabled":false},"version":2}},"categories":[1623],"tags":[],"class_list":["post-54246","post","type-post","status-publish","format-standard","has-post-thumbnail","hentry","category-seguranca-publica"],"jetpack_publicize_connections":[],"jetpack_featured_media_url":"https:\/\/blogopara.com.br\/wp-content\/uploads\/2023\/06\/REUNIAO3.jpg","uagb_featured_image_src":{"full":["https:\/\/blogopara.com.br\/wp-content\/uploads\/2023\/06\/REUNIAO3.jpg",500,375,false],"thumbnail":["https:\/\/blogopara.com.br\/wp-content\/uploads\/2023\/06\/REUNIAO3-150x150.jpg",150,150,true],"medium":["https:\/\/blogopara.com.br\/wp-content\/uploads\/2023\/06\/REUNIAO3-300x225.jpg",300,225,true],"medium_large":["https:\/\/blogopara.com.br\/wp-content\/uploads\/2023\/06\/REUNIAO3.jpg",500,375,false],"large":["https:\/\/blogopara.com.br\/wp-content\/uploads\/2023\/06\/REUNIAO3.jpg",500,375,false],"1536x1536":["https:\/\/blogopara.com.br\/wp-content\/uploads\/2023\/06\/REUNIAO3.jpg",500,375,false],"2048x2048":["https:\/\/blogopara.com.br\/wp-content\/uploads\/2023\/06\/REUNIAO3.jpg",500,375,false],"mantranews-slider-large":["https:\/\/blogopara.com.br\/wp-content\/uploads\/2023\/06\/REUNIAO3.jpg",500,375,false],"mantranews-featured-medium":["https:\/\/blogopara.com.br\/wp-content\/uploads\/2023\/06\/REUNIAO3-420x307.jpg",420,307,true],"mantranews-featured-long":["https:\/\/blogopara.com.br\/wp-content\/uploads\/2023\/06\/REUNIAO3-300x375.jpg",300,375,true],"mantranews-block-medium":["https:\/\/blogopara.com.br\/wp-content\/uploads\/2023\/06\/REUNIAO3-464x290.jpg",464,290,true],"mantranews-carousel-image":["https:\/\/blogopara.com.br\/wp-content\/uploads\/2023\/06\/REUNIAO3.jpg",500,375,false],"mantranews-block-thumb":["https:\/\/blogopara.com.br\/wp-content\/uploads\/2023\/06\/REUNIAO3-322x230.jpg",322,230,true],"mantranews-single-large":["https:\/\/blogopara.com.br\/wp-content\/uploads\/2023\/06\/REUNIAO3.jpg",500,375,false]},"uagb_author_info":{"display_name":"Reda\u00e7\u00e3o geral","author_link":"https:\/\/blogopara.com.br\/index.php\/author\/blogopara"},"uagb_comment_info":0,"uagb_excerpt":"Nesta ter\u00e7a-feira (27), a diretoria da Autarquia Municipal de Abastecimento (AMA) de Juazeiro se reuniu com o setor de ornamento do Mercado do produtor para discutir melhorias nas medidas de seguran\u00e7a interna do entreposto. Na pauta, a busca por alternativas em prol da otimiza\u00e7\u00e3o da ordem e seguran\u00e7a dos usu\u00e1rios que trabalham e frequentam o&hellip;","jetpack_sharing_enabled":true,"jetpack_likes_enabled":true,"_links":{"self":[{"href":"https:\/\/blogopara.com.br\/index.php\/wp-json\/wp\/v2\/posts\/54246","targetHints":{"allow":["GET"]}}],"collection":[{"href":"https:\/\/blogopara.com.br\/index.php\/wp-json\/wp\/v2\/posts"}],"about":[{"href":"https:\/\/blogopara.com.br\/index.php\/wp-json\/wp\/v2\/types\/post"}],"author":[{"embeddable":true,"href":"https:\/\/blogopara.com.br\/index.php\/wp-json\/wp\/v2\/users\/1"}],"replies":[{"embeddable":true,"href":"https:\/\/blogopara.com.br\/index.php\/wp-json\/wp\/v2\/comments?post=54246"}],"version-history":[{"count":1,"href":"https:\/\/blogopara.com.br\/index.php\/wp-json\/wp\/v2\/posts\/54246\/revisions"}],"predecessor-version":[{"id":54248,"href":"https:\/\/blogopara.com.br\/index.php\/wp-json\/wp\/v2\/posts\/54246\/revisions\/54248"}],"wp:featuredmedia":[{"embeddable":true,"href":"https:\/\/blogopara.com.br\/index.php\/wp-json\/wp\/v2\/media\/54247"}],"wp:attachment":[{"href":"https:\/\/blogopara.com.br\/index.php\/wp-json\/wp\/v2\/media?parent=54246"}],"wp:term":[{"taxonomy":"category","embeddable":true,"href":"https:\/\/blogopara.com.br\/index.php\/wp-json\/wp\/v2\/categories?post=54246"},{"taxonomy":"post_tag","embeddable":true,"href":"https:\/\/blogopara.com.br\/index.php\/wp-json\/wp\/v2\/tags?post=54246"}],"curies":[{"name":"wp","href":"https:\/\/api.w.org\/{rel}","templated":true}]}}