{"id":54319,"date":"2023-06-28T15:56:30","date_gmt":"2023-06-28T18:56:30","guid":{"rendered":"https:\/\/blogopara.com.br\/?p=54319"},"modified":"2023-06-28T15:56:31","modified_gmt":"2023-06-28T18:56:31","slug":"o-ex-prefeito-isaac-carvalho-continua-inelegivel-conforme-decisao-do-stj","status":"publish","type":"post","link":"https:\/\/blogopara.com.br\/index.php\/2023\/06\/28\/o-ex-prefeito-isaac-carvalho-continua-inelegivel-conforme-decisao-do-stj","title":{"rendered":"O ex-prefeito Isaac Carvalho continua ineleg\u00edvel, conforme decis\u00e3o do STJ"},"content":{"rendered":"<p style=\"text-align: justify;\">Decis\u00e3o do Superior Tribunal de Justi\u00e7a, publicada nesta segunda-feira (26), sob relatoria do Ministro Benedito Gon\u00e7alves, negou \u00e0 defesa do Ex-prefeito de Juazeiro, Isaac Carvalho, um pedido de extens\u00e3o de prazos para recursos em processo de improbidade administrativa que segue em curso na justi\u00e7a.<\/p>\n<p style=\"text-align: justify;\">A defesa do ex-prefeito, a cargo dos advogados Luiz Ant\u00f4nio da Costa e Lucas de Ara\u00fajo Coelho, havia interposto recurso pedindo provimento de novos prazos para recursos no STJ em fun\u00e7\u00e3o da pandemia.<\/p>\n<p style=\"text-align: justify;\">O relator do caso no STJ, Ministro Benedito Gon\u00e7alves, no seu voto, negou provimento e manteve a decis\u00e3o em curso no processo: \u201c<em>observa-se que a presente insurg\u00eancia n\u00e3o merece prosperar, tendo em vista que dos argumentos apresentados no agravo interno n\u00e3o se vislumbram raz\u00f5es para reformar a decis\u00e3o agravada<\/em>\u201d, escreveu.<\/p>\n<p style=\"text-align: justify;\">No relat\u00f3rio o Ministro destaca que os prazos para recursos na quest\u00e3o legada n\u00e3o foram cumpridos: \u201c<em>\u00c9 de rigor, portanto, em se tratando de suspens\u00e3o do prazo processual no \u00e2mbito local, que haja sua comprova\u00e7\u00e3o no momento da interposi\u00e7\u00e3o do recurso, o que n\u00e3o ocorreu, na esp\u00e9cie, sendo impossibilitada a sua eventual comprova\u00e7\u00e3o posterior. De fato, infere-se dos autos que no momento da interposi\u00e7\u00e3o do agravo em recurso especial, a parte n\u00e3o juntou documenta\u00e7\u00e3o id\u00f4nea \u00e0 comprova\u00e7\u00e3o da alegada suspens\u00e3o de prazos no \u00e2mbito local, somente o fazendo na presente via recursal<\/em>\u201d, pontuou.<\/p>\n<p style=\"text-align: justify;\">Na decis\u00e3o de voto contr\u00e1rio ao pedido da defesa, que foi acompanhada pelos demais ministros, S\u00e9rgio Kukina; Regina Helena Costa; Gurgel de Faria e Paulo S\u00e9rgio Domingues; o Ministro relator, Benedito Gon\u00e7alves, decidiu: \u201c<em>considerando que a parte agravante foi intimada da decis\u00e3o de inadmiss\u00e3o do recurso especial em 14\/04\/2021, revela-se manifestamente intempestivo o agravo em recurso especial interposto em 10\/05\/2021. Ante o exposto, nego provimento ao agravo interno. \u00c9 como voto<\/em>\u201d.<\/p>\n<p>Fonte de informa\u00e7\u00f5es:<\/p>\n","protected":false},"excerpt":{"rendered":"<p>Decis\u00e3o do Superior Tribunal de Justi\u00e7a, publicada nesta segunda-feira (26), sob relatoria do Ministro Benedito Gon\u00e7alves, negou \u00e0 defesa do Ex-prefeito de Juazeiro, Isaac Carvalho, um pedido de extens\u00e3o de prazos para recursos em processo de improbidade administrativa que segue em curso na justi\u00e7a. A defesa do ex-prefeito, a cargo dos advogados Luiz Ant\u00f4nio da [&hellip;]<\/p>\n","protected":false},"author":1,"featured_media":40763,"comment_status":"closed","ping_status":"open","sticky":false,"template":"","format":"standard","meta":{"_uag_custom_page_level_css":"","_monsterinsights_skip_tracking":false,"_monsterinsights_sitenote_active":false,"_monsterinsights_sitenote_note":"","_monsterinsights_sitenote_category":0,"jetpack_post_was_ever_published":false,"_jetpack_newsletter_access":"","_jetpack_dont_email_post_to_subs":false,"_jetpack_newsletter_tier_id":0,"_jetpack_memberships_contains_paywalled_content":false,"_jetpack_memberships_contains_paid_content":false,"footnotes":"","jetpack_publicize_message":"","jetpack_publicize_feature_enabled":true,"jetpack_social_post_already_shared":true,"jetpack_social_options":{"image_generator_settings":{"template":"highway","default_image_id":0,"font":"","enabled":false},"version":2}},"categories":[203,197],"tags":[],"class_list":["post-54319","post","type-post","status-publish","format-standard","has-post-thumbnail","hentry","category-juazeiro","category-politica"],"jetpack_publicize_connections":[],"jetpack_featured_media_url":"https:\/\/blogopara.com.br\/wp-content\/uploads\/2022\/08\/isaac-carvalho-dedo-1-620x428-1.jpg","uagb_featured_image_src":{"full":["https:\/\/blogopara.com.br\/wp-content\/uploads\/2022\/08\/isaac-carvalho-dedo-1-620x428-1.jpg",500,345,false],"thumbnail":["https:\/\/blogopara.com.br\/wp-content\/uploads\/2022\/08\/isaac-carvalho-dedo-1-620x428-1-150x150.jpg",150,150,true],"medium":["https:\/\/blogopara.com.br\/wp-content\/uploads\/2022\/08\/isaac-carvalho-dedo-1-620x428-1-300x207.jpg",300,207,true],"medium_large":["https:\/\/blogopara.com.br\/wp-content\/uploads\/2022\/08\/isaac-carvalho-dedo-1-620x428-1.jpg",500,345,false],"large":["https:\/\/blogopara.com.br\/wp-content\/uploads\/2022\/08\/isaac-carvalho-dedo-1-620x428-1.jpg",500,345,false],"1536x1536":["https:\/\/blogopara.com.br\/wp-content\/uploads\/2022\/08\/isaac-carvalho-dedo-1-620x428-1.jpg",500,345,false],"2048x2048":["https:\/\/blogopara.com.br\/wp-content\/uploads\/2022\/08\/isaac-carvalho-dedo-1-620x428-1.jpg",500,345,false],"mantranews-slider-large":["https:\/\/blogopara.com.br\/wp-content\/uploads\/2022\/08\/isaac-carvalho-dedo-1-620x428-1.jpg",500,345,false],"mantranews-featured-medium":["https:\/\/blogopara.com.br\/wp-content\/uploads\/2022\/08\/isaac-carvalho-dedo-1-620x428-1-420x307.jpg",420,307,true],"mantranews-featured-long":["https:\/\/blogopara.com.br\/wp-content\/uploads\/2022\/08\/isaac-carvalho-dedo-1-620x428-1-300x345.jpg",300,345,true],"mantranews-block-medium":["https:\/\/blogopara.com.br\/wp-content\/uploads\/2022\/08\/isaac-carvalho-dedo-1-620x428-1-464x290.jpg",464,290,true],"mantranews-carousel-image":["https:\/\/blogopara.com.br\/wp-content\/uploads\/2022\/08\/isaac-carvalho-dedo-1-620x428-1.jpg",500,345,false],"mantranews-block-thumb":["https:\/\/blogopara.com.br\/wp-content\/uploads\/2022\/08\/isaac-carvalho-dedo-1-620x428-1-322x230.jpg",322,230,true],"mantranews-single-large":["https:\/\/blogopara.com.br\/wp-content\/uploads\/2022\/08\/isaac-carvalho-dedo-1-620x428-1.jpg",500,345,false]},"uagb_author_info":{"display_name":"Reda\u00e7\u00e3o geral","author_link":"https:\/\/blogopara.com.br\/index.php\/author\/blogopara"},"uagb_comment_info":0,"uagb_excerpt":"Decis\u00e3o do Superior Tribunal de Justi\u00e7a, publicada nesta segunda-feira (26), sob relatoria do Ministro Benedito Gon\u00e7alves, negou \u00e0 defesa do Ex-prefeito de Juazeiro, Isaac Carvalho, um pedido de extens\u00e3o de prazos para recursos em processo de improbidade administrativa que segue em curso na justi\u00e7a. A defesa do ex-prefeito, a cargo dos advogados Luiz Ant\u00f4nio da&hellip;","jetpack_sharing_enabled":true,"jetpack_likes_enabled":true,"_links":{"self":[{"href":"https:\/\/blogopara.com.br\/index.php\/wp-json\/wp\/v2\/posts\/54319","targetHints":{"allow":["GET"]}}],"collection":[{"href":"https:\/\/blogopara.com.br\/index.php\/wp-json\/wp\/v2\/posts"}],"about":[{"href":"https:\/\/blogopara.com.br\/index.php\/wp-json\/wp\/v2\/types\/post"}],"author":[{"embeddable":true,"href":"https:\/\/blogopara.com.br\/index.php\/wp-json\/wp\/v2\/users\/1"}],"replies":[{"embeddable":true,"href":"https:\/\/blogopara.com.br\/index.php\/wp-json\/wp\/v2\/comments?post=54319"}],"version-history":[{"count":1,"href":"https:\/\/blogopara.com.br\/index.php\/wp-json\/wp\/v2\/posts\/54319\/revisions"}],"predecessor-version":[{"id":54320,"href":"https:\/\/blogopara.com.br\/index.php\/wp-json\/wp\/v2\/posts\/54319\/revisions\/54320"}],"wp:featuredmedia":[{"embeddable":true,"href":"https:\/\/blogopara.com.br\/index.php\/wp-json\/wp\/v2\/media\/40763"}],"wp:attachment":[{"href":"https:\/\/blogopara.com.br\/index.php\/wp-json\/wp\/v2\/media?parent=54319"}],"wp:term":[{"taxonomy":"category","embeddable":true,"href":"https:\/\/blogopara.com.br\/index.php\/wp-json\/wp\/v2\/categories?post=54319"},{"taxonomy":"post_tag","embeddable":true,"href":"https:\/\/blogopara.com.br\/index.php\/wp-json\/wp\/v2\/tags?post=54319"}],"curies":[{"name":"wp","href":"https:\/\/api.w.org\/{rel}","templated":true}]}}