{"id":54365,"date":"2023-06-30T16:40:00","date_gmt":"2023-06-30T19:40:00","guid":{"rendered":"https:\/\/blogopara.com.br\/?p=54365"},"modified":"2023-06-29T16:14:41","modified_gmt":"2023-06-29T19:14:41","slug":"parceria-entre-prefeitura-de-juazeiro-e-ero-brasil-caraiba-foi-tema-de-reuniao-no-paco-municipal","status":"publish","type":"post","link":"https:\/\/blogopara.com.br\/index.php\/2023\/06\/30\/parceria-entre-prefeitura-de-juazeiro-e-ero-brasil-caraiba-foi-tema-de-reuniao-no-paco-municipal","title":{"rendered":"Parceria entre Prefeitura de Juazeiro e Ero Brasil Cara\u00edba foi tema de reuni\u00e3o no Pa\u00e7o Municipal"},"content":{"rendered":"<p style=\"text-align: justify;\">A prefeita Suzana Ramos recebeu na tarde desta quarta-feira (28) em seu gabinete, representantes da mineradora Ero Brasil Cara\u00edba (antiga Minera\u00e7\u00e3o Cara\u00edba), vereadores, lideran\u00e7as comunit\u00e1rias e integrantes da sua equipe de governo, para dialogar sobre a amplia\u00e7\u00e3o das a\u00e7\u00f5es da parceria p\u00fablico-privada entre a Prefeitura de Juazeiro e a empresa, no interior.<br aria-hidden=\"true\" \/><br aria-hidden=\"true\" \/>A Prefeita Suzana Ramos saiu animada do encontro. \u201cFoi uma reuni\u00e3o importante, a mineradora \u00e9 uma grande parceira nossa, estamos buscando ampliar essa parceria, pois \u00e9 nosso dever buscar cada vez mais apoios uma vez que a prefeitura sozinha n\u00e3o consegue atender todas as demandas do munic\u00edpio, a Cara\u00edba tem sido uma parceira constante e isso tem rendido benef\u00edcios \u00e0s comunidades do interior\u201d, destacou Suzana.<br aria-hidden=\"true\" \/><br aria-hidden=\"true\" \/>Pautas da reuni\u00e3o<br aria-hidden=\"true\" \/>Demandas como \u00e1gua, ambul\u00e2ncias e manuten\u00e7\u00e3o das estradas vicinais, entre outras, foram levantadas na reuni\u00e3o. N\u00e3o \u00e9 o primeiro encontro para tratar do assunto, desta vez o debate foi ampliado com a participa\u00e7\u00e3o de representantes da C\u00e2mara Municipal e mais lideran\u00e7as regionais. Para o presidente da Caev, Leandro Costa, a reuni\u00e3o foi proveitosa. \u201cN\u00f3s precisamos dar continuidade a essas discuss\u00f5es, temos alguns compromissos j\u00e1 firmados com a Cara\u00edba e nosso objetivo \u00e9 que com essas interven\u00e7\u00f5es n\u00f3s possamos melhorar a qualidade de vida das comunidades na regi\u00e3o de Itamotinga\u201d, afirmou. \u00a0<br aria-hidden=\"true\" \/><br aria-hidden=\"true\" \/>O secret\u00e1rio da Adeap, Carlos Neiva, acredita que a parceria com a Ero Brasil deve ser cada vez mais fortalecida. \u201c\u00c9 ineg\u00e1vel o papel relevante da mineradora nas vidas das comunidades rurais. Historicamente, com esse trabalho, a Cara\u00edba tem ajudado o munic\u00edpio a resolver quest\u00f5es essenciais para a vida, a produ\u00e7\u00e3o e ao bem-estar da popula\u00e7\u00e3o\u201d, avaliou Neiva.<br aria-hidden=\"true\" \/><br aria-hidden=\"true\" \/>A Ero Brasil Cara\u00edba<br aria-hidden=\"true\" \/>Atende, atrav\u00e9s da sua contrapartida social, os distritos de Ab\u00f3bora, Pinh\u00f5es, Itamotinga e Juremal. Para o gerente de sustentabilidade da mineradora, Andr\u00e9 Germani, esses encontros s\u00e3o necess\u00e1rios para uma maior aproxima\u00e7\u00e3o entre empresa, munic\u00edpio e comunidades atendidas. \u201cAcho que foi um momento de di\u00e1logo onde o munic\u00edpio e as comunidades trouxeram suas demandas e a empresa relatou todos os esfor\u00e7os realizados, porque se a gente n\u00e3o informa as pessoas n\u00e3o ficam sabendo, ent\u00e3o, de vez em quando, a gente tem que sentar na mesa, cada um trazer as suas preocupa\u00e7\u00f5es, para buscar uma solu\u00e7\u00e3o conjunta\u201d, afirmou.<br aria-hidden=\"true\" \/><br aria-hidden=\"true\" \/>Participa\u00e7\u00e3o<br aria-hidden=\"true\" \/>Participaram da reuni\u00e3o os vereadores H\u00edtalo Marcelino, Amadeus e Neguinha da Santa Casa, o secret\u00e1rio da Ag\u00eancia de Desenvolvimento Econ\u00f4mico, Agricultura e Pecu\u00e1ria (Adeap), Carlos Neiva, o superintendente Denis Medrado, os representantes do distrito de P\u00ecnh\u00f5es, Eduardo Ferreira e Efrem Marinho, Leandro Costa presidente da Comiss\u00e3o de Acompanhamento do Empreendimento Vermelhos (Caev) que representa mais de quarenta associa\u00e7\u00f5es na regi\u00e3o de Itamotinga.<br aria-hidden=\"true\" \/><br aria-hidden=\"true\" \/><\/p>\n","protected":false},"excerpt":{"rendered":"<p>A prefeita Suzana Ramos recebeu na tarde desta quarta-feira (28) em seu gabinete, representantes da mineradora Ero Brasil Cara\u00edba (antiga Minera\u00e7\u00e3o Cara\u00edba), vereadores, lideran\u00e7as comunit\u00e1rias e integrantes da sua equipe de governo, para dialogar sobre a amplia\u00e7\u00e3o das a\u00e7\u00f5es da parceria p\u00fablico-privada entre a Prefeitura de Juazeiro e a empresa, no interior.A Prefeita Suzana Ramos [&hellip;]<\/p>\n","protected":false},"author":1,"featured_media":54366,"comment_status":"closed","ping_status":"open","sticky":false,"template":"","format":"standard","meta":{"_uag_custom_page_level_css":"","_monsterinsights_skip_tracking":false,"_monsterinsights_sitenote_active":false,"_monsterinsights_sitenote_note":"","_monsterinsights_sitenote_category":0,"jetpack_post_was_ever_published":false,"_jetpack_newsletter_access":"","_jetpack_dont_email_post_to_subs":false,"_jetpack_newsletter_tier_id":0,"_jetpack_memberships_contains_paywalled_content":false,"_jetpack_memberships_contains_paid_content":false,"footnotes":"","jetpack_publicize_message":"","jetpack_publicize_feature_enabled":true,"jetpack_social_post_already_shared":true,"jetpack_social_options":{"image_generator_settings":{"template":"highway","default_image_id":0,"font":"","enabled":false},"version":2}},"categories":[203],"tags":[],"class_list":["post-54365","post","type-post","status-publish","format-standard","has-post-thumbnail","hentry","category-juazeiro"],"jetpack_publicize_connections":[],"jetpack_featured_media_url":"https:\/\/blogopara.com.br\/wp-content\/uploads\/2023\/06\/thumbnail_WhatsApp-Image-2023-06-29-at-10.30.14.jpg","uagb_featured_image_src":{"full":["https:\/\/blogopara.com.br\/wp-content\/uploads\/2023\/06\/thumbnail_WhatsApp-Image-2023-06-29-at-10.30.14.jpg",500,375,false],"thumbnail":["https:\/\/blogopara.com.br\/wp-content\/uploads\/2023\/06\/thumbnail_WhatsApp-Image-2023-06-29-at-10.30.14-150x150.jpg",150,150,true],"medium":["https:\/\/blogopara.com.br\/wp-content\/uploads\/2023\/06\/thumbnail_WhatsApp-Image-2023-06-29-at-10.30.14-300x225.jpg",300,225,true],"medium_large":["https:\/\/blogopara.com.br\/wp-content\/uploads\/2023\/06\/thumbnail_WhatsApp-Image-2023-06-29-at-10.30.14.jpg",500,375,false],"large":["https:\/\/blogopara.com.br\/wp-content\/uploads\/2023\/06\/thumbnail_WhatsApp-Image-2023-06-29-at-10.30.14.jpg",500,375,false],"1536x1536":["https:\/\/blogopara.com.br\/wp-content\/uploads\/2023\/06\/thumbnail_WhatsApp-Image-2023-06-29-at-10.30.14.jpg",500,375,false],"2048x2048":["https:\/\/blogopara.com.br\/wp-content\/uploads\/2023\/06\/thumbnail_WhatsApp-Image-2023-06-29-at-10.30.14.jpg",500,375,false],"mantranews-slider-large":["https:\/\/blogopara.com.br\/wp-content\/uploads\/2023\/06\/thumbnail_WhatsApp-Image-2023-06-29-at-10.30.14.jpg",500,375,false],"mantranews-featured-medium":["https:\/\/blogopara.com.br\/wp-content\/uploads\/2023\/06\/thumbnail_WhatsApp-Image-2023-06-29-at-10.30.14-420x307.jpg",420,307,true],"mantranews-featured-long":["https:\/\/blogopara.com.br\/wp-content\/uploads\/2023\/06\/thumbnail_WhatsApp-Image-2023-06-29-at-10.30.14-300x375.jpg",300,375,true],"mantranews-block-medium":["https:\/\/blogopara.com.br\/wp-content\/uploads\/2023\/06\/thumbnail_WhatsApp-Image-2023-06-29-at-10.30.14-464x290.jpg",464,290,true],"mantranews-carousel-image":["https:\/\/blogopara.com.br\/wp-content\/uploads\/2023\/06\/thumbnail_WhatsApp-Image-2023-06-29-at-10.30.14.jpg",500,375,false],"mantranews-block-thumb":["https:\/\/blogopara.com.br\/wp-content\/uploads\/2023\/06\/thumbnail_WhatsApp-Image-2023-06-29-at-10.30.14-322x230.jpg",322,230,true],"mantranews-single-large":["https:\/\/blogopara.com.br\/wp-content\/uploads\/2023\/06\/thumbnail_WhatsApp-Image-2023-06-29-at-10.30.14.jpg",500,375,false]},"uagb_author_info":{"display_name":"Reda\u00e7\u00e3o geral","author_link":"https:\/\/blogopara.com.br\/index.php\/author\/blogopara"},"uagb_comment_info":0,"uagb_excerpt":"A prefeita Suzana Ramos recebeu na tarde desta quarta-feira (28) em seu gabinete, representantes da mineradora Ero Brasil Cara\u00edba (antiga Minera\u00e7\u00e3o Cara\u00edba), vereadores, lideran\u00e7as comunit\u00e1rias e integrantes da sua equipe de governo, para dialogar sobre a amplia\u00e7\u00e3o das a\u00e7\u00f5es da parceria p\u00fablico-privada entre a Prefeitura de Juazeiro e a empresa, no interior.A Prefeita Suzana Ramos&hellip;","jetpack_sharing_enabled":true,"jetpack_likes_enabled":true,"_links":{"self":[{"href":"https:\/\/blogopara.com.br\/index.php\/wp-json\/wp\/v2\/posts\/54365","targetHints":{"allow":["GET"]}}],"collection":[{"href":"https:\/\/blogopara.com.br\/index.php\/wp-json\/wp\/v2\/posts"}],"about":[{"href":"https:\/\/blogopara.com.br\/index.php\/wp-json\/wp\/v2\/types\/post"}],"author":[{"embeddable":true,"href":"https:\/\/blogopara.com.br\/index.php\/wp-json\/wp\/v2\/users\/1"}],"replies":[{"embeddable":true,"href":"https:\/\/blogopara.com.br\/index.php\/wp-json\/wp\/v2\/comments?post=54365"}],"version-history":[{"count":1,"href":"https:\/\/blogopara.com.br\/index.php\/wp-json\/wp\/v2\/posts\/54365\/revisions"}],"predecessor-version":[{"id":54367,"href":"https:\/\/blogopara.com.br\/index.php\/wp-json\/wp\/v2\/posts\/54365\/revisions\/54367"}],"wp:featuredmedia":[{"embeddable":true,"href":"https:\/\/blogopara.com.br\/index.php\/wp-json\/wp\/v2\/media\/54366"}],"wp:attachment":[{"href":"https:\/\/blogopara.com.br\/index.php\/wp-json\/wp\/v2\/media?parent=54365"}],"wp:term":[{"taxonomy":"category","embeddable":true,"href":"https:\/\/blogopara.com.br\/index.php\/wp-json\/wp\/v2\/categories?post=54365"},{"taxonomy":"post_tag","embeddable":true,"href":"https:\/\/blogopara.com.br\/index.php\/wp-json\/wp\/v2\/tags?post=54365"}],"curies":[{"name":"wp","href":"https:\/\/api.w.org\/{rel}","templated":true}]}}