{"id":54370,"date":"2023-06-30T15:20:00","date_gmt":"2023-06-30T18:20:00","guid":{"rendered":"https:\/\/blogopara.com.br\/?p=54370"},"modified":"2023-06-29T16:24:25","modified_gmt":"2023-06-29T19:24:25","slug":"200-anos-da-independencia-jeronimo-homenageia-tradicional-adversario-politico-com-titulo-de-comendador-da-ordem-dois-de-julho","status":"publish","type":"post","link":"https:\/\/blogopara.com.br\/index.php\/2023\/06\/30\/200-anos-da-independencia-jeronimo-homenageia-tradicional-adversario-politico-com-titulo-de-comendador-da-ordem-dois-de-julho","title":{"rendered":"200 anos da Independ\u00eancia: Jer\u00f4nimo homenageia tradicional advers\u00e1rio pol\u00edtico com t\u00edtulo de \u201ccomendador\u201d da Ordem Dois de Julho"},"content":{"rendered":"<p style=\"text-align: justify;\">O governador Jer\u00f4nimo Rodrigues, do PT, nomeou, nesta quarta-feira (28), personalidades e institui\u00e7\u00f5es para receberem o t\u00edtulo de comendador da Ordem Dois de Julho \u2013 Libertadores da Bahia, conforme divulgado no Di\u00e1rio Oficial do Estado. A ministra da Cultura, Margareth Menezes, foi a primeira da lista, sendo um nome cogitado pelo vice-governador Geraldo J\u00fanior, do MDB, como poss\u00edvel sucessora municipal.<\/p>\n<p style=\"text-align: justify;\">A honraria tamb\u00e9m ser\u00e1 concedida a aliados pol\u00edticos e at\u00e9 mesmo advers\u00e1rios do governador. Entre os aliados est\u00e3o o senador Otto Alencar, do PSD, e Creuza Maria Oliveira, presidente da Federa\u00e7\u00e3o Nacional das Trabalhadoras Dom\u00e9sticas (Fenatrad) e militante do PSB. O ex-governador Paulo Souto, aliado do ex-prefeito de Salvador ACM Neto, da Uni\u00e3o, tamb\u00e9m est\u00e1 entre os agraciados.<\/p>\n<p style=\"text-align: justify;\">Outros homenageados incluem os ex-governadores C\u00e9sar Borges e Jo\u00e3o Durval Carneiro. Entre as institui\u00e7\u00f5es, destacam-se as Obras Sociais de Irm\u00e3 Dulce (Osid), a Academia de Letras da Bahia e a Liga Bahiana Contra o C\u00e2ncer.<\/p>\n<p style=\"text-align: justify;\">Al\u00e9m do t\u00edtulo de comendador, o governador tamb\u00e9m concedeu o t\u00edtulo de \u201ccavaleiro\u201d a outras personalidades e institui\u00e7\u00f5es, como o arcebispo de Salvador e primaz do Brasil, Dom S\u00e9rgio da Rocha.<\/p>\n<p style=\"text-align: justify;\">O ex-governador Paulo Souto \u00e9 aliado fiel do ex-prefeito de Salvador ACM Neto (Uni\u00e3o). Souto, inclusive, atuou na campanha de Neto em 2022 e foi secret\u00e1rio da Fazenda na gest\u00e3o do antecessor de Bruno Reis (Uni\u00e3o) na chefia do Executivo municipal.<\/p>\n<p style=\"text-align: justify;\">Jer\u00f4nimo tem dito que ter\u00e1 um relacionamento diferenciado com a oposi\u00e7\u00e3o, e busca colocar isso em pr\u00e1tica, como fica evidente nos gestos do petista. Uma das medidas adotadas ser\u00e1, garantiu ele, pagar em dia as emendas para obras e investimentos dos deputados estaduais oposicionistas nos redutos eleitorais de cada um.<\/p>\n<p style=\"text-align: justify;\">\n<p style=\"text-align: justify;\"><span class=\"assinatura_exclusiva\">Pol\u00edtica Livre<\/span><\/p>\n","protected":false},"excerpt":{"rendered":"<p>O governador Jer\u00f4nimo Rodrigues, do PT, nomeou, nesta quarta-feira (28), personalidades e institui\u00e7\u00f5es para receberem o t\u00edtulo de comendador da Ordem Dois de Julho \u2013 Libertadores da Bahia, conforme divulgado no Di\u00e1rio Oficial do Estado. A ministra da Cultura, Margareth Menezes, foi a primeira da lista, sendo um nome cogitado pelo vice-governador Geraldo J\u00fanior, do [&hellip;]<\/p>\n","protected":false},"author":1,"featured_media":52260,"comment_status":"closed","ping_status":"open","sticky":false,"template":"","format":"standard","meta":{"_uag_custom_page_level_css":"","_monsterinsights_skip_tracking":false,"_monsterinsights_sitenote_active":false,"_monsterinsights_sitenote_note":"","_monsterinsights_sitenote_category":0,"jetpack_post_was_ever_published":false,"_jetpack_newsletter_access":"","_jetpack_dont_email_post_to_subs":false,"_jetpack_newsletter_tier_id":0,"_jetpack_memberships_contains_paywalled_content":false,"_jetpack_memberships_contains_paid_content":false,"footnotes":"","jetpack_publicize_message":"","jetpack_publicize_feature_enabled":true,"jetpack_social_post_already_shared":true,"jetpack_social_options":{"image_generator_settings":{"template":"highway","default_image_id":0,"font":"","enabled":false},"version":2}},"categories":[199,197],"tags":[],"class_list":["post-54370","post","type-post","status-publish","format-standard","has-post-thumbnail","hentry","category-bahia","category-politica"],"jetpack_publicize_connections":[],"jetpack_featured_media_url":"https:\/\/blogopara.com.br\/wp-content\/uploads\/2023\/05\/jeronimo.jpg","uagb_featured_image_src":{"full":["https:\/\/blogopara.com.br\/wp-content\/uploads\/2023\/05\/jeronimo.jpg",500,240,false],"thumbnail":["https:\/\/blogopara.com.br\/wp-content\/uploads\/2023\/05\/jeronimo-150x150.jpg",150,150,true],"medium":["https:\/\/blogopara.com.br\/wp-content\/uploads\/2023\/05\/jeronimo-300x144.jpg",300,144,true],"medium_large":["https:\/\/blogopara.com.br\/wp-content\/uploads\/2023\/05\/jeronimo.jpg",500,240,false],"large":["https:\/\/blogopara.com.br\/wp-content\/uploads\/2023\/05\/jeronimo.jpg",500,240,false],"1536x1536":["https:\/\/blogopara.com.br\/wp-content\/uploads\/2023\/05\/jeronimo.jpg",500,240,false],"2048x2048":["https:\/\/blogopara.com.br\/wp-content\/uploads\/2023\/05\/jeronimo.jpg",500,240,false],"mantranews-slider-large":["https:\/\/blogopara.com.br\/wp-content\/uploads\/2023\/05\/jeronimo.jpg",500,240,false],"mantranews-featured-medium":["https:\/\/blogopara.com.br\/wp-content\/uploads\/2023\/05\/jeronimo-420x240.jpg",420,240,true],"mantranews-featured-long":["https:\/\/blogopara.com.br\/wp-content\/uploads\/2023\/05\/jeronimo-300x240.jpg",300,240,true],"mantranews-block-medium":["https:\/\/blogopara.com.br\/wp-content\/uploads\/2023\/05\/jeronimo-464x240.jpg",464,240,true],"mantranews-carousel-image":["https:\/\/blogopara.com.br\/wp-content\/uploads\/2023\/05\/jeronimo.jpg",500,240,false],"mantranews-block-thumb":["https:\/\/blogopara.com.br\/wp-content\/uploads\/2023\/05\/jeronimo-322x230.jpg",322,230,true],"mantranews-single-large":["https:\/\/blogopara.com.br\/wp-content\/uploads\/2023\/05\/jeronimo.jpg",500,240,false]},"uagb_author_info":{"display_name":"Reda\u00e7\u00e3o geral","author_link":"https:\/\/blogopara.com.br\/index.php\/author\/blogopara"},"uagb_comment_info":0,"uagb_excerpt":"O governador Jer\u00f4nimo Rodrigues, do PT, nomeou, nesta quarta-feira (28), personalidades e institui\u00e7\u00f5es para receberem o t\u00edtulo de comendador da Ordem Dois de Julho \u2013 Libertadores da Bahia, conforme divulgado no Di\u00e1rio Oficial do Estado. A ministra da Cultura, Margareth Menezes, foi a primeira da lista, sendo um nome cogitado pelo vice-governador Geraldo J\u00fanior, do&hellip;","jetpack_sharing_enabled":true,"jetpack_likes_enabled":true,"_links":{"self":[{"href":"https:\/\/blogopara.com.br\/index.php\/wp-json\/wp\/v2\/posts\/54370","targetHints":{"allow":["GET"]}}],"collection":[{"href":"https:\/\/blogopara.com.br\/index.php\/wp-json\/wp\/v2\/posts"}],"about":[{"href":"https:\/\/blogopara.com.br\/index.php\/wp-json\/wp\/v2\/types\/post"}],"author":[{"embeddable":true,"href":"https:\/\/blogopara.com.br\/index.php\/wp-json\/wp\/v2\/users\/1"}],"replies":[{"embeddable":true,"href":"https:\/\/blogopara.com.br\/index.php\/wp-json\/wp\/v2\/comments?post=54370"}],"version-history":[{"count":1,"href":"https:\/\/blogopara.com.br\/index.php\/wp-json\/wp\/v2\/posts\/54370\/revisions"}],"predecessor-version":[{"id":54371,"href":"https:\/\/blogopara.com.br\/index.php\/wp-json\/wp\/v2\/posts\/54370\/revisions\/54371"}],"wp:featuredmedia":[{"embeddable":true,"href":"https:\/\/blogopara.com.br\/index.php\/wp-json\/wp\/v2\/media\/52260"}],"wp:attachment":[{"href":"https:\/\/blogopara.com.br\/index.php\/wp-json\/wp\/v2\/media?parent=54370"}],"wp:term":[{"taxonomy":"category","embeddable":true,"href":"https:\/\/blogopara.com.br\/index.php\/wp-json\/wp\/v2\/categories?post=54370"},{"taxonomy":"post_tag","embeddable":true,"href":"https:\/\/blogopara.com.br\/index.php\/wp-json\/wp\/v2\/tags?post=54370"}],"curies":[{"name":"wp","href":"https:\/\/api.w.org\/{rel}","templated":true}]}}