{"id":54412,"date":"2023-07-01T14:07:00","date_gmt":"2023-07-01T17:07:00","guid":{"rendered":"https:\/\/blogopara.com.br\/?p=54412"},"modified":"2023-06-30T14:10:06","modified_gmt":"2023-06-30T17:10:06","slug":"unidade-movel-odontologica-implantada-pela-gestao-suzana-ramos-em-juazeiro-realizou-quase-1600-mil-atendimentos-em-2023","status":"publish","type":"post","link":"https:\/\/blogopara.com.br\/index.php\/2023\/07\/01\/unidade-movel-odontologica-implantada-pela-gestao-suzana-ramos-em-juazeiro-realizou-quase-1600-mil-atendimentos-em-2023","title":{"rendered":"Unidade M\u00f3vel Odontol\u00f3gica implantada pela gest\u00e3o Suzana Ramos em Juazeiro realizou quase 1600 mil atendimentos em 2023"},"content":{"rendered":"<p style=\"text-align: justify;\">A Unidade M\u00f3vel Odontol\u00f3gica (UMO), mais uma iniciativa de sucesso da gest\u00e3o Suzana Ramos, realizou quase 1600 atendimentos em sa\u00fade bucal nas comunidades, no primeiro de 2023. A unidade atende semanalmente, em v\u00e1rias localidades, absorvendo o p\u00fablico por demanda livre ou em casos especiais, por agendamento em algumas unidades de sa\u00fade. S\u00e3o disponibilizadas 15 vagas por dia de atendimento.<br aria-hidden=\"true\" \/><br aria-hidden=\"true\" \/>A unidade foi adquirida com recursos pr\u00f3prios e representa a determina\u00e7\u00e3o da prefeita Suzana Ramos em melhorar e humanizar a sa\u00fade em Juazeiro. \u201cA Unidade Odontol\u00f3gica foi mais uma forma encontrada por nossa gest\u00e3o para levar mais servi\u00e7os \u00e0 popula\u00e7\u00e3o. Temos os dois CEOs funcionando hoje no bairro Jo\u00e3o Paulo II, enquanto reformamos o CEO Centro, que \u00e9 outro sonho que logo vamos realizar. Assim, a assist\u00eancia odontol\u00f3gica do munic\u00edpio passar\u00e1 a ter uma cobertura maior. Tivemos muitos outros avan\u00e7os nesse setor como a recupera\u00e7\u00e3o de 20 consult\u00f3rios odontol\u00f3gicos nas unidades de sa\u00fade, que estavam h\u00e1 mais de dois anos sem funcionar, e a nossa meta \u00e9 reativar um total de 32 consult\u00f3rios\u201d, afirmou a prefeita.<br aria-hidden=\"true\" \/><br aria-hidden=\"true\" \/><b>Reativa\u00e7\u00e3o dos consult\u00f3rios<\/b><\/p>\n<div style=\"text-align: justify;\"><br aria-hidden=\"true\" \/>Para reativar os consult\u00f3rios a Prefeitura de Juazeiro adquiriu 30 novos compressores, 15 autoclaves novas, cinco novas cadeiras odontol\u00f3gicas, cinco mochos (tipo de assento que possui uma ergonomia desenvolvida para pessoas que passam o dia sentadas), 30 fotopolimerizadores, tr\u00eas ultrassons, um aparelho de Raio-X e duas bombas a v\u00e1cuo. At\u00e9 a primeira quinzena de julho ser\u00e3o 32 consult\u00f3rios recuperados.<br aria-hidden=\"true\" \/><br aria-hidden=\"true\" \/>\u201cTemos 56 unidades de sa\u00fade e destas, 32 consult\u00f3rios estavam praticamente sem funcionamento, com equipamentos quebrados o que sobrecarregou o atendimento no Centro de Especialidades Odontol\u00f3gicas \u2013 CEO que funciona no bairro Jo\u00e3o Paulo II. Esta \u00e9 uma a\u00e7\u00e3o que vai equilibrar os atendimentos e desafogar as unidades especializadas no munic\u00edpio. A gest\u00e3o da prefeita Suzana Ramos realiza esfor\u00e7os di\u00e1rios para melhorar a sa\u00fade em Juazeiro\u201d, refor\u00e7ou o Secret\u00e1rio de Sa\u00fade Allan Jones.<br aria-hidden=\"true\" \/><br aria-hidden=\"true\" \/><b>Unidade M\u00f3vel de Atendimento Odontol\u00f3gico<\/b><\/p>\n<div style=\"text-align: justify;\"><br aria-hidden=\"true\" \/>A Unidade M\u00f3vel de Atendimento Odontol\u00f3gico (UMO) foi lan\u00e7ada no dia 24 de janeiro de 2022. Nessa modalidade de atendimento s\u00e3o ofertados atendimentos odontol\u00f3gicos como pequenas extra\u00e7\u00f5es, limpeza, aplica\u00e7\u00e3o de fl\u00faor, avalia\u00e7\u00e3o cl\u00ednica e a\u00e7\u00f5es voltadas para a promo\u00e7\u00e3o da sa\u00fade bucal.<\/div>\n<div style=\"text-align: justify;\">\u00a0<br aria-hidden=\"true\" \/>A UMO tamb\u00e9m d\u00e1 suporte \u00e0s comunidades dos Residenciais, comunidades quilombolas, popula\u00e7\u00e3o em situa\u00e7\u00e3o de rua (Centro POP), Lar S\u00e3o Vicente, Pastoral da Mulher, dentre outras.<\/div>\n<\/div>\n","protected":false},"excerpt":{"rendered":"<p>A Unidade M\u00f3vel Odontol\u00f3gica (UMO), mais uma iniciativa de sucesso da gest\u00e3o Suzana Ramos, realizou quase 1600 atendimentos em sa\u00fade bucal nas comunidades, no primeiro de 2023. A unidade atende semanalmente, em v\u00e1rias localidades, absorvendo o p\u00fablico por demanda livre ou em casos especiais, por agendamento em algumas unidades de sa\u00fade. S\u00e3o disponibilizadas 15 vagas [&hellip;]<\/p>\n","protected":false},"author":1,"featured_media":35281,"comment_status":"closed","ping_status":"open","sticky":false,"template":"","format":"standard","meta":{"_uag_custom_page_level_css":"","_monsterinsights_skip_tracking":false,"_monsterinsights_sitenote_active":false,"_monsterinsights_sitenote_note":"","_monsterinsights_sitenote_category":0,"jetpack_post_was_ever_published":false,"_jetpack_newsletter_access":"","_jetpack_dont_email_post_to_subs":false,"_jetpack_newsletter_tier_id":0,"_jetpack_memberships_contains_paywalled_content":false,"_jetpack_memberships_contains_paid_content":false,"footnotes":"","jetpack_publicize_message":"","jetpack_publicize_feature_enabled":true,"jetpack_social_post_already_shared":true,"jetpack_social_options":{"image_generator_settings":{"template":"highway","default_image_id":0,"font":"","enabled":false},"version":2}},"categories":[205],"tags":[],"class_list":["post-54412","post","type-post","status-publish","format-standard","has-post-thumbnail","hentry","category-saude"],"jetpack_publicize_connections":[],"jetpack_featured_media_url":"https:\/\/blogopara.com.br\/wp-content\/uploads\/2022\/03\/Unidade-movel-de-atendimento-odontologico-2.jpg","uagb_featured_image_src":{"full":["https:\/\/blogopara.com.br\/wp-content\/uploads\/2022\/03\/Unidade-movel-de-atendimento-odontologico-2.jpg",500,333,false],"thumbnail":["https:\/\/blogopara.com.br\/wp-content\/uploads\/2022\/03\/Unidade-movel-de-atendimento-odontologico-2-150x150.jpg",150,150,true],"medium":["https:\/\/blogopara.com.br\/wp-content\/uploads\/2022\/03\/Unidade-movel-de-atendimento-odontologico-2-300x200.jpg",300,200,true],"medium_large":["https:\/\/blogopara.com.br\/wp-content\/uploads\/2022\/03\/Unidade-movel-de-atendimento-odontologico-2.jpg",500,333,false],"large":["https:\/\/blogopara.com.br\/wp-content\/uploads\/2022\/03\/Unidade-movel-de-atendimento-odontologico-2.jpg",500,333,false],"1536x1536":["https:\/\/blogopara.com.br\/wp-content\/uploads\/2022\/03\/Unidade-movel-de-atendimento-odontologico-2.jpg",500,333,false],"2048x2048":["https:\/\/blogopara.com.br\/wp-content\/uploads\/2022\/03\/Unidade-movel-de-atendimento-odontologico-2.jpg",500,333,false],"mantranews-slider-large":["https:\/\/blogopara.com.br\/wp-content\/uploads\/2022\/03\/Unidade-movel-de-atendimento-odontologico-2.jpg",500,333,false],"mantranews-featured-medium":["https:\/\/blogopara.com.br\/wp-content\/uploads\/2022\/03\/Unidade-movel-de-atendimento-odontologico-2-420x307.jpg",420,307,true],"mantranews-featured-long":["https:\/\/blogopara.com.br\/wp-content\/uploads\/2022\/03\/Unidade-movel-de-atendimento-odontologico-2-300x333.jpg",300,333,true],"mantranews-block-medium":["https:\/\/blogopara.com.br\/wp-content\/uploads\/2022\/03\/Unidade-movel-de-atendimento-odontologico-2-464x290.jpg",464,290,true],"mantranews-carousel-image":["https:\/\/blogopara.com.br\/wp-content\/uploads\/2022\/03\/Unidade-movel-de-atendimento-odontologico-2.jpg",500,333,false],"mantranews-block-thumb":["https:\/\/blogopara.com.br\/wp-content\/uploads\/2022\/03\/Unidade-movel-de-atendimento-odontologico-2-322x230.jpg",322,230,true],"mantranews-single-large":["https:\/\/blogopara.com.br\/wp-content\/uploads\/2022\/03\/Unidade-movel-de-atendimento-odontologico-2.jpg",500,333,false]},"uagb_author_info":{"display_name":"Reda\u00e7\u00e3o geral","author_link":"https:\/\/blogopara.com.br\/index.php\/author\/blogopara"},"uagb_comment_info":0,"uagb_excerpt":"A Unidade M\u00f3vel Odontol\u00f3gica (UMO), mais uma iniciativa de sucesso da gest\u00e3o Suzana Ramos, realizou quase 1600 atendimentos em sa\u00fade bucal nas comunidades, no primeiro de 2023. A unidade atende semanalmente, em v\u00e1rias localidades, absorvendo o p\u00fablico por demanda livre ou em casos especiais, por agendamento em algumas unidades de sa\u00fade. S\u00e3o disponibilizadas 15 vagas&hellip;","jetpack_sharing_enabled":true,"jetpack_likes_enabled":true,"_links":{"self":[{"href":"https:\/\/blogopara.com.br\/index.php\/wp-json\/wp\/v2\/posts\/54412","targetHints":{"allow":["GET"]}}],"collection":[{"href":"https:\/\/blogopara.com.br\/index.php\/wp-json\/wp\/v2\/posts"}],"about":[{"href":"https:\/\/blogopara.com.br\/index.php\/wp-json\/wp\/v2\/types\/post"}],"author":[{"embeddable":true,"href":"https:\/\/blogopara.com.br\/index.php\/wp-json\/wp\/v2\/users\/1"}],"replies":[{"embeddable":true,"href":"https:\/\/blogopara.com.br\/index.php\/wp-json\/wp\/v2\/comments?post=54412"}],"version-history":[{"count":1,"href":"https:\/\/blogopara.com.br\/index.php\/wp-json\/wp\/v2\/posts\/54412\/revisions"}],"predecessor-version":[{"id":54414,"href":"https:\/\/blogopara.com.br\/index.php\/wp-json\/wp\/v2\/posts\/54412\/revisions\/54414"}],"wp:featuredmedia":[{"embeddable":true,"href":"https:\/\/blogopara.com.br\/index.php\/wp-json\/wp\/v2\/media\/35281"}],"wp:attachment":[{"href":"https:\/\/blogopara.com.br\/index.php\/wp-json\/wp\/v2\/media?parent=54412"}],"wp:term":[{"taxonomy":"category","embeddable":true,"href":"https:\/\/blogopara.com.br\/index.php\/wp-json\/wp\/v2\/categories?post=54412"},{"taxonomy":"post_tag","embeddable":true,"href":"https:\/\/blogopara.com.br\/index.php\/wp-json\/wp\/v2\/tags?post=54412"}],"curies":[{"name":"wp","href":"https:\/\/api.w.org\/{rel}","templated":true}]}}