{"id":54451,"date":"2023-07-02T17:09:00","date_gmt":"2023-07-02T20:09:00","guid":{"rendered":"https:\/\/blogopara.com.br\/?p=54451"},"modified":"2023-07-02T11:12:48","modified_gmt":"2023-07-02T14:12:48","slug":"1a-corridinha-em-combate-ao-trabalho-infantil-da-prefeitura-de-juazeiro-incentiva-pratica-de-esportes-nos-residenciais","status":"publish","type":"post","link":"https:\/\/blogopara.com.br\/index.php\/2023\/07\/02\/1a-corridinha-em-combate-ao-trabalho-infantil-da-prefeitura-de-juazeiro-incentiva-pratica-de-esportes-nos-residenciais","title":{"rendered":"1\u00aa Corridinha em Combate ao Trabalho Infantil da Prefeitura de Juazeiro incentiva pr\u00e1tica de esportes nos Residenciais"},"content":{"rendered":"<p class=\"x_MsoNormal\" style=\"text-align: justify;\">Mais de 100 crian\u00e7as e adolescentes de v\u00e1rias localidades de Juazeiro participaram na manh\u00e3 deste s\u00e1bado (1\u00ba) da 1\u00aa Corridinha em Combate ao Trabalho Infantil. O evento realizado pela Prefeitura, atrav\u00e9s das Secretarias de Desenvolvimento Social, Mulher e Diversidade (Sedes) e de Cultura, Turismo e Esportes (Seculte), contou com muita divers\u00e3o e incentivo ao esporte.<\/p>\n<p class=\"x_MsoNormal\" style=\"text-align: justify;\">A corridinha foi dividida por faixa et\u00e1ria e g\u00eaneros feminino e masculino. A pequena Mirela Luiza, de 7 anos, ganhou o primeiro lugar na sua categoria. Pela primeira vez correndo em uma competi\u00e7\u00e3o, a menina se emocionou com a coloca\u00e7\u00e3o e levou a m\u00e3e e toda a torcida aos gritos de felicidade. \u201cEu achei bom\u201d, disse a pequenina muito animada. \u201cCorrer era tudo o que ela mais queria, ela disse que ia ganhar e conseguiu\u201d, declarou Tamires Gadelha, m\u00e3e da pequena campe\u00e3.<\/p>\n<p class=\"x_MsoNormal\" style=\"text-align: justify;\">A 1\u00aa Corridinha em Combate ao Trabalho Infantil encerrou a programa\u00e7\u00e3o referente ao 12 de junho, onde a Sedes realizou uma s\u00e9rie de a\u00e7\u00f5es pelo munic\u00edpio em alus\u00e3o ao combate ao trabalho infantil. \u201cEste foi um programa para toda a fam\u00edlia. Foi muito bonito, percebemos no olhar de cada crian\u00e7a e cada familiar a alegria ao assistir os pequenos disputarem a corridinha\u201d, destacou o secret\u00e1rio da Sedes, Fernando Costa.<\/p>\n<p class=\"x_MsoNormal\" style=\"text-align: justify;\">Gabriel Ferreira, de 13 anos, correu e ganhou a primeira coloca\u00e7\u00e3o na categoria em que participou. \u201cQuando vi os outros meninos na minha frente corri disparado na frente de todo mundo. Ganhar foi muito bom\u201d, disse o adolescente. A m\u00e3e, Francisca, ficou na torcida e vibrou muito com a vit\u00f3ria de um dos filhos que participou da corridinha. \u201cFoi \u00f3timo! Meu filho foi o campe\u00e3o\u201d, disse a m\u00e3e.<\/p>\n<p class=\"x_MsoNormal\" style=\"text-align: justify;\">Al\u00e9m de crian\u00e7as e adolescentes dos Residenciais Juazeiro I, II e III, a corridinha contou com participantes de Itamotinga, Jo\u00e3o Paulo II e de outras localidades. \u201cFoi muito bom ver a participa\u00e7\u00e3o de todos, a comunidade colaborando. \u00c9 isso que a Secretaria de Desenvolvimento Social, Mulher e Diversidade e a Prefeitura como um todo desejam, estimular esta uni\u00e3o entre as pessoas, esse incentivo ao esporte\u201d, ressaltou a diretora de Habita\u00e7\u00e3o, Quisa Benevides. Ao final, o Corpo de Bombeiros realizou o tradicional banho de ducha e animou a crian\u00e7ada que refrescou o calor da manh\u00e3 de s\u00e1bado.<\/p>\n<p class=\"x_MsoNormal\" style=\"text-align: justify;\">\n","protected":false},"excerpt":{"rendered":"<p>Mais de 100 crian\u00e7as e adolescentes de v\u00e1rias localidades de Juazeiro participaram na manh\u00e3 deste s\u00e1bado (1\u00ba) da 1\u00aa Corridinha em Combate ao Trabalho Infantil. O evento realizado pela Prefeitura, atrav\u00e9s das Secretarias de Desenvolvimento Social, Mulher e Diversidade (Sedes) e de Cultura, Turismo e Esportes (Seculte), contou com muita divers\u00e3o e incentivo ao esporte. [&hellip;]<\/p>\n","protected":false},"author":1,"featured_media":54452,"comment_status":"closed","ping_status":"open","sticky":false,"template":"","format":"standard","meta":{"_uag_custom_page_level_css":"","_monsterinsights_skip_tracking":false,"_monsterinsights_sitenote_active":false,"_monsterinsights_sitenote_note":"","_monsterinsights_sitenote_category":0,"jetpack_post_was_ever_published":false,"_jetpack_newsletter_access":"","_jetpack_dont_email_post_to_subs":false,"_jetpack_newsletter_tier_id":0,"_jetpack_memberships_contains_paywalled_content":false,"_jetpack_memberships_contains_paid_content":false,"footnotes":"","jetpack_publicize_message":"","jetpack_publicize_feature_enabled":true,"jetpack_social_post_already_shared":true,"jetpack_social_options":{"image_generator_settings":{"template":"highway","default_image_id":0,"font":"","enabled":false},"version":2}},"categories":[208,204],"tags":[],"class_list":["post-54451","post","type-post","status-publish","format-standard","has-post-thumbnail","hentry","category-esporte","category-social"],"jetpack_publicize_connections":[],"jetpack_featured_media_url":"https:\/\/blogopara.com.br\/wp-content\/uploads\/2023\/07\/thumbnail_corridinha-5-luan-medrado-1.jpg","uagb_featured_image_src":{"full":["https:\/\/blogopara.com.br\/wp-content\/uploads\/2023\/07\/thumbnail_corridinha-5-luan-medrado-1.jpg",500,333,false],"thumbnail":["https:\/\/blogopara.com.br\/wp-content\/uploads\/2023\/07\/thumbnail_corridinha-5-luan-medrado-1-150x150.jpg",150,150,true],"medium":["https:\/\/blogopara.com.br\/wp-content\/uploads\/2023\/07\/thumbnail_corridinha-5-luan-medrado-1-300x200.jpg",300,200,true],"medium_large":["https:\/\/blogopara.com.br\/wp-content\/uploads\/2023\/07\/thumbnail_corridinha-5-luan-medrado-1.jpg",500,333,false],"large":["https:\/\/blogopara.com.br\/wp-content\/uploads\/2023\/07\/thumbnail_corridinha-5-luan-medrado-1.jpg",500,333,false],"1536x1536":["https:\/\/blogopara.com.br\/wp-content\/uploads\/2023\/07\/thumbnail_corridinha-5-luan-medrado-1.jpg",500,333,false],"2048x2048":["https:\/\/blogopara.com.br\/wp-content\/uploads\/2023\/07\/thumbnail_corridinha-5-luan-medrado-1.jpg",500,333,false],"mantranews-slider-large":["https:\/\/blogopara.com.br\/wp-content\/uploads\/2023\/07\/thumbnail_corridinha-5-luan-medrado-1.jpg",500,333,false],"mantranews-featured-medium":["https:\/\/blogopara.com.br\/wp-content\/uploads\/2023\/07\/thumbnail_corridinha-5-luan-medrado-1-420x307.jpg",420,307,true],"mantranews-featured-long":["https:\/\/blogopara.com.br\/wp-content\/uploads\/2023\/07\/thumbnail_corridinha-5-luan-medrado-1-300x333.jpg",300,333,true],"mantranews-block-medium":["https:\/\/blogopara.com.br\/wp-content\/uploads\/2023\/07\/thumbnail_corridinha-5-luan-medrado-1-464x290.jpg",464,290,true],"mantranews-carousel-image":["https:\/\/blogopara.com.br\/wp-content\/uploads\/2023\/07\/thumbnail_corridinha-5-luan-medrado-1.jpg",500,333,false],"mantranews-block-thumb":["https:\/\/blogopara.com.br\/wp-content\/uploads\/2023\/07\/thumbnail_corridinha-5-luan-medrado-1-322x230.jpg",322,230,true],"mantranews-single-large":["https:\/\/blogopara.com.br\/wp-content\/uploads\/2023\/07\/thumbnail_corridinha-5-luan-medrado-1.jpg",500,333,false]},"uagb_author_info":{"display_name":"Reda\u00e7\u00e3o geral","author_link":"https:\/\/blogopara.com.br\/index.php\/author\/blogopara"},"uagb_comment_info":0,"uagb_excerpt":"Mais de 100 crian\u00e7as e adolescentes de v\u00e1rias localidades de Juazeiro participaram na manh\u00e3 deste s\u00e1bado (1\u00ba) da 1\u00aa Corridinha em Combate ao Trabalho Infantil. O evento realizado pela Prefeitura, atrav\u00e9s das Secretarias de Desenvolvimento Social, Mulher e Diversidade (Sedes) e de Cultura, Turismo e Esportes (Seculte), contou com muita divers\u00e3o e incentivo ao esporte.&hellip;","jetpack_sharing_enabled":true,"jetpack_likes_enabled":true,"_links":{"self":[{"href":"https:\/\/blogopara.com.br\/index.php\/wp-json\/wp\/v2\/posts\/54451","targetHints":{"allow":["GET"]}}],"collection":[{"href":"https:\/\/blogopara.com.br\/index.php\/wp-json\/wp\/v2\/posts"}],"about":[{"href":"https:\/\/blogopara.com.br\/index.php\/wp-json\/wp\/v2\/types\/post"}],"author":[{"embeddable":true,"href":"https:\/\/blogopara.com.br\/index.php\/wp-json\/wp\/v2\/users\/1"}],"replies":[{"embeddable":true,"href":"https:\/\/blogopara.com.br\/index.php\/wp-json\/wp\/v2\/comments?post=54451"}],"version-history":[{"count":1,"href":"https:\/\/blogopara.com.br\/index.php\/wp-json\/wp\/v2\/posts\/54451\/revisions"}],"predecessor-version":[{"id":54453,"href":"https:\/\/blogopara.com.br\/index.php\/wp-json\/wp\/v2\/posts\/54451\/revisions\/54453"}],"wp:featuredmedia":[{"embeddable":true,"href":"https:\/\/blogopara.com.br\/index.php\/wp-json\/wp\/v2\/media\/54452"}],"wp:attachment":[{"href":"https:\/\/blogopara.com.br\/index.php\/wp-json\/wp\/v2\/media?parent=54451"}],"wp:term":[{"taxonomy":"category","embeddable":true,"href":"https:\/\/blogopara.com.br\/index.php\/wp-json\/wp\/v2\/categories?post=54451"},{"taxonomy":"post_tag","embeddable":true,"href":"https:\/\/blogopara.com.br\/index.php\/wp-json\/wp\/v2\/tags?post=54451"}],"curies":[{"name":"wp","href":"https:\/\/api.w.org\/{rel}","templated":true}]}}