{"id":54457,"date":"2023-07-02T15:26:00","date_gmt":"2023-07-02T18:26:00","guid":{"rendered":"https:\/\/blogopara.com.br\/?p=54457"},"modified":"2023-07-02T11:30:07","modified_gmt":"2023-07-02T14:30:07","slug":"lula-desfila-em-carro-aberto-no-2-de-julho-ao-lado-de-jeronimo","status":"publish","type":"post","link":"https:\/\/blogopara.com.br\/index.php\/2023\/07\/02\/lula-desfila-em-carro-aberto-no-2-de-julho-ao-lado-de-jeronimo","title":{"rendered":"Lula desfila em carro aberto no 2 de Julho ao lado de Jer\u00f4nimo"},"content":{"rendered":"<p style=\"text-align: justify;\">O presidente Luiz In\u00e1cio Lula da Silva (PT) participa do tradicional desfile c\u00edvico do 2 de Julho em cima de um camionete, ao lado do governador Jer\u00f4nimo Rodrigues (PT). O mandat\u00e1rio da na\u00e7\u00e3o n\u00e3o acompanhou a solenidade de abertura da festa do bicenten\u00e1rio independ\u00eancia do Brasil na Bahia, na Lapinha, quando acontece o hasteamento das bandeiras e a execu\u00e7\u00e3o dos hinos, e entrou no cortejo na altura da Soledade.<\/p>\n<p style=\"text-align: justify;\">Lula desembarcou por volta das 9h na Base A\u00e9rea de Salvador, sendo recepcionado pelos ministros baianos da Casa Civil, Rui Costa (PT), e da Cultura, Margareth Menezes. Os senadores Jaques Wagner (PT) e Otto Alencar (PSD) tamb\u00e9m recepcionaram o presidente da Rep\u00fablica. Tamb\u00e9m participam do desfile da independ\u00eancia a primeira-dama Janja da Silva e a ministra da Igualdade Racial, Anielle Franco.<\/p>\n<p style=\"text-align: justify;\">A entrada da comitiva de Lula no desfile afetou a organiza\u00e7\u00e3o do cortejo do 2 de Julho. O grupo do prefeito Bruno Reis (Uni\u00e3o) precisou fazer um desvio enquanto a ala capitaneada pelo governador aguardava a chegada do presidente na Soledade. Com isso, o chefe do Executivo municipal deve concluir o trajeto at\u00e9 o Terreiro de Jesus na frente de Jer\u00f4nimo.<\/p>\n<p style=\"text-align: justify;\">\n<p style=\"text-align: justify;\"><span class=\"assinatura_exclusiva\">Pol\u00edtica Livre<\/span><\/p>\n<div class=\"carregar-mais\" style=\"text-align: justify;\"><\/div>\n","protected":false},"excerpt":{"rendered":"<p>O presidente Luiz In\u00e1cio Lula da Silva (PT) participa do tradicional desfile c\u00edvico do 2 de Julho em cima de um camionete, ao lado do governador Jer\u00f4nimo Rodrigues (PT). O mandat\u00e1rio da na\u00e7\u00e3o n\u00e3o acompanhou a solenidade de abertura da festa do bicenten\u00e1rio independ\u00eancia do Brasil na Bahia, na Lapinha, quando acontece o hasteamento das [&hellip;]<\/p>\n","protected":false},"author":1,"featured_media":54458,"comment_status":"closed","ping_status":"open","sticky":false,"template":"","format":"standard","meta":{"_uag_custom_page_level_css":"","_monsterinsights_skip_tracking":false,"_monsterinsights_sitenote_active":false,"_monsterinsights_sitenote_note":"","_monsterinsights_sitenote_category":0,"jetpack_post_was_ever_published":false,"_jetpack_newsletter_access":"","_jetpack_dont_email_post_to_subs":false,"_jetpack_newsletter_tier_id":0,"_jetpack_memberships_contains_paywalled_content":false,"_jetpack_memberships_contains_paid_content":false,"footnotes":"","jetpack_publicize_message":"","jetpack_publicize_feature_enabled":true,"jetpack_social_post_already_shared":true,"jetpack_social_options":{"image_generator_settings":{"template":"highway","default_image_id":0,"font":"","enabled":false},"version":2}},"categories":[199,197],"tags":[],"class_list":["post-54457","post","type-post","status-publish","format-standard","has-post-thumbnail","hentry","category-bahia","category-politica"],"jetpack_publicize_connections":[],"jetpack_featured_media_url":"https:\/\/blogopara.com.br\/wp-content\/uploads\/2023\/07\/Lula-2-de-Julho.jpeg","uagb_featured_image_src":{"full":["https:\/\/blogopara.com.br\/wp-content\/uploads\/2023\/07\/Lula-2-de-Julho.jpeg",500,350,false],"thumbnail":["https:\/\/blogopara.com.br\/wp-content\/uploads\/2023\/07\/Lula-2-de-Julho-150x150.jpeg",150,150,true],"medium":["https:\/\/blogopara.com.br\/wp-content\/uploads\/2023\/07\/Lula-2-de-Julho-300x210.jpeg",300,210,true],"medium_large":["https:\/\/blogopara.com.br\/wp-content\/uploads\/2023\/07\/Lula-2-de-Julho.jpeg",500,350,false],"large":["https:\/\/blogopara.com.br\/wp-content\/uploads\/2023\/07\/Lula-2-de-Julho.jpeg",500,350,false],"1536x1536":["https:\/\/blogopara.com.br\/wp-content\/uploads\/2023\/07\/Lula-2-de-Julho.jpeg",500,350,false],"2048x2048":["https:\/\/blogopara.com.br\/wp-content\/uploads\/2023\/07\/Lula-2-de-Julho.jpeg",500,350,false],"mantranews-slider-large":["https:\/\/blogopara.com.br\/wp-content\/uploads\/2023\/07\/Lula-2-de-Julho.jpeg",500,350,false],"mantranews-featured-medium":["https:\/\/blogopara.com.br\/wp-content\/uploads\/2023\/07\/Lula-2-de-Julho-420x307.jpeg",420,307,true],"mantranews-featured-long":["https:\/\/blogopara.com.br\/wp-content\/uploads\/2023\/07\/Lula-2-de-Julho-300x350.jpeg",300,350,true],"mantranews-block-medium":["https:\/\/blogopara.com.br\/wp-content\/uploads\/2023\/07\/Lula-2-de-Julho-464x290.jpeg",464,290,true],"mantranews-carousel-image":["https:\/\/blogopara.com.br\/wp-content\/uploads\/2023\/07\/Lula-2-de-Julho.jpeg",500,350,false],"mantranews-block-thumb":["https:\/\/blogopara.com.br\/wp-content\/uploads\/2023\/07\/Lula-2-de-Julho-322x230.jpeg",322,230,true],"mantranews-single-large":["https:\/\/blogopara.com.br\/wp-content\/uploads\/2023\/07\/Lula-2-de-Julho.jpeg",500,350,false]},"uagb_author_info":{"display_name":"Reda\u00e7\u00e3o geral","author_link":"https:\/\/blogopara.com.br\/index.php\/author\/blogopara"},"uagb_comment_info":0,"uagb_excerpt":"O presidente Luiz In\u00e1cio Lula da Silva (PT) participa do tradicional desfile c\u00edvico do 2 de Julho em cima de um camionete, ao lado do governador Jer\u00f4nimo Rodrigues (PT). O mandat\u00e1rio da na\u00e7\u00e3o n\u00e3o acompanhou a solenidade de abertura da festa do bicenten\u00e1rio independ\u00eancia do Brasil na Bahia, na Lapinha, quando acontece o hasteamento das&hellip;","jetpack_sharing_enabled":true,"jetpack_likes_enabled":true,"_links":{"self":[{"href":"https:\/\/blogopara.com.br\/index.php\/wp-json\/wp\/v2\/posts\/54457","targetHints":{"allow":["GET"]}}],"collection":[{"href":"https:\/\/blogopara.com.br\/index.php\/wp-json\/wp\/v2\/posts"}],"about":[{"href":"https:\/\/blogopara.com.br\/index.php\/wp-json\/wp\/v2\/types\/post"}],"author":[{"embeddable":true,"href":"https:\/\/blogopara.com.br\/index.php\/wp-json\/wp\/v2\/users\/1"}],"replies":[{"embeddable":true,"href":"https:\/\/blogopara.com.br\/index.php\/wp-json\/wp\/v2\/comments?post=54457"}],"version-history":[{"count":1,"href":"https:\/\/blogopara.com.br\/index.php\/wp-json\/wp\/v2\/posts\/54457\/revisions"}],"predecessor-version":[{"id":54459,"href":"https:\/\/blogopara.com.br\/index.php\/wp-json\/wp\/v2\/posts\/54457\/revisions\/54459"}],"wp:featuredmedia":[{"embeddable":true,"href":"https:\/\/blogopara.com.br\/index.php\/wp-json\/wp\/v2\/media\/54458"}],"wp:attachment":[{"href":"https:\/\/blogopara.com.br\/index.php\/wp-json\/wp\/v2\/media?parent=54457"}],"wp:term":[{"taxonomy":"category","embeddable":true,"href":"https:\/\/blogopara.com.br\/index.php\/wp-json\/wp\/v2\/categories?post=54457"},{"taxonomy":"post_tag","embeddable":true,"href":"https:\/\/blogopara.com.br\/index.php\/wp-json\/wp\/v2\/tags?post=54457"}],"curies":[{"name":"wp","href":"https:\/\/api.w.org\/{rel}","templated":true}]}}