{"id":54482,"date":"2023-07-03T09:09:00","date_gmt":"2023-07-03T12:09:00","guid":{"rendered":"https:\/\/blogopara.com.br\/?p=54482"},"modified":"2023-07-03T08:19:55","modified_gmt":"2023-07-03T11:19:55","slug":"julho-verde-alerta-para-prevencao-do-cancer-de-cabeca-e-pescoco","status":"publish","type":"post","link":"https:\/\/blogopara.com.br\/index.php\/2023\/07\/03\/julho-verde-alerta-para-prevencao-do-cancer-de-cabeca-e-pescoco","title":{"rendered":"Julho Verde alerta para preven\u00e7\u00e3o do c\u00e2ncer de cabe\u00e7a e pesco\u00e7o"},"content":{"rendered":"<p style=\"text-align: justify;\">A Associa\u00e7\u00e3o Brasileira de C\u00e2ncer de Cabe\u00e7a e Pesco\u00e7o (ACBG Brasil) realiza, neste m\u00eas de julho, a 7\u00aa Campanha Nacional de Preven\u00e7\u00e3o do C\u00e2ncer de Cabe\u00e7a e Pesco\u00e7o. Em abril do ano passado, a Lei 14.328 oficializou o per\u00edodo como M\u00eas Nacional de Combate a esse tipo da doen\u00e7a. A campanha pretende conscientizar a popula\u00e7\u00e3o sobre a import\u00e2ncia do autocuidado e do diagn\u00f3stico precoce, de modo a evitar o crescente n\u00famero de \u00f3bitos e mutila\u00e7\u00f5es graves que comprometem fun\u00e7\u00f5es vitais dos pacientes, como a fala, respira\u00e7\u00e3o, alimenta\u00e7\u00e3o, vis\u00e3o, audi\u00e7\u00e3o e cogni\u00e7\u00e3o.<\/p>\n<p style=\"text-align: justify;\">A assessora jur\u00eddica da ACBG Brasil, Ana Paula Guedes Werlang, disse que a campanha chama a aten\u00e7\u00e3o da popula\u00e7\u00e3o para esse c\u00e2ncer, que \u00e9 pouco falado e, por isso, n\u00e3o tem abertura para as pessoas compreenderem a import\u00e2ncia da identifica\u00e7\u00e3o e do diagn\u00f3stico precoce\u201d. O tema escolhido para a campanha de 2023 \u00e9 \u201cSeu corpo, suas regras\u201d. Segundo Ana Paula, a escolha se baseou no fato de que \u201ctodo desdobramento \u00e9 decorr\u00eancia da nossa escolha. E, por ser um c\u00e2ncer 80% cur\u00e1vel, um diagn\u00f3stico precoce significa que, se fizermos escolhas bem acertadas, com certeza n\u00e3o faremos parte da estat\u00edstica de \u00f3bitos\u201d.<\/p>\n<p style=\"text-align: justify;\">Fonte: Ag\u00eancia Brasil<\/p>\n","protected":false},"excerpt":{"rendered":"<p>A Associa\u00e7\u00e3o Brasileira de C\u00e2ncer de Cabe\u00e7a e Pesco\u00e7o (ACBG Brasil) realiza, neste m\u00eas de julho, a 7\u00aa Campanha Nacional de Preven\u00e7\u00e3o do C\u00e2ncer de Cabe\u00e7a e Pesco\u00e7o. Em abril do ano passado, a Lei 14.328 oficializou o per\u00edodo como M\u00eas Nacional de Combate a esse tipo da doen\u00e7a. A campanha pretende conscientizar a popula\u00e7\u00e3o [&hellip;]<\/p>\n","protected":false},"author":1,"featured_media":54483,"comment_status":"closed","ping_status":"open","sticky":false,"template":"","format":"standard","meta":{"_uag_custom_page_level_css":"","_monsterinsights_skip_tracking":false,"_monsterinsights_sitenote_active":false,"_monsterinsights_sitenote_note":"","_monsterinsights_sitenote_category":0,"jetpack_post_was_ever_published":false,"_jetpack_newsletter_access":"","_jetpack_dont_email_post_to_subs":false,"_jetpack_newsletter_tier_id":0,"_jetpack_memberships_contains_paywalled_content":false,"_jetpack_memberships_contains_paid_content":false,"footnotes":"","jetpack_publicize_message":"","jetpack_publicize_feature_enabled":true,"jetpack_social_post_already_shared":true,"jetpack_social_options":{"image_generator_settings":{"template":"highway","default_image_id":0,"font":"","enabled":false},"version":2}},"categories":[205],"tags":[],"class_list":["post-54482","post","type-post","status-publish","format-standard","has-post-thumbnail","hentry","category-saude"],"jetpack_publicize_connections":[],"jetpack_featured_media_url":"https:\/\/blogopara.com.br\/wp-content\/uploads\/2023\/07\/transferir.jpg","uagb_featured_image_src":{"full":["https:\/\/blogopara.com.br\/wp-content\/uploads\/2023\/07\/transferir.jpg",400,401,false],"thumbnail":["https:\/\/blogopara.com.br\/wp-content\/uploads\/2023\/07\/transferir-150x150.jpg",150,150,true],"medium":["https:\/\/blogopara.com.br\/wp-content\/uploads\/2023\/07\/transferir-300x300.jpg",300,300,true],"medium_large":["https:\/\/blogopara.com.br\/wp-content\/uploads\/2023\/07\/transferir.jpg",400,401,false],"large":["https:\/\/blogopara.com.br\/wp-content\/uploads\/2023\/07\/transferir.jpg",400,401,false],"1536x1536":["https:\/\/blogopara.com.br\/wp-content\/uploads\/2023\/07\/transferir.jpg",400,401,false],"2048x2048":["https:\/\/blogopara.com.br\/wp-content\/uploads\/2023\/07\/transferir.jpg",400,401,false],"mantranews-slider-large":["https:\/\/blogopara.com.br\/wp-content\/uploads\/2023\/07\/transferir.jpg",400,401,false],"mantranews-featured-medium":["https:\/\/blogopara.com.br\/wp-content\/uploads\/2023\/07\/transferir-400x307.jpg",400,307,true],"mantranews-featured-long":["https:\/\/blogopara.com.br\/wp-content\/uploads\/2023\/07\/transferir-300x401.jpg",300,401,true],"mantranews-block-medium":["https:\/\/blogopara.com.br\/wp-content\/uploads\/2023\/07\/transferir-400x290.jpg",400,290,true],"mantranews-carousel-image":["https:\/\/blogopara.com.br\/wp-content\/uploads\/2023\/07\/transferir.jpg",400,401,false],"mantranews-block-thumb":["https:\/\/blogopara.com.br\/wp-content\/uploads\/2023\/07\/transferir-322x230.jpg",322,230,true],"mantranews-single-large":["https:\/\/blogopara.com.br\/wp-content\/uploads\/2023\/07\/transferir.jpg",400,401,false]},"uagb_author_info":{"display_name":"Reda\u00e7\u00e3o geral","author_link":"https:\/\/blogopara.com.br\/index.php\/author\/blogopara"},"uagb_comment_info":0,"uagb_excerpt":"A Associa\u00e7\u00e3o Brasileira de C\u00e2ncer de Cabe\u00e7a e Pesco\u00e7o (ACBG Brasil) realiza, neste m\u00eas de julho, a 7\u00aa Campanha Nacional de Preven\u00e7\u00e3o do C\u00e2ncer de Cabe\u00e7a e Pesco\u00e7o. Em abril do ano passado, a Lei 14.328 oficializou o per\u00edodo como M\u00eas Nacional de Combate a esse tipo da doen\u00e7a. A campanha pretende conscientizar a popula\u00e7\u00e3o&hellip;","jetpack_sharing_enabled":true,"jetpack_likes_enabled":true,"_links":{"self":[{"href":"https:\/\/blogopara.com.br\/index.php\/wp-json\/wp\/v2\/posts\/54482","targetHints":{"allow":["GET"]}}],"collection":[{"href":"https:\/\/blogopara.com.br\/index.php\/wp-json\/wp\/v2\/posts"}],"about":[{"href":"https:\/\/blogopara.com.br\/index.php\/wp-json\/wp\/v2\/types\/post"}],"author":[{"embeddable":true,"href":"https:\/\/blogopara.com.br\/index.php\/wp-json\/wp\/v2\/users\/1"}],"replies":[{"embeddable":true,"href":"https:\/\/blogopara.com.br\/index.php\/wp-json\/wp\/v2\/comments?post=54482"}],"version-history":[{"count":1,"href":"https:\/\/blogopara.com.br\/index.php\/wp-json\/wp\/v2\/posts\/54482\/revisions"}],"predecessor-version":[{"id":54484,"href":"https:\/\/blogopara.com.br\/index.php\/wp-json\/wp\/v2\/posts\/54482\/revisions\/54484"}],"wp:featuredmedia":[{"embeddable":true,"href":"https:\/\/blogopara.com.br\/index.php\/wp-json\/wp\/v2\/media\/54483"}],"wp:attachment":[{"href":"https:\/\/blogopara.com.br\/index.php\/wp-json\/wp\/v2\/media?parent=54482"}],"wp:term":[{"taxonomy":"category","embeddable":true,"href":"https:\/\/blogopara.com.br\/index.php\/wp-json\/wp\/v2\/categories?post=54482"},{"taxonomy":"post_tag","embeddable":true,"href":"https:\/\/blogopara.com.br\/index.php\/wp-json\/wp\/v2\/tags?post=54482"}],"curies":[{"name":"wp","href":"https:\/\/api.w.org\/{rel}","templated":true}]}}