{"id":54485,"date":"2023-07-03T10:20:00","date_gmt":"2023-07-03T13:20:00","guid":{"rendered":"https:\/\/blogopara.com.br\/?p=54485"},"modified":"2023-07-03T08:21:18","modified_gmt":"2023-07-03T11:21:18","slug":"enem-tem-39-milhoes-de-inscritos","status":"publish","type":"post","link":"https:\/\/blogopara.com.br\/index.php\/2023\/07\/03\/enem-tem-39-milhoes-de-inscritos","title":{"rendered":"Enem tem 3,9 milh\u00f5es de inscritos"},"content":{"rendered":"<p style=\"text-align: justify;\">Mais de 3,9 milh\u00f5es de pessoas est\u00e3o inscritas no Exame Nacional do Ensino M\u00e9dio (Enem) 2023 \u2013 13,1% a mais que em 2022, quando foram registrados 3,4 milh\u00f5es de inscritos; e 14,2%, a mais que em 2021, quando tamb\u00e9m houve 3,4 milh\u00f5es de inscritos.<\/p>\n<p style=\"text-align: justify;\">\u201cO n\u00famero indica uma retomada no que diz respeito ao aumento de participantes, se comparado aos dados do bi\u00eanio anterior\u201d, avaliou o Instituto Nacional de Estudos e Pesquisas Educacionais An\u00edsio Teixeira (Inep) em nota.<\/p>\n<p style=\"text-align: justify;\">De acordo com a entidade, 2,4 milh\u00f5es do total de inscritos s\u00e3o mulheres (61,3%) em meio a 1,5 milh\u00e3o de homens (38,7%). Al\u00e9m disso, mais de 1,8 milh\u00e3o dos candidatos j\u00e1 conclu\u00edram o ensino m\u00e9dio (48,2%), enquanto 1,4 milh\u00e3o devem concluir o segmento este ano (35,6%).<\/p>\n<p style=\"text-align: justify;\">Ainda entre os inscritos, 620.250 s\u00e3o estudantes do 1\u00ba ou do 2\u00ba ano do ensino m\u00e9dio (15,8%), que v\u00e3o fazer o Enem com o objetivo de testar conhecimentos, enquanto 17.443 tamb\u00e9m se classificam como \u201ctreineiros\u201d, visto que n\u00e3o cursam nem conclu\u00edram o ensino m\u00e9dio (0,4%) .<\/p>\n<p style=\"text-align: justify;\">A maior parte dos participantes, segundo o Inep, tem 17 anos (21,5%), seguida pela faixa et\u00e1ria de 21 a 30 anos (20,8%) e pelo grupo com 18 anos (20,8%). Os inscritos com 16 anos ou menos correspondem a 10,6%; e os com 19 anos, a 10,2%. As pessoas de 31 a 59 anos somam 9,4%; a faixa de 20 anos concentra 6,4% do total e os com 60 anos ou mais, 0,3%.<\/p>\n<p style=\"text-align: justify;\">Exame<\/p>\n<p style=\"text-align: justify;\">O Enem avalia o desempenho escolar dos estudantes ao t\u00e9rmino da educa\u00e7\u00e3o b\u00e1sica e \u00e9 considerado a principal porta de entrada para a educa\u00e7\u00e3o superior no pa\u00eds. Institui\u00e7\u00f5es de ensino p\u00fablicas e privadas utilizam o exame para selecionar estudantes.<\/p>\n<p style=\"text-align: justify;\">Os resultados do Enem s\u00e3o utilizados como crit\u00e9rio \u00fanico ou complementar de processos seletivos, al\u00e9m de servirem de par\u00e2metros para acesso a aux\u00edlios governamentais, como o Fundo de Financiamento Estudantil (Fies).<\/p>\n<p style=\"text-align: justify;\">Os resultados individuais do exame tamb\u00e9m podem ser aproveitados em processos seletivos de institui\u00e7\u00f5es portuguesas que possuem conv\u00eanio com o Inep.<\/p>\n","protected":false},"excerpt":{"rendered":"<p>Mais de 3,9 milh\u00f5es de pessoas est\u00e3o inscritas no Exame Nacional do Ensino M\u00e9dio (Enem) 2023 \u2013 13,1% a mais que em 2022, quando foram registrados 3,4 milh\u00f5es de inscritos; e 14,2%, a mais que em 2021, quando tamb\u00e9m houve 3,4 milh\u00f5es de inscritos. \u201cO n\u00famero indica uma retomada no que diz respeito ao aumento [&hellip;]<\/p>\n","protected":false},"author":1,"featured_media":42302,"comment_status":"closed","ping_status":"open","sticky":false,"template":"","format":"standard","meta":{"_uag_custom_page_level_css":"","_monsterinsights_skip_tracking":false,"_monsterinsights_sitenote_active":false,"_monsterinsights_sitenote_note":"","_monsterinsights_sitenote_category":0,"jetpack_post_was_ever_published":false,"_jetpack_newsletter_access":"","_jetpack_dont_email_post_to_subs":false,"_jetpack_newsletter_tier_id":0,"_jetpack_memberships_contains_paywalled_content":false,"_jetpack_memberships_contains_paid_content":false,"footnotes":"","jetpack_publicize_message":"","jetpack_publicize_feature_enabled":true,"jetpack_social_post_already_shared":true,"jetpack_social_options":{"image_generator_settings":{"template":"highway","default_image_id":0,"font":"","enabled":false},"version":2}},"categories":[200,209],"tags":[],"class_list":["post-54485","post","type-post","status-publish","format-standard","has-post-thumbnail","hentry","category-brasil","category-educacao"],"jetpack_publicize_connections":[],"jetpack_featured_media_url":"https:\/\/blogopara.com.br\/wp-content\/uploads\/2022\/09\/enem_2021_rvrsa_abr_112120210241.jpg","uagb_featured_image_src":{"full":["https:\/\/blogopara.com.br\/wp-content\/uploads\/2022\/09\/enem_2021_rvrsa_abr_112120210241.jpg",500,299,false],"thumbnail":["https:\/\/blogopara.com.br\/wp-content\/uploads\/2022\/09\/enem_2021_rvrsa_abr_112120210241-150x150.jpg",150,150,true],"medium":["https:\/\/blogopara.com.br\/wp-content\/uploads\/2022\/09\/enem_2021_rvrsa_abr_112120210241-300x179.jpg",300,179,true],"medium_large":["https:\/\/blogopara.com.br\/wp-content\/uploads\/2022\/09\/enem_2021_rvrsa_abr_112120210241.jpg",500,299,false],"large":["https:\/\/blogopara.com.br\/wp-content\/uploads\/2022\/09\/enem_2021_rvrsa_abr_112120210241.jpg",500,299,false],"1536x1536":["https:\/\/blogopara.com.br\/wp-content\/uploads\/2022\/09\/enem_2021_rvrsa_abr_112120210241.jpg",500,299,false],"2048x2048":["https:\/\/blogopara.com.br\/wp-content\/uploads\/2022\/09\/enem_2021_rvrsa_abr_112120210241.jpg",500,299,false],"mantranews-slider-large":["https:\/\/blogopara.com.br\/wp-content\/uploads\/2022\/09\/enem_2021_rvrsa_abr_112120210241.jpg",500,299,false],"mantranews-featured-medium":["https:\/\/blogopara.com.br\/wp-content\/uploads\/2022\/09\/enem_2021_rvrsa_abr_112120210241-420x299.jpg",420,299,true],"mantranews-featured-long":["https:\/\/blogopara.com.br\/wp-content\/uploads\/2022\/09\/enem_2021_rvrsa_abr_112120210241-300x299.jpg",300,299,true],"mantranews-block-medium":["https:\/\/blogopara.com.br\/wp-content\/uploads\/2022\/09\/enem_2021_rvrsa_abr_112120210241-464x290.jpg",464,290,true],"mantranews-carousel-image":["https:\/\/blogopara.com.br\/wp-content\/uploads\/2022\/09\/enem_2021_rvrsa_abr_112120210241.jpg",500,299,false],"mantranews-block-thumb":["https:\/\/blogopara.com.br\/wp-content\/uploads\/2022\/09\/enem_2021_rvrsa_abr_112120210241-322x230.jpg",322,230,true],"mantranews-single-large":["https:\/\/blogopara.com.br\/wp-content\/uploads\/2022\/09\/enem_2021_rvrsa_abr_112120210241.jpg",500,299,false]},"uagb_author_info":{"display_name":"Reda\u00e7\u00e3o geral","author_link":"https:\/\/blogopara.com.br\/index.php\/author\/blogopara"},"uagb_comment_info":0,"uagb_excerpt":"Mais de 3,9 milh\u00f5es de pessoas est\u00e3o inscritas no Exame Nacional do Ensino M\u00e9dio (Enem) 2023 \u2013 13,1% a mais que em 2022, quando foram registrados 3,4 milh\u00f5es de inscritos; e 14,2%, a mais que em 2021, quando tamb\u00e9m houve 3,4 milh\u00f5es de inscritos. \u201cO n\u00famero indica uma retomada no que diz respeito ao aumento&hellip;","jetpack_sharing_enabled":true,"jetpack_likes_enabled":true,"_links":{"self":[{"href":"https:\/\/blogopara.com.br\/index.php\/wp-json\/wp\/v2\/posts\/54485","targetHints":{"allow":["GET"]}}],"collection":[{"href":"https:\/\/blogopara.com.br\/index.php\/wp-json\/wp\/v2\/posts"}],"about":[{"href":"https:\/\/blogopara.com.br\/index.php\/wp-json\/wp\/v2\/types\/post"}],"author":[{"embeddable":true,"href":"https:\/\/blogopara.com.br\/index.php\/wp-json\/wp\/v2\/users\/1"}],"replies":[{"embeddable":true,"href":"https:\/\/blogopara.com.br\/index.php\/wp-json\/wp\/v2\/comments?post=54485"}],"version-history":[{"count":1,"href":"https:\/\/blogopara.com.br\/index.php\/wp-json\/wp\/v2\/posts\/54485\/revisions"}],"predecessor-version":[{"id":54486,"href":"https:\/\/blogopara.com.br\/index.php\/wp-json\/wp\/v2\/posts\/54485\/revisions\/54486"}],"wp:featuredmedia":[{"embeddable":true,"href":"https:\/\/blogopara.com.br\/index.php\/wp-json\/wp\/v2\/media\/42302"}],"wp:attachment":[{"href":"https:\/\/blogopara.com.br\/index.php\/wp-json\/wp\/v2\/media?parent=54485"}],"wp:term":[{"taxonomy":"category","embeddable":true,"href":"https:\/\/blogopara.com.br\/index.php\/wp-json\/wp\/v2\/categories?post=54485"},{"taxonomy":"post_tag","embeddable":true,"href":"https:\/\/blogopara.com.br\/index.php\/wp-json\/wp\/v2\/tags?post=54485"}],"curies":[{"name":"wp","href":"https:\/\/api.w.org\/{rel}","templated":true}]}}