{"id":54487,"date":"2023-07-03T11:22:00","date_gmt":"2023-07-03T14:22:00","guid":{"rendered":"https:\/\/blogopara.com.br\/?p=54487"},"modified":"2023-07-03T08:23:40","modified_gmt":"2023-07-03T11:23:40","slug":"petrolina-divulga-cronograma-de-unidade-movel-medica-para-o-mes-de-julho","status":"publish","type":"post","link":"https:\/\/blogopara.com.br\/index.php\/2023\/07\/03\/petrolina-divulga-cronograma-de-unidade-movel-medica-para-o-mes-de-julho","title":{"rendered":"Petrolina divulga cronograma de Unidade M\u00f3vel M\u00e9dica para o m\u00eas de julho"},"content":{"rendered":"<p style=\"text-align: justify;\">A Secretaria de Sa\u00fade inicia o m\u00eas de julho com a\u00e7\u00f5es de sa\u00fade na zona rural da cidade. Ser\u00e3o assistidas 20 comunidades do interior atrav\u00e9s dos servi\u00e7os de atendimento m\u00e9dico da Unidade M\u00f3vel.<\/p>\n<p style=\"text-align: justify;\">O ve\u00edculo estar\u00e1 dispon\u00edvel em diferentes comunidades, atendendo quem \u00e9 usu\u00e1rio das localidades descobertas de Unidade B\u00e1sica de Sa\u00fade.<\/p>\n<p style=\"text-align: justify;\">Essa \u00e9 uma a\u00e7\u00e3o que visa facilitar o acesso \u00e0s consultas m\u00e9dicas para os moradores que residem nas \u00e1reas mais distantes da cidade. Para fazer a consulta n\u00e3o \u00e9 necess\u00e1rio agendamento, basta comparecer com um documento de identifica\u00e7\u00e3o com foto, cart\u00e3o SUS ou CPF. A equipe come\u00e7a a atender a partir das 8h.<\/p>\n<p style=\"text-align: justify;\">CRONOGRAMA<\/p>\n<p style=\"text-align: justify;\">03\/07 \u2013 Barreiras<\/p>\n<p style=\"text-align: justify;\">04\/07 \u2013 N 02<\/p>\n<p style=\"text-align: justify;\">05\/07 \u2013 Assentamento Cacimba dos Sonhos<\/p>\n<p style=\"text-align: justify;\">07\/07 \u2013 Mirador<\/p>\n<p style=\"text-align: justify;\">10\/07 \u2013 Gar\u00e7a<\/p>\n<p style=\"text-align: justify;\">11\/07 \u2013\u00a0\u00a0\u00c1gua Branca<\/p>\n<p style=\"text-align: justify;\">12\/07 \u2013 Bom Jardim<\/p>\n<p style=\"text-align: justify;\">13\/07 \u2013 Assentamento Jos\u00e9 Almeida<\/p>\n<p style=\"text-align: justify;\">14\/07 \u2013 KM 45<\/p>\n<p style=\"text-align: justify;\">17\/07 \u2013 Pedra da Cerca<\/p>\n<p style=\"text-align: justify;\">18\/07 \u2013 Satisfeito I<\/p>\n<p style=\"text-align: justify;\">19\/07 \u2013 Assentamento Fortaleza<\/p>\n<p style=\"text-align: justify;\">20\/07 \u2013 Cacimbo do Bonfim<\/p>\n<p style=\"text-align: justify;\">21\/07 \u2013 Po\u00e7o da Cruz<\/p>\n<p style=\"text-align: justify;\">24\/07 \u2013 R4<\/p>\n<p style=\"text-align: justify;\">25\/07 \u2013 Cabaceira<\/p>\n<p style=\"text-align: justify;\">26\/07 \u2013 Assentamento Manga Nova<\/p>\n<p style=\"text-align: justify;\">27\/07 \u2013 Maria Gorete<\/p>\n<p style=\"text-align: justify;\">28\/07 \u2013 Assentamento Gavi\u00e3o<\/p>\n<p style=\"text-align: justify;\">31\/07 \u2013 S\u00edtio Mandacaru<\/p>\n","protected":false},"excerpt":{"rendered":"<p>A Secretaria de Sa\u00fade inicia o m\u00eas de julho com a\u00e7\u00f5es de sa\u00fade na zona rural da cidade. Ser\u00e3o assistidas 20 comunidades do interior atrav\u00e9s dos servi\u00e7os de atendimento m\u00e9dico da Unidade M\u00f3vel. O ve\u00edculo estar\u00e1 dispon\u00edvel em diferentes comunidades, atendendo quem \u00e9 usu\u00e1rio das localidades descobertas de Unidade B\u00e1sica de Sa\u00fade. Essa \u00e9 uma [&hellip;]<\/p>\n","protected":false},"author":1,"featured_media":54488,"comment_status":"closed","ping_status":"open","sticky":false,"template":"","format":"standard","meta":{"_uag_custom_page_level_css":"","_monsterinsights_skip_tracking":false,"_monsterinsights_sitenote_active":false,"_monsterinsights_sitenote_note":"","_monsterinsights_sitenote_category":0,"jetpack_post_was_ever_published":false,"_jetpack_newsletter_access":"","_jetpack_dont_email_post_to_subs":false,"_jetpack_newsletter_tier_id":0,"_jetpack_memberships_contains_paywalled_content":false,"_jetpack_memberships_contains_paid_content":false,"footnotes":"","jetpack_publicize_message":"","jetpack_publicize_feature_enabled":true,"jetpack_social_post_already_shared":true,"jetpack_social_options":{"image_generator_settings":{"template":"highway","default_image_id":0,"font":"","enabled":false},"version":2}},"categories":[205],"tags":[],"class_list":["post-54487","post","type-post","status-publish","format-standard","has-post-thumbnail","hentry","category-saude"],"jetpack_publicize_connections":[],"jetpack_featured_media_url":"https:\/\/blogopara.com.br\/wp-content\/uploads\/2023\/07\/Unidade-Movel-Medica6.jpeg","uagb_featured_image_src":{"full":["https:\/\/blogopara.com.br\/wp-content\/uploads\/2023\/07\/Unidade-Movel-Medica6.jpeg",500,333,false],"thumbnail":["https:\/\/blogopara.com.br\/wp-content\/uploads\/2023\/07\/Unidade-Movel-Medica6-150x150.jpeg",150,150,true],"medium":["https:\/\/blogopara.com.br\/wp-content\/uploads\/2023\/07\/Unidade-Movel-Medica6-300x200.jpeg",300,200,true],"medium_large":["https:\/\/blogopara.com.br\/wp-content\/uploads\/2023\/07\/Unidade-Movel-Medica6.jpeg",500,333,false],"large":["https:\/\/blogopara.com.br\/wp-content\/uploads\/2023\/07\/Unidade-Movel-Medica6.jpeg",500,333,false],"1536x1536":["https:\/\/blogopara.com.br\/wp-content\/uploads\/2023\/07\/Unidade-Movel-Medica6.jpeg",500,333,false],"2048x2048":["https:\/\/blogopara.com.br\/wp-content\/uploads\/2023\/07\/Unidade-Movel-Medica6.jpeg",500,333,false],"mantranews-slider-large":["https:\/\/blogopara.com.br\/wp-content\/uploads\/2023\/07\/Unidade-Movel-Medica6.jpeg",500,333,false],"mantranews-featured-medium":["https:\/\/blogopara.com.br\/wp-content\/uploads\/2023\/07\/Unidade-Movel-Medica6-420x307.jpeg",420,307,true],"mantranews-featured-long":["https:\/\/blogopara.com.br\/wp-content\/uploads\/2023\/07\/Unidade-Movel-Medica6-300x333.jpeg",300,333,true],"mantranews-block-medium":["https:\/\/blogopara.com.br\/wp-content\/uploads\/2023\/07\/Unidade-Movel-Medica6-464x290.jpeg",464,290,true],"mantranews-carousel-image":["https:\/\/blogopara.com.br\/wp-content\/uploads\/2023\/07\/Unidade-Movel-Medica6.jpeg",500,333,false],"mantranews-block-thumb":["https:\/\/blogopara.com.br\/wp-content\/uploads\/2023\/07\/Unidade-Movel-Medica6-322x230.jpeg",322,230,true],"mantranews-single-large":["https:\/\/blogopara.com.br\/wp-content\/uploads\/2023\/07\/Unidade-Movel-Medica6.jpeg",500,333,false]},"uagb_author_info":{"display_name":"Reda\u00e7\u00e3o geral","author_link":"https:\/\/blogopara.com.br\/index.php\/author\/blogopara"},"uagb_comment_info":0,"uagb_excerpt":"A Secretaria de Sa\u00fade inicia o m\u00eas de julho com a\u00e7\u00f5es de sa\u00fade na zona rural da cidade. Ser\u00e3o assistidas 20 comunidades do interior atrav\u00e9s dos servi\u00e7os de atendimento m\u00e9dico da Unidade M\u00f3vel. O ve\u00edculo estar\u00e1 dispon\u00edvel em diferentes comunidades, atendendo quem \u00e9 usu\u00e1rio das localidades descobertas de Unidade B\u00e1sica de Sa\u00fade. Essa \u00e9 uma&hellip;","jetpack_sharing_enabled":true,"jetpack_likes_enabled":true,"_links":{"self":[{"href":"https:\/\/blogopara.com.br\/index.php\/wp-json\/wp\/v2\/posts\/54487","targetHints":{"allow":["GET"]}}],"collection":[{"href":"https:\/\/blogopara.com.br\/index.php\/wp-json\/wp\/v2\/posts"}],"about":[{"href":"https:\/\/blogopara.com.br\/index.php\/wp-json\/wp\/v2\/types\/post"}],"author":[{"embeddable":true,"href":"https:\/\/blogopara.com.br\/index.php\/wp-json\/wp\/v2\/users\/1"}],"replies":[{"embeddable":true,"href":"https:\/\/blogopara.com.br\/index.php\/wp-json\/wp\/v2\/comments?post=54487"}],"version-history":[{"count":1,"href":"https:\/\/blogopara.com.br\/index.php\/wp-json\/wp\/v2\/posts\/54487\/revisions"}],"predecessor-version":[{"id":54489,"href":"https:\/\/blogopara.com.br\/index.php\/wp-json\/wp\/v2\/posts\/54487\/revisions\/54489"}],"wp:featuredmedia":[{"embeddable":true,"href":"https:\/\/blogopara.com.br\/index.php\/wp-json\/wp\/v2\/media\/54488"}],"wp:attachment":[{"href":"https:\/\/blogopara.com.br\/index.php\/wp-json\/wp\/v2\/media?parent=54487"}],"wp:term":[{"taxonomy":"category","embeddable":true,"href":"https:\/\/blogopara.com.br\/index.php\/wp-json\/wp\/v2\/categories?post=54487"},{"taxonomy":"post_tag","embeddable":true,"href":"https:\/\/blogopara.com.br\/index.php\/wp-json\/wp\/v2\/tags?post=54487"}],"curies":[{"name":"wp","href":"https:\/\/api.w.org\/{rel}","templated":true}]}}