{"id":54508,"date":"2023-07-03T15:46:00","date_gmt":"2023-07-03T18:46:00","guid":{"rendered":"https:\/\/blogopara.com.br\/?p=54508"},"modified":"2023-07-03T08:48:28","modified_gmt":"2023-07-03T11:48:28","slug":"morre-norma-haddad-mae-do-ministro-fernando-haddad","status":"publish","type":"post","link":"https:\/\/blogopara.com.br\/index.php\/2023\/07\/03\/morre-norma-haddad-mae-do-ministro-fernando-haddad","title":{"rendered":"Morre Norma Haddad, m\u00e3e do ministro Fernando Haddad"},"content":{"rendered":"<p style=\"text-align: justify;\">Morreu neste domingo (2), aos 85 anos, Norma Theresa Goussein Haddad, m\u00e3e do ministro da Fazenda,\u00a0Fernando Haddad. Al\u00e9m do ex-prefeito de\u00a0S\u00e3o Paulo, ela deixa as filhas Priscila e L\u00facia.<\/p>\n<p style=\"text-align: justify;\">Norma lutou contra um c\u00e2ncer por tr\u00eas anos. O vel\u00f3rio dela est\u00e1 marcado para esta segunda-feira (3) no Cemit\u00e9rio Gethsemani Morumbi, na Zona Sul de S\u00e3o Paulo. O sepultamento ser\u00e1 realizado \u00e0s 16 horas, no mesmo local.<\/p>\n<p class=\"leiamais\" style=\"text-align: justify;\">\n","protected":false},"excerpt":{"rendered":"<p>Morreu neste domingo (2), aos 85 anos, Norma Theresa Goussein Haddad, m\u00e3e do ministro da Fazenda,\u00a0Fernando Haddad. Al\u00e9m do ex-prefeito de\u00a0S\u00e3o Paulo, ela deixa as filhas Priscila e L\u00facia. Norma lutou contra um c\u00e2ncer por tr\u00eas anos. O vel\u00f3rio dela est\u00e1 marcado para esta segunda-feira (3) no Cemit\u00e9rio Gethsemani Morumbi, na Zona Sul de S\u00e3o [&hellip;]<\/p>\n","protected":false},"author":1,"featured_media":54509,"comment_status":"closed","ping_status":"open","sticky":false,"template":"","format":"standard","meta":{"_uag_custom_page_level_css":"","_monsterinsights_skip_tracking":false,"_monsterinsights_sitenote_active":false,"_monsterinsights_sitenote_note":"","_monsterinsights_sitenote_category":0,"jetpack_post_was_ever_published":false,"_jetpack_newsletter_access":"","_jetpack_dont_email_post_to_subs":false,"_jetpack_newsletter_tier_id":0,"_jetpack_memberships_contains_paywalled_content":false,"_jetpack_memberships_contains_paid_content":false,"footnotes":"","jetpack_publicize_message":"","jetpack_publicize_feature_enabled":true,"jetpack_social_post_already_shared":true,"jetpack_social_options":{"image_generator_settings":{"template":"highway","default_image_id":0,"font":"","enabled":false},"version":2}},"categories":[200],"tags":[],"class_list":["post-54508","post","type-post","status-publish","format-standard","has-post-thumbnail","hentry","category-brasil"],"jetpack_publicize_connections":[],"jetpack_featured_media_url":"https:\/\/blogopara.com.br\/wp-content\/uploads\/2023\/07\/20121165_1176819762423418_7045356858242741761_o-e1688381850650.jpg","uagb_featured_image_src":{"full":["https:\/\/blogopara.com.br\/wp-content\/uploads\/2023\/07\/20121165_1176819762423418_7045356858242741761_o-e1688381850650.jpg",500,328,false],"thumbnail":["https:\/\/blogopara.com.br\/wp-content\/uploads\/2023\/07\/20121165_1176819762423418_7045356858242741761_o-e1688381850650-150x150.jpg",150,150,true],"medium":["https:\/\/blogopara.com.br\/wp-content\/uploads\/2023\/07\/20121165_1176819762423418_7045356858242741761_o-e1688381850650-300x197.jpg",300,197,true],"medium_large":["https:\/\/blogopara.com.br\/wp-content\/uploads\/2023\/07\/20121165_1176819762423418_7045356858242741761_o-e1688381850650.jpg",500,328,false],"large":["https:\/\/blogopara.com.br\/wp-content\/uploads\/2023\/07\/20121165_1176819762423418_7045356858242741761_o-e1688381850650.jpg",500,328,false],"1536x1536":["https:\/\/blogopara.com.br\/wp-content\/uploads\/2023\/07\/20121165_1176819762423418_7045356858242741761_o-e1688381850650.jpg",500,328,false],"2048x2048":["https:\/\/blogopara.com.br\/wp-content\/uploads\/2023\/07\/20121165_1176819762423418_7045356858242741761_o-e1688381850650.jpg",500,328,false],"mantranews-slider-large":["https:\/\/blogopara.com.br\/wp-content\/uploads\/2023\/07\/20121165_1176819762423418_7045356858242741761_o-e1688381850650.jpg",500,328,false],"mantranews-featured-medium":["https:\/\/blogopara.com.br\/wp-content\/uploads\/2023\/07\/20121165_1176819762423418_7045356858242741761_o-e1688381850650-420x307.jpg",420,307,true],"mantranews-featured-long":["https:\/\/blogopara.com.br\/wp-content\/uploads\/2023\/07\/20121165_1176819762423418_7045356858242741761_o-e1688381850650-300x328.jpg",300,328,true],"mantranews-block-medium":["https:\/\/blogopara.com.br\/wp-content\/uploads\/2023\/07\/20121165_1176819762423418_7045356858242741761_o-e1688381850650-464x290.jpg",464,290,true],"mantranews-carousel-image":["https:\/\/blogopara.com.br\/wp-content\/uploads\/2023\/07\/20121165_1176819762423418_7045356858242741761_o-e1688381850650.jpg",500,328,false],"mantranews-block-thumb":["https:\/\/blogopara.com.br\/wp-content\/uploads\/2023\/07\/20121165_1176819762423418_7045356858242741761_o-e1688381850650-322x230.jpg",322,230,true],"mantranews-single-large":["https:\/\/blogopara.com.br\/wp-content\/uploads\/2023\/07\/20121165_1176819762423418_7045356858242741761_o-e1688381850650.jpg",500,328,false]},"uagb_author_info":{"display_name":"Reda\u00e7\u00e3o geral","author_link":"https:\/\/blogopara.com.br\/index.php\/author\/blogopara"},"uagb_comment_info":0,"uagb_excerpt":"Morreu neste domingo (2), aos 85 anos, Norma Theresa Goussein Haddad, m\u00e3e do ministro da Fazenda,\u00a0Fernando Haddad. Al\u00e9m do ex-prefeito de\u00a0S\u00e3o Paulo, ela deixa as filhas Priscila e L\u00facia. Norma lutou contra um c\u00e2ncer por tr\u00eas anos. O vel\u00f3rio dela est\u00e1 marcado para esta segunda-feira (3) no Cemit\u00e9rio Gethsemani Morumbi, na Zona Sul de S\u00e3o&hellip;","jetpack_sharing_enabled":true,"jetpack_likes_enabled":true,"_links":{"self":[{"href":"https:\/\/blogopara.com.br\/index.php\/wp-json\/wp\/v2\/posts\/54508","targetHints":{"allow":["GET"]}}],"collection":[{"href":"https:\/\/blogopara.com.br\/index.php\/wp-json\/wp\/v2\/posts"}],"about":[{"href":"https:\/\/blogopara.com.br\/index.php\/wp-json\/wp\/v2\/types\/post"}],"author":[{"embeddable":true,"href":"https:\/\/blogopara.com.br\/index.php\/wp-json\/wp\/v2\/users\/1"}],"replies":[{"embeddable":true,"href":"https:\/\/blogopara.com.br\/index.php\/wp-json\/wp\/v2\/comments?post=54508"}],"version-history":[{"count":1,"href":"https:\/\/blogopara.com.br\/index.php\/wp-json\/wp\/v2\/posts\/54508\/revisions"}],"predecessor-version":[{"id":54510,"href":"https:\/\/blogopara.com.br\/index.php\/wp-json\/wp\/v2\/posts\/54508\/revisions\/54510"}],"wp:featuredmedia":[{"embeddable":true,"href":"https:\/\/blogopara.com.br\/index.php\/wp-json\/wp\/v2\/media\/54509"}],"wp:attachment":[{"href":"https:\/\/blogopara.com.br\/index.php\/wp-json\/wp\/v2\/media?parent=54508"}],"wp:term":[{"taxonomy":"category","embeddable":true,"href":"https:\/\/blogopara.com.br\/index.php\/wp-json\/wp\/v2\/categories?post=54508"},{"taxonomy":"post_tag","embeddable":true,"href":"https:\/\/blogopara.com.br\/index.php\/wp-json\/wp\/v2\/tags?post=54508"}],"curies":[{"name":"wp","href":"https:\/\/api.w.org\/{rel}","templated":true}]}}