{"id":54528,"date":"2023-07-04T09:20:00","date_gmt":"2023-07-04T12:20:00","guid":{"rendered":"https:\/\/blogopara.com.br\/?p=54528"},"modified":"2023-07-03T19:40:01","modified_gmt":"2023-07-03T22:40:01","slug":"gestao-suzana-ramos-investe-em-obras-de-manutencao-e-revitalizacao-do-mercado-do-produtor-de-juazeiro","status":"publish","type":"post","link":"https:\/\/blogopara.com.br\/index.php\/2023\/07\/04\/gestao-suzana-ramos-investe-em-obras-de-manutencao-e-revitalizacao-do-mercado-do-produtor-de-juazeiro","title":{"rendered":"Gest\u00e3o Suzana Ramos investe em obras de manuten\u00e7\u00e3o e revitaliza\u00e7\u00e3o do Mercado do Produtor de Juazeiro"},"content":{"rendered":"<p class=\"x_MsoNormal\" style=\"text-align: justify;\">A Prefeitura de Juazeiro, por meio da Autarquia Municipal de Abastecimento (AMA) est\u00e1 executando uma s\u00e9rie de melhorias e reparos na infraestrutura do Mercado do Produtor. Uma iniciativa que tem como objetivo oferecer mais infraestrutura, conforto e seguran\u00e7a aos permission\u00e1rios e usu\u00e1rios do entreposto.<\/p>\n<p class=\"x_MsoNormal\" style=\"text-align: justify;\">\u201cSeguimos trabalhando e investindo no Mercado do Produtor que \u00e9 o segundo maior do Brasil em comercializa\u00e7\u00e3o de frutas e verduras. Nosso objetivo \u00e9 investir cada vez mais em a\u00e7\u00f5es para melhorar a vida dos nossos permission\u00e1rios e para todos que trabalham no Mercado do Produtor de Juazeiro\u201d, afirmou a prefeita Suzana Ramos.<\/p>\n<p class=\"x_MsoNormal\" style=\"text-align: justify;\">Depois de refazer mais de 5 mil metros quadrados de pavimenta\u00e7\u00e3o asf\u00e1ltica, beneficiando a \u00e1rea mais cr\u00edtica do Mercado, e instalar piso intertravado em grande parte da cal\u00e7ada externa e na \u00e1rea do estacionamento, agora o trabalho se concentra na pintura de toda a grade externa e do setor administrativo.<\/p>\n<p class=\"x_MsoNormal\" style=\"text-align: justify;\">\u201cEstamos seguindo um cronograma que conta ainda com a reforma da feirinha. Ser\u00e1 a primeira grande interven\u00e7\u00e3o no local. A determina\u00e7\u00e3o da nossa prefeita Suzana Ramos \u00e9 que os permission\u00e1rios e visitantes da Ceasa, possam usufruir do entreposto com mais conforto e seguran\u00e7a\u201d, disse Britoaldo Bessa, diretor da AMA.<\/p>\n<p class=\"x_MsoNormal\" style=\"text-align: justify;\"><b>Ranking<\/b><\/p>\n<p class=\"x_MsoNormal\" style=\"text-align: justify;\">O Mercado do Produtor de Juazeiro ocupa a 2\u00aa posi\u00e7\u00e3o em volume e valores no Ranking Nacional na comercializa\u00e7\u00e3o de hortifrutigranjeiros, conforme dados da Companhia Nacional de Abastecimento (CONAB).<\/p>\n<p class=\"x_MsoNormal\" style=\"text-align: justify;\">Est\u00e1 na frente de Ceasas de grandes capitais, como Rio de Janeiro, Belo Horizonte, Curitiba, Goi\u00e2nia, Campinas, Recife, Porto Alegre e Salvador, ficando atr\u00e1s apenas do CEAGESP, de S\u00e3o Paulo.<\/p>\n","protected":false},"excerpt":{"rendered":"<p>A Prefeitura de Juazeiro, por meio da Autarquia Municipal de Abastecimento (AMA) est\u00e1 executando uma s\u00e9rie de melhorias e reparos na infraestrutura do Mercado do Produtor. Uma iniciativa que tem como objetivo oferecer mais infraestrutura, conforto e seguran\u00e7a aos permission\u00e1rios e usu\u00e1rios do entreposto. \u201cSeguimos trabalhando e investindo no Mercado do Produtor que \u00e9 o [&hellip;]<\/p>\n","protected":false},"author":1,"featured_media":54529,"comment_status":"closed","ping_status":"open","sticky":false,"template":"","format":"standard","meta":{"_uag_custom_page_level_css":"","_monsterinsights_skip_tracking":false,"_monsterinsights_sitenote_active":false,"_monsterinsights_sitenote_note":"","_monsterinsights_sitenote_category":0,"jetpack_post_was_ever_published":false,"_jetpack_newsletter_access":"","_jetpack_dont_email_post_to_subs":false,"_jetpack_newsletter_tier_id":0,"_jetpack_memberships_contains_paywalled_content":false,"_jetpack_memberships_contains_paid_content":false,"footnotes":"","jetpack_publicize_message":"","jetpack_publicize_feature_enabled":true,"jetpack_social_post_already_shared":true,"jetpack_social_options":{"image_generator_settings":{"template":"highway","default_image_id":0,"font":"","enabled":false},"version":2}},"categories":[203,1720],"tags":[],"class_list":["post-54528","post","type-post","status-publish","format-standard","has-post-thumbnail","hentry","category-juazeiro","category-obras"],"jetpack_publicize_connections":[],"jetpack_featured_media_url":"https:\/\/blogopara.com.br\/wp-content\/uploads\/2023\/07\/thumbnail_ceasa3.jpg","uagb_featured_image_src":{"full":["https:\/\/blogopara.com.br\/wp-content\/uploads\/2023\/07\/thumbnail_ceasa3.jpg",500,333,false],"thumbnail":["https:\/\/blogopara.com.br\/wp-content\/uploads\/2023\/07\/thumbnail_ceasa3-150x150.jpg",150,150,true],"medium":["https:\/\/blogopara.com.br\/wp-content\/uploads\/2023\/07\/thumbnail_ceasa3-300x200.jpg",300,200,true],"medium_large":["https:\/\/blogopara.com.br\/wp-content\/uploads\/2023\/07\/thumbnail_ceasa3.jpg",500,333,false],"large":["https:\/\/blogopara.com.br\/wp-content\/uploads\/2023\/07\/thumbnail_ceasa3.jpg",500,333,false],"1536x1536":["https:\/\/blogopara.com.br\/wp-content\/uploads\/2023\/07\/thumbnail_ceasa3.jpg",500,333,false],"2048x2048":["https:\/\/blogopara.com.br\/wp-content\/uploads\/2023\/07\/thumbnail_ceasa3.jpg",500,333,false],"mantranews-slider-large":["https:\/\/blogopara.com.br\/wp-content\/uploads\/2023\/07\/thumbnail_ceasa3.jpg",500,333,false],"mantranews-featured-medium":["https:\/\/blogopara.com.br\/wp-content\/uploads\/2023\/07\/thumbnail_ceasa3-420x307.jpg",420,307,true],"mantranews-featured-long":["https:\/\/blogopara.com.br\/wp-content\/uploads\/2023\/07\/thumbnail_ceasa3-300x333.jpg",300,333,true],"mantranews-block-medium":["https:\/\/blogopara.com.br\/wp-content\/uploads\/2023\/07\/thumbnail_ceasa3-464x290.jpg",464,290,true],"mantranews-carousel-image":["https:\/\/blogopara.com.br\/wp-content\/uploads\/2023\/07\/thumbnail_ceasa3.jpg",500,333,false],"mantranews-block-thumb":["https:\/\/blogopara.com.br\/wp-content\/uploads\/2023\/07\/thumbnail_ceasa3-322x230.jpg",322,230,true],"mantranews-single-large":["https:\/\/blogopara.com.br\/wp-content\/uploads\/2023\/07\/thumbnail_ceasa3.jpg",500,333,false]},"uagb_author_info":{"display_name":"Reda\u00e7\u00e3o geral","author_link":"https:\/\/blogopara.com.br\/index.php\/author\/blogopara"},"uagb_comment_info":0,"uagb_excerpt":"A Prefeitura de Juazeiro, por meio da Autarquia Municipal de Abastecimento (AMA) est\u00e1 executando uma s\u00e9rie de melhorias e reparos na infraestrutura do Mercado do Produtor. Uma iniciativa que tem como objetivo oferecer mais infraestrutura, conforto e seguran\u00e7a aos permission\u00e1rios e usu\u00e1rios do entreposto. \u201cSeguimos trabalhando e investindo no Mercado do Produtor que \u00e9 o&hellip;","jetpack_sharing_enabled":true,"jetpack_likes_enabled":true,"_links":{"self":[{"href":"https:\/\/blogopara.com.br\/index.php\/wp-json\/wp\/v2\/posts\/54528","targetHints":{"allow":["GET"]}}],"collection":[{"href":"https:\/\/blogopara.com.br\/index.php\/wp-json\/wp\/v2\/posts"}],"about":[{"href":"https:\/\/blogopara.com.br\/index.php\/wp-json\/wp\/v2\/types\/post"}],"author":[{"embeddable":true,"href":"https:\/\/blogopara.com.br\/index.php\/wp-json\/wp\/v2\/users\/1"}],"replies":[{"embeddable":true,"href":"https:\/\/blogopara.com.br\/index.php\/wp-json\/wp\/v2\/comments?post=54528"}],"version-history":[{"count":1,"href":"https:\/\/blogopara.com.br\/index.php\/wp-json\/wp\/v2\/posts\/54528\/revisions"}],"predecessor-version":[{"id":54530,"href":"https:\/\/blogopara.com.br\/index.php\/wp-json\/wp\/v2\/posts\/54528\/revisions\/54530"}],"wp:featuredmedia":[{"embeddable":true,"href":"https:\/\/blogopara.com.br\/index.php\/wp-json\/wp\/v2\/media\/54529"}],"wp:attachment":[{"href":"https:\/\/blogopara.com.br\/index.php\/wp-json\/wp\/v2\/media?parent=54528"}],"wp:term":[{"taxonomy":"category","embeddable":true,"href":"https:\/\/blogopara.com.br\/index.php\/wp-json\/wp\/v2\/categories?post=54528"},{"taxonomy":"post_tag","embeddable":true,"href":"https:\/\/blogopara.com.br\/index.php\/wp-json\/wp\/v2\/tags?post=54528"}],"curies":[{"name":"wp","href":"https:\/\/api.w.org\/{rel}","templated":true}]}}