{"id":54572,"date":"2023-07-05T14:09:00","date_gmt":"2023-07-05T17:09:00","guid":{"rendered":"https:\/\/blogopara.com.br\/?p=54572"},"modified":"2023-07-04T14:10:52","modified_gmt":"2023-07-04T17:10:52","slug":"novas-regras-para-compras-on-line-desagradam-varejistas-nacionais","status":"publish","type":"post","link":"https:\/\/blogopara.com.br\/index.php\/2023\/07\/05\/novas-regras-para-compras-on-line-desagradam-varejistas-nacionais","title":{"rendered":"Novas regras para compras on-line desagradam varejistas nacionais"},"content":{"rendered":"<p style=\"text-align: justify;\">Ap\u00f3s meses de imbr\u00f3glio sobre a taxa\u00e7\u00e3o de compras internacionais via internet, o Minist\u00e9rio da Fazenda definiu as regras para compras feitas por pessoas f\u00edsicas de empresas no exterior. A partir de 1\u00ba de agosto, companhias que aderirem ao programa Remessa Conforme, da Receita Federal, ser\u00e3o isentas de imposto de importa\u00e7\u00e3o nas remessas de at\u00e9 US$ 50 (cerca de R$ 240, pela cota\u00e7\u00e3o atual).<\/p>\n<p style=\"text-align: justify;\">Essa isen\u00e7\u00e3o valia anteriormente apenas para remessas internacionais entre pessoas f\u00edsicas, sem incluir empresas que, entretanto, aproveitavam essa brecha para vender produtos importados sem pagar imposto. A decis\u00e3o adotada ontem desagradou as empresas nacionais de varejo, que reclamam de tratamento favorecido aos sites estrangeiros.<\/p>\n<p style=\"text-align: justify;\">A taxa\u00e7\u00e3o de compras on-line desses vendedores estrangeiros gerou um mal-estar em abril entre o ministro da Fazenda, Fernando Haddad, e a primeira-dama, Ros\u00e2ngela Lula da Silva, a Janja.<\/p>\n<p style=\"text-align: justify;\">O ministro era favor\u00e1vel \u00e0 cobran\u00e7a de remessas entre pessoas f\u00edsicas, mas acabou tendo de recuar depois de manifesta\u00e7\u00f5es p\u00fablicas da primeira-dama desaprovando a medida \u2014 sites asi\u00e1ticos oferecem produtos, geralmente roupas, com pre\u00e7os mais em conta do que similares nacionais.<\/p>\n<p style=\"text-align: justify;\">A ades\u00e3o ao programa ser\u00e1 volunt\u00e1ria. As empresas participantes devem contar com alguns privil\u00e9gios, como libera\u00e7\u00e3o mais r\u00e1pida das mercadorias na alf\u00e2ndega.<\/p>\n<p style=\"text-align: justify;\">De acordo com a Receita, a declara\u00e7\u00e3o de importa\u00e7\u00e3o dever\u00e1 ser feita pelas empresas antes do envio da mercadoria. Os impostos devem estar inclusos no pre\u00e7o do produto e, por isso, o consumidor n\u00e3o ser\u00e1 taxado novamente quando sua compra chegar ao Brasil. O vendedor tamb\u00e9m ser\u00e1 obrigado a informar ao cliente a origem dos produtos e o valor total da mercadoria, incluindo impostos federais e estaduais.<\/p>\n<p style=\"text-align: justify;\">Haddad destacou que isen\u00e7\u00e3o dos impostos federais foi resultado de um acordo com os governadores. &#8220;Na verdade, esse \u00e9 o come\u00e7o de um plano de conformidade, porque o problema todo \u00e9 o desequil\u00edbrio entre o com\u00e9rcio local e o com\u00e9rcio dos chamados marketplaces. Ent\u00e3o, n\u00f3s estamos come\u00e7ando esse plano de conformidade para que a concorr\u00eancia fique leal&#8221;, disse.<\/p>\n<p style=\"text-align: justify;\">A regula\u00e7\u00e3o trata apenas da tributa\u00e7\u00e3o federal. As compras estar\u00e3o ainda sujeitas a uma al\u00edquota de 17% de Imposto sobre a Circula\u00e7\u00e3o de Mercadorias e Servi\u00e7os (ICMS), cuja receita ser\u00e1 destinada aos estados. Na semana passada, o Conselho Nacional de Pol\u00edtica Fazend\u00e1ria (Confaz) que re\u00fane os secret\u00e1rios estaduais de Fazenda, regulamentou a cobran\u00e7a.<\/p>\n<p style=\"text-align: justify;\">De acordo com o ministro, houve uma decis\u00e3o dos governadores, que estavam muito incomodados com o fato de que as empresas n\u00e3o pagavam ICMS nas remessas para c\u00e1. &#8220;E isso \u00e9 ilegal. Ent\u00e3o houve uma reuni\u00e3o do Confaz, que representa todos os estados, e eles fixaram uma al\u00edquota comum, e usando o sistema da Receita Federal para fazer a legaliza\u00e7\u00e3o da remessa com esse acordo entre os governadores&#8221;, explicou o chefe da Fazenda.<\/p>\n<p style=\"text-align: justify;\">O professor de direito tribut\u00e1rio da Funda\u00e7\u00e3o Get\u00falio Vargas do Rio de Janeiro (FGV Rio) Marcos Maia alertou que, na pr\u00e1tica, o ICMS pode aumentar o pre\u00e7o dos produtos para o consumidor. &#8220;A partir do momento em que houver a regular incid\u00eancia de tributos sobre a importa\u00e7\u00e3o, a compra de mercadorias por meio de websites e plataformas de e-commerce ficar\u00e1, naturalmente, mais custosa&#8221;, avaliou.<\/p>\n<p style=\"text-align: justify;\">O programa n\u00e3o agradou as grandes varejistas nacionais, que pressionaram o governo por manter um imposto de importa\u00e7\u00e3o, alegando que a aus\u00eancia de cobran\u00e7a afeta a competitividade, tendo em vista os tributos pagos pelas empresas sediadas no Brasil. O segmento considera que o e-commerce internacional saiu em vantagem com a isen\u00e7\u00e3o das compras de at\u00e9 US$ 50. O ministro da Fazenda deve se reunir com empres\u00e1rios do Instituto para o Desenvolvimento do Varejo (IDV), entidade que re\u00fane cerca de 70 varejistas, neste s\u00e1bado (1\/7), em S\u00e3o Paulo, para ouvir as queixas do setor.<\/p>\n<p style=\"text-align: justify;\">&#8220;N\u00f3s vamos sentar com o varejo e com os marketplaces para que pactuem um entendimento sobre isso, para que haja um equil\u00edbrio e, sobretudo, porque 25% dos trabalhadores com carteira assinada trabalham em lojas de varejo no Brasil. Ent\u00e3o, \u00e9 uma forma de proteger a concorr\u00eancia, ou seja, equilibrar. Todo mundo \u00e9 a favor disso. N\u00e3o sei se algu\u00e9m aqui \u00e9 contra o equil\u00edbrio&#8221;, disse Haddad sobre o encontro.<\/p>\n<p style=\"text-align: justify;\">\n<div>\n<div id=\"denakop-auto-intext-07394773-a220-49e6-87e0-7ba7ad1ca311\" style=\"text-align: justify;\" data-google-query-id=\"CJqToO7E9f8CFTaflQId9f8Lwg\"><\/div>\n<\/div>\n","protected":false},"excerpt":{"rendered":"<p>Ap\u00f3s meses de imbr\u00f3glio sobre a taxa\u00e7\u00e3o de compras internacionais via internet, o Minist\u00e9rio da Fazenda definiu as regras para compras feitas por pessoas f\u00edsicas de empresas no exterior. A partir de 1\u00ba de agosto, companhias que aderirem ao programa Remessa Conforme, da Receita Federal, ser\u00e3o isentas de imposto de importa\u00e7\u00e3o nas remessas de at\u00e9 [&hellip;]<\/p>\n","protected":false},"author":1,"featured_media":54355,"comment_status":"closed","ping_status":"open","sticky":false,"template":"","format":"standard","meta":{"_uag_custom_page_level_css":"","_monsterinsights_skip_tracking":false,"_monsterinsights_sitenote_active":false,"_monsterinsights_sitenote_note":"","_monsterinsights_sitenote_category":0,"jetpack_post_was_ever_published":false,"_jetpack_newsletter_access":"","_jetpack_dont_email_post_to_subs":false,"_jetpack_newsletter_tier_id":0,"_jetpack_memberships_contains_paywalled_content":false,"_jetpack_memberships_contains_paid_content":false,"footnotes":"","jetpack_publicize_message":"","jetpack_publicize_feature_enabled":true,"jetpack_social_post_already_shared":true,"jetpack_social_options":{"image_generator_settings":{"template":"highway","default_image_id":0,"font":"","enabled":false},"version":2}},"categories":[206],"tags":[],"class_list":["post-54572","post","type-post","status-publish","format-standard","has-post-thumbnail","hentry","category-economia"],"jetpack_publicize_connections":[],"jetpack_featured_media_url":"https:\/\/blogopara.com.br\/wp-content\/uploads\/2023\/06\/transferir-1-2.jpg","uagb_featured_image_src":{"full":["https:\/\/blogopara.com.br\/wp-content\/uploads\/2023\/06\/transferir-1-2.jpg",500,280,false],"thumbnail":["https:\/\/blogopara.com.br\/wp-content\/uploads\/2023\/06\/transferir-1-2-150x150.jpg",150,150,true],"medium":["https:\/\/blogopara.com.br\/wp-content\/uploads\/2023\/06\/transferir-1-2-300x168.jpg",300,168,true],"medium_large":["https:\/\/blogopara.com.br\/wp-content\/uploads\/2023\/06\/transferir-1-2.jpg",500,280,false],"large":["https:\/\/blogopara.com.br\/wp-content\/uploads\/2023\/06\/transferir-1-2.jpg",500,280,false],"1536x1536":["https:\/\/blogopara.com.br\/wp-content\/uploads\/2023\/06\/transferir-1-2.jpg",500,280,false],"2048x2048":["https:\/\/blogopara.com.br\/wp-content\/uploads\/2023\/06\/transferir-1-2.jpg",500,280,false],"mantranews-slider-large":["https:\/\/blogopara.com.br\/wp-content\/uploads\/2023\/06\/transferir-1-2.jpg",500,280,false],"mantranews-featured-medium":["https:\/\/blogopara.com.br\/wp-content\/uploads\/2023\/06\/transferir-1-2-420x280.jpg",420,280,true],"mantranews-featured-long":["https:\/\/blogopara.com.br\/wp-content\/uploads\/2023\/06\/transferir-1-2-300x280.jpg",300,280,true],"mantranews-block-medium":["https:\/\/blogopara.com.br\/wp-content\/uploads\/2023\/06\/transferir-1-2-464x280.jpg",464,280,true],"mantranews-carousel-image":["https:\/\/blogopara.com.br\/wp-content\/uploads\/2023\/06\/transferir-1-2.jpg",500,280,false],"mantranews-block-thumb":["https:\/\/blogopara.com.br\/wp-content\/uploads\/2023\/06\/transferir-1-2-322x230.jpg",322,230,true],"mantranews-single-large":["https:\/\/blogopara.com.br\/wp-content\/uploads\/2023\/06\/transferir-1-2.jpg",500,280,false]},"uagb_author_info":{"display_name":"Reda\u00e7\u00e3o geral","author_link":"https:\/\/blogopara.com.br\/index.php\/author\/blogopara"},"uagb_comment_info":0,"uagb_excerpt":"Ap\u00f3s meses de imbr\u00f3glio sobre a taxa\u00e7\u00e3o de compras internacionais via internet, o Minist\u00e9rio da Fazenda definiu as regras para compras feitas por pessoas f\u00edsicas de empresas no exterior. A partir de 1\u00ba de agosto, companhias que aderirem ao programa Remessa Conforme, da Receita Federal, ser\u00e3o isentas de imposto de importa\u00e7\u00e3o nas remessas de at\u00e9&hellip;","jetpack_sharing_enabled":true,"jetpack_likes_enabled":true,"_links":{"self":[{"href":"https:\/\/blogopara.com.br\/index.php\/wp-json\/wp\/v2\/posts\/54572","targetHints":{"allow":["GET"]}}],"collection":[{"href":"https:\/\/blogopara.com.br\/index.php\/wp-json\/wp\/v2\/posts"}],"about":[{"href":"https:\/\/blogopara.com.br\/index.php\/wp-json\/wp\/v2\/types\/post"}],"author":[{"embeddable":true,"href":"https:\/\/blogopara.com.br\/index.php\/wp-json\/wp\/v2\/users\/1"}],"replies":[{"embeddable":true,"href":"https:\/\/blogopara.com.br\/index.php\/wp-json\/wp\/v2\/comments?post=54572"}],"version-history":[{"count":1,"href":"https:\/\/blogopara.com.br\/index.php\/wp-json\/wp\/v2\/posts\/54572\/revisions"}],"predecessor-version":[{"id":54573,"href":"https:\/\/blogopara.com.br\/index.php\/wp-json\/wp\/v2\/posts\/54572\/revisions\/54573"}],"wp:featuredmedia":[{"embeddable":true,"href":"https:\/\/blogopara.com.br\/index.php\/wp-json\/wp\/v2\/media\/54355"}],"wp:attachment":[{"href":"https:\/\/blogopara.com.br\/index.php\/wp-json\/wp\/v2\/media?parent=54572"}],"wp:term":[{"taxonomy":"category","embeddable":true,"href":"https:\/\/blogopara.com.br\/index.php\/wp-json\/wp\/v2\/categories?post=54572"},{"taxonomy":"post_tag","embeddable":true,"href":"https:\/\/blogopara.com.br\/index.php\/wp-json\/wp\/v2\/tags?post=54572"}],"curies":[{"name":"wp","href":"https:\/\/api.w.org\/{rel}","templated":true}]}}