{"id":54699,"date":"2023-07-09T08:47:00","date_gmt":"2023-07-09T11:47:00","guid":{"rendered":"https:\/\/blogopara.com.br\/?p=54699"},"modified":"2023-07-09T07:53:35","modified_gmt":"2023-07-09T10:53:35","slug":"idomed-anuncia-processo-seletivo-para-bolsas-integrais-em-medicina","status":"publish","type":"post","link":"https:\/\/blogopara.com.br\/index.php\/2023\/07\/09\/idomed-anuncia-processo-seletivo-para-bolsas-integrais-em-medicina","title":{"rendered":"IDOMED anuncia processo seletivo para bolsas integrais em Medicina"},"content":{"rendered":"<p style=\"text-align: justify;\"><span class=\"x_gmail-yiv2259874842ContentPasted0\">O Instituto de Educa\u00e7\u00e3o M\u00e9dica (IDOMED)\u00a0iniciou\u00a0a abertura das inscri\u00e7\u00f5es para o processo seletivo de bolsas integrais para os cursos de Medicina, autorizados no \u00e2mbito do Programa Mais M\u00e9dicos. Estamos oferecendo 16 vagas em diversas regi\u00f5es do Brasil para o segundo semestre de 2023.\u00a0<\/span><span class=\"x_gmail-yiv2259874842ContentPasted0\">\u00a0<\/span><\/p>\n<p style=\"text-align: justify;\"><span class=\"x_gmail-yiv2259874842ContentPasted0\">Os candidatos interessados podem se inscrever at\u00e9 o dia 05 de julho atrav\u00e9s do nosso site\u00a0<a href=\"http:\/\/econ.rio.br\/bolsistas23-1\" target=\"_blank\" rel=\"noopener noreferrer\" data-auth=\"NotApplicable\" data-linkindex=\"0\">econ.rio.br\/bolsistas23-1<\/a>. Para ser eleg\u00edvel, o candidato deve ter realizado o Exame Nacional do Ensino M\u00e9dio (ENEM) e<\/span><span class=\"x_gmail-yiv2259874842ContentPasted0\">ntre<\/span><span class=\"x_gmail-yiv2259874842ContentPasted0\">\u00a02018 e 2022\u00a0<\/span><span class=\"x_gmail-yiv2259874842ContentPasted0\">e cum<\/span><span class=\"x_gmail-yiv2259874842ContentPasted0\">prir as condi\u00e7\u00f5es estabelecidas no edital de cada unidade. Entre os requisitos, destacamos: n\u00e3o possuir diploma de curso superior, ter renda familiar mensal que n\u00e3o exceda o valor de 1,5 a 3 sal\u00e1rios-m\u00ednimos por pessoa (dependendo da institui\u00e7\u00e3o escolhida), ter cursado o ensino m\u00e9dio completo em escola da rede p\u00fablica ou em institui\u00e7\u00f5es privadas na condi\u00e7\u00e3o de bolsista integral, e ser residente e natural da regi\u00e3o onde a escola m\u00e9dica est\u00e1 estabelecida.<\/span><span class=\"x_gmail-yiv2259874842ContentPasted0\">\u00a0<\/span><\/p>\n<p style=\"text-align: justify;\"><span class=\"x_gmail-yiv2259874842ContentPasted0\">Os editais oferecem vagas em diversas localidades, incluindo Angra dos Reis (RJ), Iguat\u00fa (CE), Canind\u00e9 (CE), Jaragu\u00e1 do Sul (SC), Juazeiro (BA) e Alagoinhas (BA).\u00a0<\/span><span class=\"x_gmail-yiv2259874842ContentPasted0\">\u00a0<\/span><\/p>\n<p style=\"text-align: justify;\"><span class=\"x_gmail-yiv2259874842ContentPasted0\">Os resultados do processo seletivo ser\u00e3o divulgados no dia 20 de julho ap\u00f3s as 18h no site do IDOMED. A matr\u00edcula deve ser efetuada no dia 21 de julho, presencialmente, nas secretarias dos campi.\u00a0<\/span><span class=\"x_gmail-yiv2259874842ContentPasted0\">\u00a0<\/span><\/p>\n<p style=\"text-align: justify;\"><span class=\"x_gmail-yiv2259874842ContentPasted0\">O CEO do IDOMED, Dr. Silvio Pessanha Neto, destaca a import\u00e2ncia do programa de bolsas: &#8220;A sele\u00e7\u00e3o de bolsistas residentes tem um impacto significativo nas regi\u00f5es que possuem unidades do IDOMED. Oferece a oportunidade para pessoas da pr\u00f3pria cidade estudarem medicina em uma institui\u00e7\u00e3o renomada, com foco no desenvolvimento humanizado do futuro m\u00e9dico. Ao t\u00e9rmino do curso, os bolsistas poder\u00e3o atuar no pr\u00f3prio munic\u00edpio, auxiliando o sistema de sa\u00fade local e oferecendo uma melhor qualidade de vida aos moradores da regi\u00e3o.&#8221;<\/span><span class=\"x_gmail-yiv2259874842ContentPasted0\">\u00a0<\/span><\/p>\n<p style=\"text-align: justify;\"><span class=\"x_gmail-yiv2259874842ContentPasted0\">\u00a0<\/span><\/p>\n<p style=\"text-align: justify;\"><b><span class=\"x_gmail-yiv2259874842ContentPasted0\">Infraestrutura, tecnologia e forma\u00e7\u00e3o integral<\/span><\/b><span class=\"x_gmail-yiv2259874842ContentPasted0\">\u00a0<\/span><\/p>\n<p style=\"text-align: justify;\"><br class=\"x_gmail-yiv2259874842ContentPasted0\" aria-hidden=\"true\" \/><span class=\"x_gmail-yiv2259874842ContentPasted0\">O IDOMED est\u00e1 comprometido em fornecer uma educa\u00e7\u00e3o m\u00e9dica de qualidade, com acesso a equipamentos de ponta, laborat\u00f3rios de simula\u00e7\u00e3o real\u00edstica, e estudo em realidade virtual. Al\u00e9m disso, as escolas de medicina do IDOMED disponibilizam laborat\u00f3rios de imagenologia, anatomia e t\u00e9cnicas cir\u00fargicas simuladas.<\/span><\/p>\n<p style=\"text-align: justify;\"><span class=\"x_gmail-yiv2259874842ContentPasted0\">Durante o curso, os alunos ter\u00e3o acesso a equipamentos de alta tecnologia para a pr\u00e1tica de procedimentos m\u00e9dicos em simuladores\/rob\u00f4s, antes do contato com o paciente real. As atividades pr\u00e1ticas integram mais de 60% da forma\u00e7\u00e3o oferecida pelo IDOMED.\u00a0\u00a0<\/span><\/p>\n<p style=\"text-align: justify;\"><span class=\"x_gmail-yiv2259874842ContentPasted0\">\u00a0<\/span><b><span class=\"x_gmail-yiv2259874842ContentPasted0\">Sobre o IDOMED:<\/span><\/b><span class=\"x_gmail-yiv2259874842ContentPasted0\">\u00a0<\/span><\/p>\n<p style=\"text-align: justify;\"><span class=\"x_gmail-yiv2259874842ContentPasted0\">\u00a0<\/span><span class=\"x_gmail-yiv2259874842ContentPasted0\">O IDOMED \u00e9 um grupo que re\u00fane 17 escolas m\u00e9dicas e consolida a tradi\u00e7\u00e3o de mais de 25\u00a0anos de experi\u00eancia nesse segmento. Est\u00e1 presente em todas as regi\u00f5es do pa\u00eds, com mais de oito mil alunos e foco em excel\u00eancia no ensino, aprendizado pr\u00e1tico, tecnologia aplicada, desenvolvimento docente e conex\u00e3o com a carreira m\u00e9dica. O grupo oferece programas de gradua\u00e7\u00e3o, p\u00f3s, especializa\u00e7\u00e3o e cursos de atualiza\u00e7\u00e3o, e est\u00e1 entre os l\u00edderes na incorpora\u00e7\u00e3o de tecnologia educacional voltada \u00e0 forma\u00e7\u00e3o em Medicina<\/span><span class=\"x_gmail-yiv2259874842ContentPasted0\">\u00a0<\/span><span class=\"x_gmail-yiv2259874842ContentPasted0\">\u00a0<\/span><\/p>\n<p style=\"text-align: justify;\"><b><span class=\"x_gmail-yiv2259874842ContentPasted0\">Servi\u00e7o:\u00a0<\/span><\/b><span class=\"x_gmail-yiv2259874842ContentPasted0\">\u00a0<\/span><\/p>\n<p style=\"text-align: justify;\"><span class=\"x_gmail-yiv2259874842ContentPasted0\">\u00a0<\/span><span style=\"color: initial;\">Mais informa\u00e7\u00f5es sobre o processo seletivo:\u00a0<\/span><a href=\"http:\/\/econ.rio.br\/bolsistas23-1\" target=\"_blank\" rel=\"noopener noreferrer\" data-auth=\"NotApplicable\" data-linkindex=\"1\">econ.rio.br\/bolsistas23-1<\/a><span style=\"color: initial;\">.\u00a0\u00a0<\/span><\/p>\n<ul type=\"disc\">\n<li style=\"text-align: justify;\"><span class=\"x_gmail-yiv2259874842ContentPasted0\">Inscri\u00e7\u00f5es est\u00e3o abertas at\u00e9 o dia 05 de julho.\u00a0\u00a0<\/span><\/li>\n<li style=\"text-align: justify;\"><span class=\"x_gmail-yiv2259874842ContentPasted0\">Os resultados ser\u00e3o divulgados no dia 20 de julho ap\u00f3s as 18h no site do IDOMED.\u00a0<\/span><\/li>\n<li style=\"text-align: justify;\"><span class=\"x_gmail-yiv2259874842ContentPasted0\">A matr\u00edcula deve ser efetuada no dia 21 de julho, presencialmente, nas secretarias dos campi.\u00a0<\/span><\/li>\n<\/ul>\n","protected":false},"excerpt":{"rendered":"<p>O Instituto de Educa\u00e7\u00e3o M\u00e9dica (IDOMED)\u00a0iniciou\u00a0a abertura das inscri\u00e7\u00f5es para o processo seletivo de bolsas integrais para os cursos de Medicina, autorizados no \u00e2mbito do Programa Mais M\u00e9dicos. Estamos oferecendo 16 vagas em diversas regi\u00f5es do Brasil para o segundo semestre de 2023.\u00a0\u00a0 Os candidatos interessados podem se inscrever at\u00e9 o dia 05 de julho [&hellip;]<\/p>\n","protected":false},"author":1,"featured_media":54700,"comment_status":"closed","ping_status":"open","sticky":false,"template":"","format":"standard","meta":{"_uag_custom_page_level_css":"","_monsterinsights_skip_tracking":false,"_monsterinsights_sitenote_active":false,"_monsterinsights_sitenote_note":"","_monsterinsights_sitenote_category":0,"jetpack_post_was_ever_published":false,"_jetpack_newsletter_access":"","_jetpack_dont_email_post_to_subs":false,"_jetpack_newsletter_tier_id":0,"_jetpack_memberships_contains_paywalled_content":false,"_jetpack_memberships_contains_paid_content":false,"footnotes":"","jetpack_publicize_message":"","jetpack_publicize_feature_enabled":true,"jetpack_social_post_already_shared":true,"jetpack_social_options":{"image_generator_settings":{"template":"highway","default_image_id":0,"font":"","enabled":false},"version":2}},"categories":[205],"tags":[],"class_list":["post-54699","post","type-post","status-publish","format-standard","has-post-thumbnail","hentry","category-saude"],"jetpack_publicize_connections":[],"jetpack_featured_media_url":"https:\/\/blogopara.com.br\/wp-content\/uploads\/2023\/07\/Medicina.png","uagb_featured_image_src":{"full":["https:\/\/blogopara.com.br\/wp-content\/uploads\/2023\/07\/Medicina.png",500,333,false],"thumbnail":["https:\/\/blogopara.com.br\/wp-content\/uploads\/2023\/07\/Medicina-150x150.png",150,150,true],"medium":["https:\/\/blogopara.com.br\/wp-content\/uploads\/2023\/07\/Medicina-300x200.png",300,200,true],"medium_large":["https:\/\/blogopara.com.br\/wp-content\/uploads\/2023\/07\/Medicina.png",500,333,false],"large":["https:\/\/blogopara.com.br\/wp-content\/uploads\/2023\/07\/Medicina.png",500,333,false],"1536x1536":["https:\/\/blogopara.com.br\/wp-content\/uploads\/2023\/07\/Medicina.png",500,333,false],"2048x2048":["https:\/\/blogopara.com.br\/wp-content\/uploads\/2023\/07\/Medicina.png",500,333,false],"mantranews-slider-large":["https:\/\/blogopara.com.br\/wp-content\/uploads\/2023\/07\/Medicina.png",500,333,false],"mantranews-featured-medium":["https:\/\/blogopara.com.br\/wp-content\/uploads\/2023\/07\/Medicina-420x307.png",420,307,true],"mantranews-featured-long":["https:\/\/blogopara.com.br\/wp-content\/uploads\/2023\/07\/Medicina-300x333.png",300,333,true],"mantranews-block-medium":["https:\/\/blogopara.com.br\/wp-content\/uploads\/2023\/07\/Medicina-464x290.png",464,290,true],"mantranews-carousel-image":["https:\/\/blogopara.com.br\/wp-content\/uploads\/2023\/07\/Medicina.png",500,333,false],"mantranews-block-thumb":["https:\/\/blogopara.com.br\/wp-content\/uploads\/2023\/07\/Medicina-322x230.png",322,230,true],"mantranews-single-large":["https:\/\/blogopara.com.br\/wp-content\/uploads\/2023\/07\/Medicina.png",500,333,false]},"uagb_author_info":{"display_name":"Reda\u00e7\u00e3o geral","author_link":"https:\/\/blogopara.com.br\/index.php\/author\/blogopara"},"uagb_comment_info":0,"uagb_excerpt":"O Instituto de Educa\u00e7\u00e3o M\u00e9dica (IDOMED)\u00a0iniciou\u00a0a abertura das inscri\u00e7\u00f5es para o processo seletivo de bolsas integrais para os cursos de Medicina, autorizados no \u00e2mbito do Programa Mais M\u00e9dicos. Estamos oferecendo 16 vagas em diversas regi\u00f5es do Brasil para o segundo semestre de 2023.\u00a0\u00a0 Os candidatos interessados podem se inscrever at\u00e9 o dia 05 de julho&hellip;","jetpack_sharing_enabled":true,"jetpack_likes_enabled":true,"_links":{"self":[{"href":"https:\/\/blogopara.com.br\/index.php\/wp-json\/wp\/v2\/posts\/54699","targetHints":{"allow":["GET"]}}],"collection":[{"href":"https:\/\/blogopara.com.br\/index.php\/wp-json\/wp\/v2\/posts"}],"about":[{"href":"https:\/\/blogopara.com.br\/index.php\/wp-json\/wp\/v2\/types\/post"}],"author":[{"embeddable":true,"href":"https:\/\/blogopara.com.br\/index.php\/wp-json\/wp\/v2\/users\/1"}],"replies":[{"embeddable":true,"href":"https:\/\/blogopara.com.br\/index.php\/wp-json\/wp\/v2\/comments?post=54699"}],"version-history":[{"count":1,"href":"https:\/\/blogopara.com.br\/index.php\/wp-json\/wp\/v2\/posts\/54699\/revisions"}],"predecessor-version":[{"id":54701,"href":"https:\/\/blogopara.com.br\/index.php\/wp-json\/wp\/v2\/posts\/54699\/revisions\/54701"}],"wp:featuredmedia":[{"embeddable":true,"href":"https:\/\/blogopara.com.br\/index.php\/wp-json\/wp\/v2\/media\/54700"}],"wp:attachment":[{"href":"https:\/\/blogopara.com.br\/index.php\/wp-json\/wp\/v2\/media?parent=54699"}],"wp:term":[{"taxonomy":"category","embeddable":true,"href":"https:\/\/blogopara.com.br\/index.php\/wp-json\/wp\/v2\/categories?post=54699"},{"taxonomy":"post_tag","embeddable":true,"href":"https:\/\/blogopara.com.br\/index.php\/wp-json\/wp\/v2\/tags?post=54699"}],"curies":[{"name":"wp","href":"https:\/\/api.w.org\/{rel}","templated":true}]}}