{"id":54745,"date":"2023-07-10T18:56:00","date_gmt":"2023-07-10T21:56:00","guid":{"rendered":"https:\/\/blogopara.com.br\/?p=54745"},"modified":"2023-07-10T11:58:52","modified_gmt":"2023-07-10T14:58:52","slug":"programacao-do-aniversario-de-juazeiro-vai-contar-com-o-tradicional-cha-das-5","status":"publish","type":"post","link":"https:\/\/blogopara.com.br\/index.php\/2023\/07\/10\/programacao-do-aniversario-de-juazeiro-vai-contar-com-o-tradicional-cha-das-5","title":{"rendered":"Programa\u00e7\u00e3o do anivers\u00e1rio de Juazeiro vai contar com o tradicional \u201cCh\u00e1 das 5\u201d"},"content":{"rendered":"<p class=\"x_MsoNormal\" style=\"text-align: justify;\">Em comemora\u00e7\u00e3o aos 145 anos de Juazeiro, a Prefeitura, atrav\u00e9s da Secretaria de Cultura, Turismo e Esporte (Seculte), vai reviver uma tradi\u00e7\u00e3o que foi sucesso na d\u00e9cada de 1980. O famoso, \u201cCh\u00e1 das 5\u201d foi inclu\u00eddo na programa\u00e7\u00e3o de anivers\u00e1rio da cidade e com tema \u201cJuazeiro, nossa terra, nossa gente, nossa arte\u201d, vai reunir grupos de artistas locais, na sexta-feira (14), \u00e0s 18h no Vaporzinho, na Orla II.<\/p>\n<p class=\"x_MsoNormal\" style=\"text-align: justify;\">\u201cTrazer novamente o Ch\u00e1 das 5 \u00e9 seguirmos firmes no prop\u00f3sito do resgate cultural de Juazeiro. Em 2021 realizamos uma edi\u00e7\u00e3o do evento, encerrando a programa\u00e7\u00e3o do anivers\u00e1rio da cidade e esse ano vamos realizar novamente esse festival de artistas locais, com poesia, performances e participa\u00e7\u00e3o de v\u00e1rios outros segmentos culturais. Vamos reviver este momento que foi t\u00e3o importante para Juazeiro\u201d, destacou a prefeita, Suzana Ramos.<\/p>\n<p class=\"x_MsoNormal\" style=\"text-align: justify;\"><b>Homenageados<\/b><\/p>\n<p class=\"x_MsoNormal\" style=\"text-align: justify;\">Este ano, o Ch\u00e1 das 5 ir\u00e1 homenagear os poetas Jurandy, Manuca Almeida, o locutor Z\u00e9 Alberto Show e o ativista cultural Naldinho. Haver\u00e1 programa\u00e7\u00e3o art\u00edstico cultural com a participa\u00e7\u00e3o de artistas da m\u00fasica, teatro, performances, drags, poetas, dan\u00e7arinos e bailarinos de Juazeiro e regi\u00e3o.<\/p>\n<p class=\"x_MsoNormal\" style=\"text-align: justify;\">\u201cO Ch\u00e1 das 5 foi um movimento que agitava a cidade culturalmente. A m\u00fasica \u2018Ch\u00e1 de Erva Doce\u2019 de Mauri\u00e7ola, se tornou um hino e o evento reunia diversos artistas. A orienta\u00e7\u00e3o da nossa prefeita Suzana Ramos \u00e9 que o evento seja realizado mantendo a sua ess\u00eancia original e com a cara do nosso povo\u201d, destacou o analista de projetos culturais e de turismo da Prefeitura de Juazeiro, Edivaldo Franciolli.<\/p>\n<p class=\"x_MsoNormal\" style=\"text-align: justify;\"><b>Programa\u00e7\u00e3o Copa Fest 2023:<\/b><\/p>\n<p class=\"x_MsoNormal\" style=\"text-align: justify;\"><u>Quinta-feira, 13 de julho<\/u><\/p>\n<p class=\"x_MsoNormal\" style=\"text-align: justify;\">18h- Beach tennis<\/p>\n<p class=\"x_MsoNormal\" style=\"text-align: justify;\">Puxada (percurso do carnaval) da Av. Adolfo Viana \u2013 Orla I<\/p>\n<p class=\"x_MsoNormal\" style=\"text-align: justify;\">20h- Pagodan\u00e7a<\/p>\n<p class=\"x_MsoNormal\" style=\"text-align: justify;\">21h- Psirico<\/p>\n<p class=\"x_MsoNormal\" style=\"text-align: justify;\"><u>Sexta-feira, 14 de julho<\/u><\/p>\n<p class=\"x_MsoNormal\" style=\"text-align: justify;\">14h- Beach tennis com crian\u00e7as do CRAS<\/p>\n<p class=\"x_MsoNormal\" style=\"text-align: justify;\">18h- Competi\u00e7\u00e3o Beach tennis<\/p>\n<p class=\"x_MsoNormal\" style=\"text-align: justify;\">18h- Ch\u00e1 das 5- Vaporzinho<\/p>\n<p class=\"x_MsoNormal\" style=\"text-align: justify;\">20h- Trio parado na Orla 1 -Banda Mirage, Mari Ribeiro e Rayane e Thiago Carvalho<\/p>\n<p class=\"x_MsoNormal\" style=\"text-align: justify;\"><u>S\u00e1bado, 15 de julho<\/u><\/p>\n<p class=\"x_MsoNormal\" style=\"text-align: justify;\">5h \u2013 Alvorada festiva (saindo do Marco Zero at\u00e9 o Vaporzinho)<\/p>\n<p class=\"x_MsoNormal\" style=\"text-align: justify;\">7h- Beach tennis<\/p>\n<p class=\"x_MsoNormal\" style=\"text-align: justify;\">8h- Programa\u00e7\u00e3o c\u00edvica<\/p>\n<p class=\"x_MsoNormal\" style=\"text-align: justify;\">9h- Futebol dos Veteranos (Est\u00e1dio Adauto Moraes)<\/p>\n<p class=\"x_MsoNormal\" style=\"text-align: justify;\">14h- Maratona Aqu\u00e1tica<\/p>\n<p class=\"x_MsoNormal\" style=\"text-align: justify;\">15h- Futebol Feminino<\/p>\n<p class=\"x_MsoNormal\" style=\"text-align: justify;\">16:30h- Aula show fitdance<\/p>\n<p class=\"x_MsoNormal\" style=\"text-align: justify;\">17h- Jiu-j\u00edtsu<\/p>\n<p class=\"x_MsoNormal\" style=\"text-align: justify;\">18:00h- Apresenta\u00e7\u00e3o de Hip Hop<\/p>\n<p class=\"x_MsoNormal\" style=\"text-align: justify;\">Shows musicais a partir das 12h no Parque Fluvial (parte baixa da Orla II)<\/p>\n<p class=\"x_MsoNormal\" style=\"text-align: justify;\">Tenda da educa\u00e7\u00e3o (Espa\u00e7o Kids)<\/p>\n<p class=\"x_MsoNormal\" style=\"text-align: justify;\">Social At\u00e9 Voc\u00ea<\/p>\n<p class=\"x_MsoNormal\" style=\"text-align: justify;\">Sa\u00fade em Movimento<\/p>\n<p class=\"x_MsoNormal\" style=\"text-align: justify;\">Saae Presente<\/p>\n<p class=\"x_MsoNormal\" style=\"text-align: justify;\">Sesp<\/p>\n<p class=\"x_MsoNormal\" style=\"text-align: justify;\">Educa\u00e7\u00e3o Ambiental \u2013 Semaurb<\/p>\n<p class=\"x_MsoNormal\" style=\"text-align: justify;\">Puxada (percurso do carnaval) da Av. Adolfo Viana \u2013 Orla I<\/p>\n<p class=\"x_MsoNormal\" style=\"text-align: justify;\">20h- Matheus Torres<\/p>\n<p class=\"x_MsoNormal\" style=\"text-align: justify;\">21h- Banda Afrodis\u00edaco<\/p>\n<p class=\"x_MsoNormal\" style=\"text-align: justify;\"><u>Domingo, 16 de julho<\/u><\/p>\n<p class=\"x_MsoNormal\" style=\"text-align: justify;\">7h \u2013 Beach tennis<\/p>\n<p class=\"x_MsoNormal\" style=\"text-align: justify;\">8h- V\u00f4lei de areia<\/p>\n<p class=\"x_MsoNormal\" style=\"text-align: justify;\">8h- Competi\u00e7\u00e3o de Caiaque<\/p>\n","protected":false},"excerpt":{"rendered":"<p>Em comemora\u00e7\u00e3o aos 145 anos de Juazeiro, a Prefeitura, atrav\u00e9s da Secretaria de Cultura, Turismo e Esporte (Seculte), vai reviver uma tradi\u00e7\u00e3o que foi sucesso na d\u00e9cada de 1980. O famoso, \u201cCh\u00e1 das 5\u201d foi inclu\u00eddo na programa\u00e7\u00e3o de anivers\u00e1rio da cidade e com tema \u201cJuazeiro, nossa terra, nossa gente, nossa arte\u201d, vai reunir grupos [&hellip;]<\/p>\n","protected":false},"author":1,"featured_media":54746,"comment_status":"closed","ping_status":"open","sticky":false,"template":"","format":"standard","meta":{"_uag_custom_page_level_css":"","_monsterinsights_skip_tracking":false,"_monsterinsights_sitenote_active":false,"_monsterinsights_sitenote_note":"","_monsterinsights_sitenote_category":0,"jetpack_post_was_ever_published":false,"_jetpack_newsletter_access":"","_jetpack_dont_email_post_to_subs":false,"_jetpack_newsletter_tier_id":0,"_jetpack_memberships_contains_paywalled_content":false,"_jetpack_memberships_contains_paid_content":false,"footnotes":"","jetpack_publicize_message":"","jetpack_publicize_feature_enabled":true,"jetpack_social_post_already_shared":true,"jetpack_social_options":{"image_generator_settings":{"template":"highway","default_image_id":0,"font":"","enabled":false},"version":2}},"categories":[1784],"tags":[],"class_list":["post-54745","post","type-post","status-publish","format-standard","has-post-thumbnail","hentry","category-cultura-2"],"jetpack_publicize_connections":[],"jetpack_featured_media_url":"https:\/\/blogopara.com.br\/wp-content\/uploads\/2023\/07\/thumbnail_cha-das-5.jpg","uagb_featured_image_src":{"full":["https:\/\/blogopara.com.br\/wp-content\/uploads\/2023\/07\/thumbnail_cha-das-5.jpg",500,333,false],"thumbnail":["https:\/\/blogopara.com.br\/wp-content\/uploads\/2023\/07\/thumbnail_cha-das-5-150x150.jpg",150,150,true],"medium":["https:\/\/blogopara.com.br\/wp-content\/uploads\/2023\/07\/thumbnail_cha-das-5-300x200.jpg",300,200,true],"medium_large":["https:\/\/blogopara.com.br\/wp-content\/uploads\/2023\/07\/thumbnail_cha-das-5.jpg",500,333,false],"large":["https:\/\/blogopara.com.br\/wp-content\/uploads\/2023\/07\/thumbnail_cha-das-5.jpg",500,333,false],"1536x1536":["https:\/\/blogopara.com.br\/wp-content\/uploads\/2023\/07\/thumbnail_cha-das-5.jpg",500,333,false],"2048x2048":["https:\/\/blogopara.com.br\/wp-content\/uploads\/2023\/07\/thumbnail_cha-das-5.jpg",500,333,false],"mantranews-slider-large":["https:\/\/blogopara.com.br\/wp-content\/uploads\/2023\/07\/thumbnail_cha-das-5.jpg",500,333,false],"mantranews-featured-medium":["https:\/\/blogopara.com.br\/wp-content\/uploads\/2023\/07\/thumbnail_cha-das-5-420x307.jpg",420,307,true],"mantranews-featured-long":["https:\/\/blogopara.com.br\/wp-content\/uploads\/2023\/07\/thumbnail_cha-das-5-300x333.jpg",300,333,true],"mantranews-block-medium":["https:\/\/blogopara.com.br\/wp-content\/uploads\/2023\/07\/thumbnail_cha-das-5-464x290.jpg",464,290,true],"mantranews-carousel-image":["https:\/\/blogopara.com.br\/wp-content\/uploads\/2023\/07\/thumbnail_cha-das-5.jpg",500,333,false],"mantranews-block-thumb":["https:\/\/blogopara.com.br\/wp-content\/uploads\/2023\/07\/thumbnail_cha-das-5-322x230.jpg",322,230,true],"mantranews-single-large":["https:\/\/blogopara.com.br\/wp-content\/uploads\/2023\/07\/thumbnail_cha-das-5.jpg",500,333,false]},"uagb_author_info":{"display_name":"Reda\u00e7\u00e3o geral","author_link":"https:\/\/blogopara.com.br\/index.php\/author\/blogopara"},"uagb_comment_info":0,"uagb_excerpt":"Em comemora\u00e7\u00e3o aos 145 anos de Juazeiro, a Prefeitura, atrav\u00e9s da Secretaria de Cultura, Turismo e Esporte (Seculte), vai reviver uma tradi\u00e7\u00e3o que foi sucesso na d\u00e9cada de 1980. O famoso, \u201cCh\u00e1 das 5\u201d foi inclu\u00eddo na programa\u00e7\u00e3o de anivers\u00e1rio da cidade e com tema \u201cJuazeiro, nossa terra, nossa gente, nossa arte\u201d, vai reunir grupos&hellip;","jetpack_sharing_enabled":true,"jetpack_likes_enabled":true,"_links":{"self":[{"href":"https:\/\/blogopara.com.br\/index.php\/wp-json\/wp\/v2\/posts\/54745","targetHints":{"allow":["GET"]}}],"collection":[{"href":"https:\/\/blogopara.com.br\/index.php\/wp-json\/wp\/v2\/posts"}],"about":[{"href":"https:\/\/blogopara.com.br\/index.php\/wp-json\/wp\/v2\/types\/post"}],"author":[{"embeddable":true,"href":"https:\/\/blogopara.com.br\/index.php\/wp-json\/wp\/v2\/users\/1"}],"replies":[{"embeddable":true,"href":"https:\/\/blogopara.com.br\/index.php\/wp-json\/wp\/v2\/comments?post=54745"}],"version-history":[{"count":1,"href":"https:\/\/blogopara.com.br\/index.php\/wp-json\/wp\/v2\/posts\/54745\/revisions"}],"predecessor-version":[{"id":54747,"href":"https:\/\/blogopara.com.br\/index.php\/wp-json\/wp\/v2\/posts\/54745\/revisions\/54747"}],"wp:featuredmedia":[{"embeddable":true,"href":"https:\/\/blogopara.com.br\/index.php\/wp-json\/wp\/v2\/media\/54746"}],"wp:attachment":[{"href":"https:\/\/blogopara.com.br\/index.php\/wp-json\/wp\/v2\/media?parent=54745"}],"wp:term":[{"taxonomy":"category","embeddable":true,"href":"https:\/\/blogopara.com.br\/index.php\/wp-json\/wp\/v2\/categories?post=54745"},{"taxonomy":"post_tag","embeddable":true,"href":"https:\/\/blogopara.com.br\/index.php\/wp-json\/wp\/v2\/tags?post=54745"}],"curies":[{"name":"wp","href":"https:\/\/api.w.org\/{rel}","templated":true}]}}