{"id":54760,"date":"2023-07-10T17:23:00","date_gmt":"2023-07-10T20:23:00","guid":{"rendered":"https:\/\/blogopara.com.br\/?p=54760"},"modified":"2023-07-10T14:25:19","modified_gmt":"2023-07-10T17:25:19","slug":"pernambuco-tem-quase-35-mil-desalojados-e-desabrigados-por-causa-das-fortes-chuvas","status":"publish","type":"post","link":"https:\/\/blogopara.com.br\/index.php\/2023\/07\/10\/pernambuco-tem-quase-35-mil-desalojados-e-desabrigados-por-causa-das-fortes-chuvas","title":{"rendered":"Pernambuco tem quase 3,5 mil desalojados e desabrigados por causa das fortes chuvas"},"content":{"rendered":"<p style=\"text-align: justify;\">Pelo menos 3.480 pessoas est\u00e3o desabrigadas ou desalojadas por causa dos estragos e transtornos causados pelas fortes chuvas que atingem Pernambuco desde a semana passada. O dado foi atualizado nesta segunda-feira (10) pela Coordenadoria da Defesa Civil de Pernambuco (Codecipe). Mais de 1 mil fam\u00edlias foram afetadas.<\/p>\n<p style=\"text-align: justify;\">O Governo do Estado reconheceu, em decretos publicados no fim de semana no Di\u00e1rio Oficial, que 15 munic\u00edpios da Mata Sul, onde a situa\u00e7\u00e3o \u00e9 mais cr\u00edtica, est\u00e3o em situa\u00e7\u00e3o de emerg\u00eancia. Os textos t\u00eam validade de 60 dias e facilitam o acesso a recursos para mitigar os efeitos das chuvas pelas cidades.<\/p>\n<p style=\"text-align: justify;\">A gest\u00e3o estadual tamb\u00e9m anunciou a disponibiliza\u00e7\u00e3o de R$ 1,34 milh\u00e3o para o custeio imediato de benef\u00edcios eventuais emergenciais nos munic\u00edpios afetados por situa\u00e7\u00f5es de emerg\u00eancia e calamidade.<\/p>\n<p style=\"text-align: justify;\">Barreiros, Palmares, Bel\u00e9m de Maria, S\u00e3o Benedito do Sul e \u00c1gua Preta s\u00e3o as cidades com maior quantidade de pessoas desalojadas. De acordo com a Codecipe, n\u00e3o h\u00e1 registro de feridos ou mortos.<\/p>\n<p style=\"text-align: justify;\">Fonte: Folha PE<\/p>\n","protected":false},"excerpt":{"rendered":"<p>Pelo menos 3.480 pessoas est\u00e3o desabrigadas ou desalojadas por causa dos estragos e transtornos causados pelas fortes chuvas que atingem Pernambuco desde a semana passada. O dado foi atualizado nesta segunda-feira (10) pela Coordenadoria da Defesa Civil de Pernambuco (Codecipe). Mais de 1 mil fam\u00edlias foram afetadas. O Governo do Estado reconheceu, em decretos publicados [&hellip;]<\/p>\n","protected":false},"author":1,"featured_media":54761,"comment_status":"closed","ping_status":"open","sticky":false,"template":"","format":"standard","meta":{"_uag_custom_page_level_css":"","_monsterinsights_skip_tracking":false,"_monsterinsights_sitenote_active":false,"_monsterinsights_sitenote_note":"","_monsterinsights_sitenote_category":0,"jetpack_post_was_ever_published":false,"_jetpack_newsletter_access":"","_jetpack_dont_email_post_to_subs":false,"_jetpack_newsletter_tier_id":0,"_jetpack_memberships_contains_paywalled_content":false,"_jetpack_memberships_contains_paid_content":false,"footnotes":"","jetpack_publicize_message":"","jetpack_publicize_feature_enabled":true,"jetpack_social_post_already_shared":true,"jetpack_social_options":{"image_generator_settings":{"template":"highway","default_image_id":0,"font":"","enabled":false},"version":2}},"categories":[1507],"tags":[],"class_list":["post-54760","post","type-post","status-publish","format-standard","has-post-thumbnail","hentry","category-pernambuco"],"jetpack_publicize_connections":[],"jetpack_featured_media_url":"https:\/\/blogopara.com.br\/wp-content\/uploads\/2023\/07\/WhatsApp-Image-2023-07-09-at-10.16.33-1.jpeg","uagb_featured_image_src":{"full":["https:\/\/blogopara.com.br\/wp-content\/uploads\/2023\/07\/WhatsApp-Image-2023-07-09-at-10.16.33-1.jpeg",500,333,false],"thumbnail":["https:\/\/blogopara.com.br\/wp-content\/uploads\/2023\/07\/WhatsApp-Image-2023-07-09-at-10.16.33-1-150x150.jpeg",150,150,true],"medium":["https:\/\/blogopara.com.br\/wp-content\/uploads\/2023\/07\/WhatsApp-Image-2023-07-09-at-10.16.33-1-300x200.jpeg",300,200,true],"medium_large":["https:\/\/blogopara.com.br\/wp-content\/uploads\/2023\/07\/WhatsApp-Image-2023-07-09-at-10.16.33-1.jpeg",500,333,false],"large":["https:\/\/blogopara.com.br\/wp-content\/uploads\/2023\/07\/WhatsApp-Image-2023-07-09-at-10.16.33-1.jpeg",500,333,false],"1536x1536":["https:\/\/blogopara.com.br\/wp-content\/uploads\/2023\/07\/WhatsApp-Image-2023-07-09-at-10.16.33-1.jpeg",500,333,false],"2048x2048":["https:\/\/blogopara.com.br\/wp-content\/uploads\/2023\/07\/WhatsApp-Image-2023-07-09-at-10.16.33-1.jpeg",500,333,false],"mantranews-slider-large":["https:\/\/blogopara.com.br\/wp-content\/uploads\/2023\/07\/WhatsApp-Image-2023-07-09-at-10.16.33-1.jpeg",500,333,false],"mantranews-featured-medium":["https:\/\/blogopara.com.br\/wp-content\/uploads\/2023\/07\/WhatsApp-Image-2023-07-09-at-10.16.33-1-420x307.jpeg",420,307,true],"mantranews-featured-long":["https:\/\/blogopara.com.br\/wp-content\/uploads\/2023\/07\/WhatsApp-Image-2023-07-09-at-10.16.33-1-300x333.jpeg",300,333,true],"mantranews-block-medium":["https:\/\/blogopara.com.br\/wp-content\/uploads\/2023\/07\/WhatsApp-Image-2023-07-09-at-10.16.33-1-464x290.jpeg",464,290,true],"mantranews-carousel-image":["https:\/\/blogopara.com.br\/wp-content\/uploads\/2023\/07\/WhatsApp-Image-2023-07-09-at-10.16.33-1.jpeg",500,333,false],"mantranews-block-thumb":["https:\/\/blogopara.com.br\/wp-content\/uploads\/2023\/07\/WhatsApp-Image-2023-07-09-at-10.16.33-1-322x230.jpeg",322,230,true],"mantranews-single-large":["https:\/\/blogopara.com.br\/wp-content\/uploads\/2023\/07\/WhatsApp-Image-2023-07-09-at-10.16.33-1.jpeg",500,333,false]},"uagb_author_info":{"display_name":"Reda\u00e7\u00e3o geral","author_link":"https:\/\/blogopara.com.br\/index.php\/author\/blogopara"},"uagb_comment_info":0,"uagb_excerpt":"Pelo menos 3.480 pessoas est\u00e3o desabrigadas ou desalojadas por causa dos estragos e transtornos causados pelas fortes chuvas que atingem Pernambuco desde a semana passada. O dado foi atualizado nesta segunda-feira (10) pela Coordenadoria da Defesa Civil de Pernambuco (Codecipe). Mais de 1 mil fam\u00edlias foram afetadas. O Governo do Estado reconheceu, em decretos publicados&hellip;","jetpack_sharing_enabled":true,"jetpack_likes_enabled":true,"_links":{"self":[{"href":"https:\/\/blogopara.com.br\/index.php\/wp-json\/wp\/v2\/posts\/54760","targetHints":{"allow":["GET"]}}],"collection":[{"href":"https:\/\/blogopara.com.br\/index.php\/wp-json\/wp\/v2\/posts"}],"about":[{"href":"https:\/\/blogopara.com.br\/index.php\/wp-json\/wp\/v2\/types\/post"}],"author":[{"embeddable":true,"href":"https:\/\/blogopara.com.br\/index.php\/wp-json\/wp\/v2\/users\/1"}],"replies":[{"embeddable":true,"href":"https:\/\/blogopara.com.br\/index.php\/wp-json\/wp\/v2\/comments?post=54760"}],"version-history":[{"count":1,"href":"https:\/\/blogopara.com.br\/index.php\/wp-json\/wp\/v2\/posts\/54760\/revisions"}],"predecessor-version":[{"id":54762,"href":"https:\/\/blogopara.com.br\/index.php\/wp-json\/wp\/v2\/posts\/54760\/revisions\/54762"}],"wp:featuredmedia":[{"embeddable":true,"href":"https:\/\/blogopara.com.br\/index.php\/wp-json\/wp\/v2\/media\/54761"}],"wp:attachment":[{"href":"https:\/\/blogopara.com.br\/index.php\/wp-json\/wp\/v2\/media?parent=54760"}],"wp:term":[{"taxonomy":"category","embeddable":true,"href":"https:\/\/blogopara.com.br\/index.php\/wp-json\/wp\/v2\/categories?post=54760"},{"taxonomy":"post_tag","embeddable":true,"href":"https:\/\/blogopara.com.br\/index.php\/wp-json\/wp\/v2\/tags?post=54760"}],"curies":[{"name":"wp","href":"https:\/\/api.w.org\/{rel}","templated":true}]}}