{"id":54783,"date":"2023-07-11T13:37:00","date_gmt":"2023-07-11T16:37:00","guid":{"rendered":"https:\/\/blogopara.com.br\/?p=54783"},"modified":"2023-07-10T19:39:59","modified_gmt":"2023-07-10T22:39:59","slug":"goiania-go-bebe-ganha-direito-de-ter-o-nome-das-duas-maes-na-certidao-de-nascimento","status":"publish","type":"post","link":"https:\/\/blogopara.com.br\/index.php\/2023\/07\/11\/goiania-go-bebe-ganha-direito-de-ter-o-nome-das-duas-maes-na-certidao-de-nascimento","title":{"rendered":"Goi\u00e2nia (GO): Beb\u00ea ganha direito de ter o nome das duas m\u00e3es na certid\u00e3o de nascimento"},"content":{"rendered":"<article id=\"post-281881\" class=\"hentry post-281881 post type-post status-publish format-standard has-post-thumbnail category-noticia\">\n<div class=\"bdaia-post-content\">\n<p style=\"text-align: justify;\">Um casal homoafetivo conseguiu na Justi\u00e7a o direito da dupla maternidade no registro do filho, em Goi\u00e2nia (GO). A decis\u00e3o aconteceu durante audi\u00eancia conduzida pela ju\u00edza Luciane Cristina Duarte da Silva. A magistrada determinou ainda que sejam realizadas as altera\u00e7\u00f5es necess\u00e1rias no registro civil da crian\u00e7a para que seja inclu\u00eddo o nome da m\u00e3e e av\u00f3s socioafetivos.<\/p>\n<p style=\"text-align: justify;\">A crian\u00e7a foi gerada ap\u00f3s uma insemina\u00e7\u00e3o artificial caseira. As m\u00e3es est\u00e3o em um relacionamento est\u00e1vel desde 2014 e se casaram h\u00e1 um ano. Elas decidiram por ter um filho, mas, por quest\u00f5es financeiras, optaram por uma insemina\u00e7\u00e3o caseira, com um doador volunt\u00e1rio que conheceram na internet e com quem n\u00e3o t\u00eam mais contato.<\/p>\n<p style=\"text-align: justify;\">\u201cO beb\u00ea foi gerado em uma fam\u00edlia composta por duas m\u00e3es, que juntas exercem a maternidade desde a concep\u00e7\u00e3o. Sem d\u00favidas, a crian\u00e7a considerar\u00e1 ambas como suas m\u00e3es, e por elas \u00e9 considerada filho. Dessa forma, cabe ao mundo jur\u00eddico apenas declarar o que j\u00e1 existe de fato, em respeito \u00e0 liberdade, \u00e0 igualdade e ainda ao dever de n\u00e3o-discrimina\u00e7\u00e3o \u00e0s v\u00e1rias formas de fam\u00edlia e aos filhos que delas se originem\u201d, ressaltou a magistrada.<\/p>\n<p style=\"text-align: justify;\">Fonte: G1 Goi\u00e1s<\/p>\n<\/div>\n<footer><\/footer>\n<\/article>\n","protected":false},"excerpt":{"rendered":"<p>Um casal homoafetivo conseguiu na Justi\u00e7a o direito da dupla maternidade no registro do filho, em Goi\u00e2nia (GO). A decis\u00e3o aconteceu durante audi\u00eancia conduzida pela ju\u00edza Luciane Cristina Duarte da Silva. A magistrada determinou ainda que sejam realizadas as altera\u00e7\u00f5es necess\u00e1rias no registro civil da crian\u00e7a para que seja inclu\u00eddo o nome da m\u00e3e e [&hellip;]<\/p>\n","protected":false},"author":1,"featured_media":40559,"comment_status":"closed","ping_status":"open","sticky":false,"template":"","format":"standard","meta":{"_uag_custom_page_level_css":"","_monsterinsights_skip_tracking":false,"_monsterinsights_sitenote_active":false,"_monsterinsights_sitenote_note":"","_monsterinsights_sitenote_category":0,"jetpack_post_was_ever_published":false,"_jetpack_newsletter_access":"","_jetpack_dont_email_post_to_subs":false,"_jetpack_newsletter_tier_id":0,"_jetpack_memberships_contains_paywalled_content":false,"_jetpack_memberships_contains_paid_content":false,"footnotes":"","jetpack_publicize_message":"","jetpack_publicize_feature_enabled":true,"jetpack_social_post_already_shared":true,"jetpack_social_options":{"image_generator_settings":{"template":"highway","default_image_id":0,"font":"","enabled":false},"version":2}},"categories":[200],"tags":[],"class_list":["post-54783","post","type-post","status-publish","format-standard","has-post-thumbnail","hentry","category-brasil"],"jetpack_publicize_connections":[],"jetpack_featured_media_url":"https:\/\/blogopara.com.br\/wp-content\/uploads\/2022\/08\/bebe.jpg","uagb_featured_image_src":{"full":["https:\/\/blogopara.com.br\/wp-content\/uploads\/2022\/08\/bebe.jpg",500,435,false],"thumbnail":["https:\/\/blogopara.com.br\/wp-content\/uploads\/2022\/08\/bebe-150x150.jpg",150,150,true],"medium":["https:\/\/blogopara.com.br\/wp-content\/uploads\/2022\/08\/bebe-300x261.jpg",300,261,true],"medium_large":["https:\/\/blogopara.com.br\/wp-content\/uploads\/2022\/08\/bebe.jpg",500,435,false],"large":["https:\/\/blogopara.com.br\/wp-content\/uploads\/2022\/08\/bebe.jpg",500,435,false],"1536x1536":["https:\/\/blogopara.com.br\/wp-content\/uploads\/2022\/08\/bebe.jpg",500,435,false],"2048x2048":["https:\/\/blogopara.com.br\/wp-content\/uploads\/2022\/08\/bebe.jpg",500,435,false],"mantranews-slider-large":["https:\/\/blogopara.com.br\/wp-content\/uploads\/2022\/08\/bebe.jpg",500,435,false],"mantranews-featured-medium":["https:\/\/blogopara.com.br\/wp-content\/uploads\/2022\/08\/bebe-420x307.jpg",420,307,true],"mantranews-featured-long":["https:\/\/blogopara.com.br\/wp-content\/uploads\/2022\/08\/bebe-300x435.jpg",300,435,true],"mantranews-block-medium":["https:\/\/blogopara.com.br\/wp-content\/uploads\/2022\/08\/bebe-464x290.jpg",464,290,true],"mantranews-carousel-image":["https:\/\/blogopara.com.br\/wp-content\/uploads\/2022\/08\/bebe.jpg",500,435,false],"mantranews-block-thumb":["https:\/\/blogopara.com.br\/wp-content\/uploads\/2022\/08\/bebe-322x230.jpg",322,230,true],"mantranews-single-large":["https:\/\/blogopara.com.br\/wp-content\/uploads\/2022\/08\/bebe.jpg",500,435,false]},"uagb_author_info":{"display_name":"Reda\u00e7\u00e3o geral","author_link":"https:\/\/blogopara.com.br\/index.php\/author\/blogopara"},"uagb_comment_info":0,"uagb_excerpt":"Um casal homoafetivo conseguiu na Justi\u00e7a o direito da dupla maternidade no registro do filho, em Goi\u00e2nia (GO). A decis\u00e3o aconteceu durante audi\u00eancia conduzida pela ju\u00edza Luciane Cristina Duarte da Silva. A magistrada determinou ainda que sejam realizadas as altera\u00e7\u00f5es necess\u00e1rias no registro civil da crian\u00e7a para que seja inclu\u00eddo o nome da m\u00e3e e&hellip;","jetpack_sharing_enabled":true,"jetpack_likes_enabled":true,"_links":{"self":[{"href":"https:\/\/blogopara.com.br\/index.php\/wp-json\/wp\/v2\/posts\/54783","targetHints":{"allow":["GET"]}}],"collection":[{"href":"https:\/\/blogopara.com.br\/index.php\/wp-json\/wp\/v2\/posts"}],"about":[{"href":"https:\/\/blogopara.com.br\/index.php\/wp-json\/wp\/v2\/types\/post"}],"author":[{"embeddable":true,"href":"https:\/\/blogopara.com.br\/index.php\/wp-json\/wp\/v2\/users\/1"}],"replies":[{"embeddable":true,"href":"https:\/\/blogopara.com.br\/index.php\/wp-json\/wp\/v2\/comments?post=54783"}],"version-history":[{"count":1,"href":"https:\/\/blogopara.com.br\/index.php\/wp-json\/wp\/v2\/posts\/54783\/revisions"}],"predecessor-version":[{"id":54784,"href":"https:\/\/blogopara.com.br\/index.php\/wp-json\/wp\/v2\/posts\/54783\/revisions\/54784"}],"wp:featuredmedia":[{"embeddable":true,"href":"https:\/\/blogopara.com.br\/index.php\/wp-json\/wp\/v2\/media\/40559"}],"wp:attachment":[{"href":"https:\/\/blogopara.com.br\/index.php\/wp-json\/wp\/v2\/media?parent=54783"}],"wp:term":[{"taxonomy":"category","embeddable":true,"href":"https:\/\/blogopara.com.br\/index.php\/wp-json\/wp\/v2\/categories?post=54783"},{"taxonomy":"post_tag","embeddable":true,"href":"https:\/\/blogopara.com.br\/index.php\/wp-json\/wp\/v2\/tags?post=54783"}],"curies":[{"name":"wp","href":"https:\/\/api.w.org\/{rel}","templated":true}]}}