{"id":54797,"date":"2023-07-11T15:48:00","date_gmt":"2023-07-11T18:48:00","guid":{"rendered":"https:\/\/blogopara.com.br\/?p=54797"},"modified":"2023-07-11T10:55:09","modified_gmt":"2023-07-11T13:55:09","slug":"social-ate-voce-prefeitura-de-juazeiro-prepara-edicao-especial-para-celebrar-os-145-anos-do-aniversario-da-cidade","status":"publish","type":"post","link":"https:\/\/blogopara.com.br\/index.php\/2023\/07\/11\/social-ate-voce-prefeitura-de-juazeiro-prepara-edicao-especial-para-celebrar-os-145-anos-do-aniversario-da-cidade","title":{"rendered":"Social At\u00e9 Voc\u00ea: Prefeitura de Juazeiro prepara edi\u00e7\u00e3o especial para celebrar os 145 anos do anivers\u00e1rio da cidade"},"content":{"rendered":"<p class=\"x_MsoNormal\" style=\"text-align: justify;\">As comemora\u00e7\u00f5es dos 145 anos de anivers\u00e1rio de Juazeiro prometem movimentar a cidade. A Prefeitura, atrav\u00e9s da Secretaria de Desenvolvimento Social, Mulher e Diversidade (Sedes), vai realizar uma edi\u00e7\u00e3o especial do programa Social At\u00e9 Voc\u00ea para celebrar o anivers\u00e1rio da cidade. A edi\u00e7\u00e3o comemorativa do programa que tem como objetivo levar dezenas de atendimentos sociais de forma itinerante para mais perto da popula\u00e7\u00e3o, vai acontecer na Orla II, no dia 15 de julho.<\/p>\n<p class=\"x_MsoNormal\" style=\"text-align: justify;\">Ser\u00e3o ofertados servi\u00e7os de atualiza\u00e7\u00e3o e inclus\u00e3o no programa Cad\u00fanico, cadastro e emiss\u00e3o do ID Jovem, carteirinha do idoso, atendimento psicossocial oferecido pelo Centro de Refer\u00eancia de Assist\u00eancia Social (CRAS) e Centro de Refer\u00eancia Especializado de Assist\u00eancia Social (CREAS), orienta\u00e7\u00f5es sobre habita\u00e7\u00e3o social, diversidade, Casa da Mulher Rural, Conselho Tutelar, atendimento do Centro Integrado de Atendimento \u00e0 Mulher (CIAM), corte de cabelo masculino, servi\u00e7os de beleza feminino e muito mais.<\/p>\n<p class=\"x_MsoNormal\" style=\"text-align: justify;\">\u201cEstamos levando cerca de 20 tipos de atendimentos diferentes para esta edi\u00e7\u00e3o especial de anivers\u00e1rio de Juazeiro. A Sedes sempre est\u00e1 mais perto das pessoas, aproximando a gest\u00e3o municipal da popula\u00e7\u00e3o, ampliando a oferta de servi\u00e7os oferecidos em um s\u00f3 local com o Social At\u00e9 Voc\u00ea. Isso \u00e9 facilidade\u201d, destacou o secret\u00e1rio de Desenvolvimento Social, Mulher e Diversidade, Fernando Costa.<\/p>\n<p class=\"x_MsoNormal\" style=\"text-align: justify;\">O programa Social At\u00e9 Voc\u00ea na Orla II ser\u00e1 a partir das 9h, ap\u00f3s a cerim\u00f4nia c\u00edvica de anivers\u00e1rio da cidade.<\/p>\n<p class=\"x_MsoNormal\" style=\"text-align: justify;\">\n","protected":false},"excerpt":{"rendered":"<p>As comemora\u00e7\u00f5es dos 145 anos de anivers\u00e1rio de Juazeiro prometem movimentar a cidade. A Prefeitura, atrav\u00e9s da Secretaria de Desenvolvimento Social, Mulher e Diversidade (Sedes), vai realizar uma edi\u00e7\u00e3o especial do programa Social At\u00e9 Voc\u00ea para celebrar o anivers\u00e1rio da cidade. A edi\u00e7\u00e3o comemorativa do programa que tem como objetivo levar dezenas de atendimentos sociais [&hellip;]<\/p>\n","protected":false},"author":1,"featured_media":54798,"comment_status":"closed","ping_status":"open","sticky":false,"template":"","format":"standard","meta":{"_uag_custom_page_level_css":"","_monsterinsights_skip_tracking":false,"_monsterinsights_sitenote_active":false,"_monsterinsights_sitenote_note":"","_monsterinsights_sitenote_category":0,"jetpack_post_was_ever_published":false,"_jetpack_newsletter_access":"","_jetpack_dont_email_post_to_subs":false,"_jetpack_newsletter_tier_id":0,"_jetpack_memberships_contains_paywalled_content":false,"_jetpack_memberships_contains_paid_content":false,"footnotes":"","jetpack_publicize_message":"","jetpack_publicize_feature_enabled":true,"jetpack_social_post_already_shared":true,"jetpack_social_options":{"image_generator_settings":{"template":"highway","default_image_id":0,"font":"","enabled":false},"version":2}},"categories":[204],"tags":[],"class_list":["post-54797","post","type-post","status-publish","format-standard","has-post-thumbnail","hentry","category-social"],"jetpack_publicize_connections":[],"jetpack_featured_media_url":"https:\/\/blogopara.com.br\/wp-content\/uploads\/2023\/07\/thumbnail_social-ate-vc-17-edinazio-dias.jpg","uagb_featured_image_src":{"full":["https:\/\/blogopara.com.br\/wp-content\/uploads\/2023\/07\/thumbnail_social-ate-vc-17-edinazio-dias.jpg",500,333,false],"thumbnail":["https:\/\/blogopara.com.br\/wp-content\/uploads\/2023\/07\/thumbnail_social-ate-vc-17-edinazio-dias-150x150.jpg",150,150,true],"medium":["https:\/\/blogopara.com.br\/wp-content\/uploads\/2023\/07\/thumbnail_social-ate-vc-17-edinazio-dias-300x200.jpg",300,200,true],"medium_large":["https:\/\/blogopara.com.br\/wp-content\/uploads\/2023\/07\/thumbnail_social-ate-vc-17-edinazio-dias.jpg",500,333,false],"large":["https:\/\/blogopara.com.br\/wp-content\/uploads\/2023\/07\/thumbnail_social-ate-vc-17-edinazio-dias.jpg",500,333,false],"1536x1536":["https:\/\/blogopara.com.br\/wp-content\/uploads\/2023\/07\/thumbnail_social-ate-vc-17-edinazio-dias.jpg",500,333,false],"2048x2048":["https:\/\/blogopara.com.br\/wp-content\/uploads\/2023\/07\/thumbnail_social-ate-vc-17-edinazio-dias.jpg",500,333,false],"mantranews-slider-large":["https:\/\/blogopara.com.br\/wp-content\/uploads\/2023\/07\/thumbnail_social-ate-vc-17-edinazio-dias.jpg",500,333,false],"mantranews-featured-medium":["https:\/\/blogopara.com.br\/wp-content\/uploads\/2023\/07\/thumbnail_social-ate-vc-17-edinazio-dias-420x307.jpg",420,307,true],"mantranews-featured-long":["https:\/\/blogopara.com.br\/wp-content\/uploads\/2023\/07\/thumbnail_social-ate-vc-17-edinazio-dias-300x333.jpg",300,333,true],"mantranews-block-medium":["https:\/\/blogopara.com.br\/wp-content\/uploads\/2023\/07\/thumbnail_social-ate-vc-17-edinazio-dias-464x290.jpg",464,290,true],"mantranews-carousel-image":["https:\/\/blogopara.com.br\/wp-content\/uploads\/2023\/07\/thumbnail_social-ate-vc-17-edinazio-dias.jpg",500,333,false],"mantranews-block-thumb":["https:\/\/blogopara.com.br\/wp-content\/uploads\/2023\/07\/thumbnail_social-ate-vc-17-edinazio-dias-322x230.jpg",322,230,true],"mantranews-single-large":["https:\/\/blogopara.com.br\/wp-content\/uploads\/2023\/07\/thumbnail_social-ate-vc-17-edinazio-dias.jpg",500,333,false]},"uagb_author_info":{"display_name":"Reda\u00e7\u00e3o geral","author_link":"https:\/\/blogopara.com.br\/index.php\/author\/blogopara"},"uagb_comment_info":0,"uagb_excerpt":"As comemora\u00e7\u00f5es dos 145 anos de anivers\u00e1rio de Juazeiro prometem movimentar a cidade. A Prefeitura, atrav\u00e9s da Secretaria de Desenvolvimento Social, Mulher e Diversidade (Sedes), vai realizar uma edi\u00e7\u00e3o especial do programa Social At\u00e9 Voc\u00ea para celebrar o anivers\u00e1rio da cidade. A edi\u00e7\u00e3o comemorativa do programa que tem como objetivo levar dezenas de atendimentos sociais&hellip;","jetpack_sharing_enabled":true,"jetpack_likes_enabled":true,"_links":{"self":[{"href":"https:\/\/blogopara.com.br\/index.php\/wp-json\/wp\/v2\/posts\/54797","targetHints":{"allow":["GET"]}}],"collection":[{"href":"https:\/\/blogopara.com.br\/index.php\/wp-json\/wp\/v2\/posts"}],"about":[{"href":"https:\/\/blogopara.com.br\/index.php\/wp-json\/wp\/v2\/types\/post"}],"author":[{"embeddable":true,"href":"https:\/\/blogopara.com.br\/index.php\/wp-json\/wp\/v2\/users\/1"}],"replies":[{"embeddable":true,"href":"https:\/\/blogopara.com.br\/index.php\/wp-json\/wp\/v2\/comments?post=54797"}],"version-history":[{"count":1,"href":"https:\/\/blogopara.com.br\/index.php\/wp-json\/wp\/v2\/posts\/54797\/revisions"}],"predecessor-version":[{"id":54799,"href":"https:\/\/blogopara.com.br\/index.php\/wp-json\/wp\/v2\/posts\/54797\/revisions\/54799"}],"wp:featuredmedia":[{"embeddable":true,"href":"https:\/\/blogopara.com.br\/index.php\/wp-json\/wp\/v2\/media\/54798"}],"wp:attachment":[{"href":"https:\/\/blogopara.com.br\/index.php\/wp-json\/wp\/v2\/media?parent=54797"}],"wp:term":[{"taxonomy":"category","embeddable":true,"href":"https:\/\/blogopara.com.br\/index.php\/wp-json\/wp\/v2\/categories?post=54797"},{"taxonomy":"post_tag","embeddable":true,"href":"https:\/\/blogopara.com.br\/index.php\/wp-json\/wp\/v2\/tags?post=54797"}],"curies":[{"name":"wp","href":"https:\/\/api.w.org\/{rel}","templated":true}]}}