{"id":54800,"date":"2023-07-11T16:55:00","date_gmt":"2023-07-11T19:55:00","guid":{"rendered":"https:\/\/blogopara.com.br\/?p=54800"},"modified":"2023-07-11T11:00:04","modified_gmt":"2023-07-11T14:00:04","slug":"vereador-marquinhos-do-n4-convida-populacao-para-doar-sangue-e-promover-vida","status":"publish","type":"post","link":"https:\/\/blogopara.com.br\/index.php\/2023\/07\/11\/vereador-marquinhos-do-n4-convida-populacao-para-doar-sangue-e-promover-vida","title":{"rendered":"Vereador Marquinhos do N4 convida popula\u00e7\u00e3o para doar sangue e promover vida"},"content":{"rendered":"<p style=\"text-align: justify;\">O vereador de Petrolina, Marquinhos do N4, esteve no Hemope, na manh\u00e3 desta ter\u00e7a-feira (11) para doar sangue e convida todos os cidad\u00e3os para ir ao Hemocentro, posto de coleta de sangue e doarem vida.<\/p>\n<p style=\"text-align: justify;\">Marquinhos do N4 fala sobre a importante iniciativa com o intuito de contribuir para o abastecimento dos bancos de sangue local, a conscientiza\u00e7\u00e3o e o incentivo \u00e0 popula\u00e7\u00e3o sobre a import\u00e2ncia da doa\u00e7\u00e3o de sangue. &#8220;A falta de sangue nos bancos de sangue \u00e9 um problema recorrente, podendo afetar diretamente o atendimento m\u00e9dico e cir\u00fargico de emerg\u00eancia. Ao convocar a popula\u00e7\u00e3o para participar dessa campanha, esperamos aumentar o n\u00famero de doadores e, assim, contribuir para suprir essa demanda crescente&#8221;.<\/p>\n<p style=\"text-align: justify;\">O Hemope Petrolina fica localizado na Rua Pac\u00edfico da Luz, s\/n, Centro. As doa\u00e7\u00f5es podem ser realizadas de segunda a sexta das 7h \u00e0s 11h30.<\/p>\n<p style=\"text-align: justify;\">Para realizar a doa\u00e7\u00e3o \u00e9 preciso apresentar documento de identifica\u00e7\u00e3o com foto. Al\u00e9m disso, \u00e9 necess\u00e1rio ter entre 16 e 69 anos (menores de 18 anos devem possuir consentimento formal do respons\u00e1vel), pesar no m\u00ednimo 50 kg, ter dormido pelo menos 6 horas nas \u00faltimas 24 horas e estar alimentado. O intervalo m\u00ednimo para doa\u00e7\u00f5es \u00e9 de dois meses para os homens e tr\u00eas para as mulheres.<\/p>\n<p>M\u00f4nia Ramos -Jornalista<br \/>\nASCOM<\/p>\n","protected":false},"excerpt":{"rendered":"<p>O vereador de Petrolina, Marquinhos do N4, esteve no Hemope, na manh\u00e3 desta ter\u00e7a-feira (11) para doar sangue e convida todos os cidad\u00e3os para ir ao Hemocentro, posto de coleta de sangue e doarem vida. Marquinhos do N4 fala sobre a importante iniciativa com o intuito de contribuir para o abastecimento dos bancos de sangue [&hellip;]<\/p>\n","protected":false},"author":1,"featured_media":54801,"comment_status":"closed","ping_status":"open","sticky":false,"template":"","format":"standard","meta":{"_uag_custom_page_level_css":"","_monsterinsights_skip_tracking":false,"_monsterinsights_sitenote_active":false,"_monsterinsights_sitenote_note":"","_monsterinsights_sitenote_category":0,"jetpack_post_was_ever_published":false,"_jetpack_newsletter_access":"","_jetpack_dont_email_post_to_subs":false,"_jetpack_newsletter_tier_id":0,"_jetpack_memberships_contains_paywalled_content":false,"_jetpack_memberships_contains_paid_content":false,"footnotes":"","jetpack_publicize_message":"","jetpack_publicize_feature_enabled":true,"jetpack_social_post_already_shared":true,"jetpack_social_options":{"image_generator_settings":{"template":"highway","default_image_id":0,"font":"","enabled":false},"version":2}},"categories":[851,197],"tags":[],"class_list":["post-54800","post","type-post","status-publish","format-standard","has-post-thumbnail","hentry","category-petrolina","category-politica"],"jetpack_publicize_connections":[],"jetpack_featured_media_url":"https:\/\/blogopara.com.br\/wp-content\/uploads\/2023\/07\/WhatsApp-Image-2023-07-11-at-10.51.48.jpeg","uagb_featured_image_src":{"full":["https:\/\/blogopara.com.br\/wp-content\/uploads\/2023\/07\/WhatsApp-Image-2023-07-11-at-10.51.48.jpeg",500,666,false],"thumbnail":["https:\/\/blogopara.com.br\/wp-content\/uploads\/2023\/07\/WhatsApp-Image-2023-07-11-at-10.51.48-150x150.jpeg",150,150,true],"medium":["https:\/\/blogopara.com.br\/wp-content\/uploads\/2023\/07\/WhatsApp-Image-2023-07-11-at-10.51.48-225x300.jpeg",225,300,true],"medium_large":["https:\/\/blogopara.com.br\/wp-content\/uploads\/2023\/07\/WhatsApp-Image-2023-07-11-at-10.51.48.jpeg",500,666,false],"large":["https:\/\/blogopara.com.br\/wp-content\/uploads\/2023\/07\/WhatsApp-Image-2023-07-11-at-10.51.48.jpeg",500,666,false],"1536x1536":["https:\/\/blogopara.com.br\/wp-content\/uploads\/2023\/07\/WhatsApp-Image-2023-07-11-at-10.51.48.jpeg",500,666,false],"2048x2048":["https:\/\/blogopara.com.br\/wp-content\/uploads\/2023\/07\/WhatsApp-Image-2023-07-11-at-10.51.48.jpeg",500,666,false],"mantranews-slider-large":["https:\/\/blogopara.com.br\/wp-content\/uploads\/2023\/07\/WhatsApp-Image-2023-07-11-at-10.51.48.jpeg",500,666,false],"mantranews-featured-medium":["https:\/\/blogopara.com.br\/wp-content\/uploads\/2023\/07\/WhatsApp-Image-2023-07-11-at-10.51.48-420x307.jpeg",420,307,true],"mantranews-featured-long":["https:\/\/blogopara.com.br\/wp-content\/uploads\/2023\/07\/WhatsApp-Image-2023-07-11-at-10.51.48-300x443.jpeg",300,443,true],"mantranews-block-medium":["https:\/\/blogopara.com.br\/wp-content\/uploads\/2023\/07\/WhatsApp-Image-2023-07-11-at-10.51.48-464x290.jpeg",464,290,true],"mantranews-carousel-image":["https:\/\/blogopara.com.br\/wp-content\/uploads\/2023\/07\/WhatsApp-Image-2023-07-11-at-10.51.48-500x500.jpeg",500,500,true],"mantranews-block-thumb":["https:\/\/blogopara.com.br\/wp-content\/uploads\/2023\/07\/WhatsApp-Image-2023-07-11-at-10.51.48-322x230.jpeg",322,230,true],"mantranews-single-large":["https:\/\/blogopara.com.br\/wp-content\/uploads\/2023\/07\/WhatsApp-Image-2023-07-11-at-10.51.48-500x642.jpeg",500,642,true]},"uagb_author_info":{"display_name":"Reda\u00e7\u00e3o geral","author_link":"https:\/\/blogopara.com.br\/index.php\/author\/blogopara"},"uagb_comment_info":0,"uagb_excerpt":"O vereador de Petrolina, Marquinhos do N4, esteve no Hemope, na manh\u00e3 desta ter\u00e7a-feira (11) para doar sangue e convida todos os cidad\u00e3os para ir ao Hemocentro, posto de coleta de sangue e doarem vida. Marquinhos do N4 fala sobre a importante iniciativa com o intuito de contribuir para o abastecimento dos bancos de sangue&hellip;","jetpack_sharing_enabled":true,"jetpack_likes_enabled":true,"_links":{"self":[{"href":"https:\/\/blogopara.com.br\/index.php\/wp-json\/wp\/v2\/posts\/54800","targetHints":{"allow":["GET"]}}],"collection":[{"href":"https:\/\/blogopara.com.br\/index.php\/wp-json\/wp\/v2\/posts"}],"about":[{"href":"https:\/\/blogopara.com.br\/index.php\/wp-json\/wp\/v2\/types\/post"}],"author":[{"embeddable":true,"href":"https:\/\/blogopara.com.br\/index.php\/wp-json\/wp\/v2\/users\/1"}],"replies":[{"embeddable":true,"href":"https:\/\/blogopara.com.br\/index.php\/wp-json\/wp\/v2\/comments?post=54800"}],"version-history":[{"count":1,"href":"https:\/\/blogopara.com.br\/index.php\/wp-json\/wp\/v2\/posts\/54800\/revisions"}],"predecessor-version":[{"id":54802,"href":"https:\/\/blogopara.com.br\/index.php\/wp-json\/wp\/v2\/posts\/54800\/revisions\/54802"}],"wp:featuredmedia":[{"embeddable":true,"href":"https:\/\/blogopara.com.br\/index.php\/wp-json\/wp\/v2\/media\/54801"}],"wp:attachment":[{"href":"https:\/\/blogopara.com.br\/index.php\/wp-json\/wp\/v2\/media?parent=54800"}],"wp:term":[{"taxonomy":"category","embeddable":true,"href":"https:\/\/blogopara.com.br\/index.php\/wp-json\/wp\/v2\/categories?post=54800"},{"taxonomy":"post_tag","embeddable":true,"href":"https:\/\/blogopara.com.br\/index.php\/wp-json\/wp\/v2\/tags?post=54800"}],"curies":[{"name":"wp","href":"https:\/\/api.w.org\/{rel}","templated":true}]}}