{"id":54803,"date":"2023-07-11T18:30:00","date_gmt":"2023-07-11T21:30:00","guid":{"rendered":"https:\/\/blogopara.com.br\/?p=54803"},"modified":"2023-07-11T11:20:11","modified_gmt":"2023-07-11T14:20:11","slug":"tendas-da-educacao-espaco-kids-vai-animar-as-criancas-no-aniversario-de-juazeiro","status":"publish","type":"post","link":"https:\/\/blogopara.com.br\/index.php\/2023\/07\/11\/tendas-da-educacao-espaco-kids-vai-animar-as-criancas-no-aniversario-de-juazeiro","title":{"rendered":"\u2018Tendas da Educa\u00e7\u00e3o\u2019: espa\u00e7o kids vai animar as crian\u00e7as no anivers\u00e1rio de Juazeiro"},"content":{"rendered":"<p class=\"x_MsoNormal\" style=\"text-align: justify;\">Juazeiro vai completar 145 anos e a programa\u00e7\u00e3o comemorativa desenvolvida pela Prefeitura vai contemplar toda a popula\u00e7\u00e3o. No s\u00e1bado e domingo, dias 15 e 16 de julho, a programa\u00e7\u00e3o das \u2018Tendas da Educa\u00e7\u00e3o\u2019 (espa\u00e7o kids) vai garantir a divers\u00e3o do p\u00fablico infantil na Orla II. O espa\u00e7o, que j\u00e1 se tornou tradi\u00e7\u00e3o nas grandes festas da cidade, \u00e9 coordenado pela Secretaria de Educa\u00e7\u00e3o e Juventude (Seduc) e reunir\u00e1 conta\u00e7\u00e3o de hist\u00f3rias, m\u00fasica ao vivo, pintura de rosto e distribui\u00e7\u00e3o de guloseimas, como algod\u00e3o doce e pipoca.<\/p>\n<p class=\"x_MsoNormal\" style=\"text-align: justify;\">A prefeita Suzana Ramos, ressalta a import\u00e2ncia das \u2018Tendas da Educa\u00e7\u00e3o\u2019 como a consolida\u00e7\u00e3o de um espa\u00e7o leve e inclusivo nas comemora\u00e7\u00f5es da cidade. \u201cSeja no anivers\u00e1rio da cidade ou no Carnaval, as \u2018Tendas da Educa\u00e7\u00e3o\u2019 j\u00e1 s\u00e3o consideradas um espa\u00e7o consolidado e que conseguem trazer a crian\u00e7a para dentro das festas de forma segura. \u00c9 um espa\u00e7o inclusivo, alegre e leve como s\u00e3o todas as crian\u00e7as. Essa tem sido uma preocupa\u00e7\u00e3o da nossa gest\u00e3o, promover festas populares e que garantam espa\u00e7os para todos os p\u00fablicos, de todas as idades\u201d, frisa o gestor.<\/p>\n<p class=\"x_MsoNormal\" style=\"text-align: justify;\">No s\u00e1bado (15), a programa\u00e7\u00e3o acontecer\u00e1 das 9h \u00e0s 13h e das 14h \u00e0s 17h, j\u00e1 no domingo (16), o espa\u00e7o funcionar\u00e1 das 9h \u00e0s 12h. \u201cNosso objetivo \u00e9 acolher a fam\u00edlia. Nas \u2018Tendas da Educa\u00e7\u00e3o\u2019 as crian\u00e7as ter\u00e3o acesso gratuito a um mundo l\u00fadico, com a presen\u00e7a de personagens conhecidos, como Mickey e Minnie, Branca de Neve e os Sete An\u00f5es, a princesa Ariel, e her\u00f3is da Marvel, como o Capit\u00e3o Am\u00e9rica, al\u00e9m de parque infantil, hist\u00f3rias fant\u00e1sticas contadas pelo grupo D\u00f3-R\u00e9-Mi e pela equipe da Seduc\u201d, revela Regiane Freitas, respons\u00e1vel pela coordena\u00e7\u00e3o do espa\u00e7o.<\/p>\n<p class=\"x_MsoNormal\" style=\"text-align: justify;\"><b>Confira a programa\u00e7\u00e3o:<\/b><\/p>\n<p class=\"x_MsoNormal\" style=\"text-align: justify;\"><b>\u00a0<\/b><b>S\u00e1bado (manh\u00e3) \u2013 15.07<\/b><\/p>\n<p class=\"x_MsoNormal\" style=\"text-align: justify;\">Pintura de Rosto<\/p>\n<p class=\"x_MsoNormal\" style=\"text-align: justify;\">Distribui\u00e7\u00e3o de Pipoca e algod\u00e3o doce<\/p>\n<p class=\"x_MsoNormal\" style=\"text-align: justify;\">10h &#8211; Conta\u00e7\u00e3o de hist\u00f3rias com \u2018Wil conta hist\u00f3rias\u2019 e a \u2018Turma do Contador de Hist\u00f3rias\u2019<\/p>\n<p class=\"x_MsoNormal\" style=\"text-align: justify;\">11h &#8211; Conta\u00e7\u00e3o de hist\u00f3rias com o grupo D\u00f3-R\u00e9-Mi<\/p>\n<p class=\"x_MsoNormal\" style=\"text-align: justify;\"><b>\u00a0<\/b><\/p>\n<p class=\"x_MsoNormal\" style=\"text-align: justify;\"><b>\u00a0<\/b><\/p>\n<p class=\"x_MsoNormal\" style=\"text-align: justify;\"><b>S\u00e1bado (tarde) \u2013 15.07<\/b><\/p>\n<p class=\"x_MsoNormal\" style=\"text-align: justify;\"><b>\u00a0<\/b><\/p>\n<p class=\"x_MsoNormal\" style=\"text-align: justify;\">Pintura de Rosto<\/p>\n<p class=\"x_MsoNormal\" style=\"text-align: justify;\">Distribui\u00e7\u00e3o de Pipoca e algod\u00e3o doce<\/p>\n<p class=\"x_MsoNormal\" style=\"text-align: justify;\">15h &#8211; Conta\u00e7\u00e3o de hist\u00f3rias com Adriana Campana<\/p>\n<p class=\"x_MsoNormal\" style=\"text-align: justify;\">15h30 &#8211; Apresenta\u00e7\u00e3o musical de Elisangela Moura<\/p>\n<p class=\"x_MsoNormal\" style=\"text-align: justify;\">16h &#8211; Conta\u00e7\u00e3o de hist\u00f3rias com o grupo D\u00f3-R\u00e9-Mi<\/p>\n<p class=\"x_MsoNormal\" style=\"text-align: justify;\"><b>\u00a0<\/b><\/p>\n<p class=\"x_MsoNormal\" style=\"text-align: justify;\"><b>Domingo (manh\u00e3) \u2013 16.07<\/b><\/p>\n<p class=\"x_MsoNormal\" style=\"text-align: justify;\"><b>\u00a0<\/b>Pintura de rosto<\/p>\n<p class=\"x_MsoNormal\" style=\"text-align: justify;\">Distribui\u00e7\u00e3o de Pipoca e algod\u00e3o doce<\/p>\n<p class=\"x_MsoNormal\" style=\"text-align: justify;\">10h &#8211; Conta\u00e7\u00e3o de hist\u00f3rias com a turma da TV Escola (Al\u00ea, Leleca e Vane\u00e7a)<\/p>\n<p class=\"x_MsoNormal\" style=\"text-align: justify;\">10h30 Apresenta\u00e7\u00e3o musical de Elisangela Moura e Robson<\/p>\n<p class=\"x_MsoNormal\" style=\"text-align: justify;\">11h &#8211; Conta\u00e7\u00e3o de hist\u00f3rias com o grupo D\u00f3-R\u00e9-Mi<\/p>\n<p class=\"x_MsoNormal\" style=\"text-align: justify;\" aria-hidden=\"true\">\n","protected":false},"excerpt":{"rendered":"<p>Juazeiro vai completar 145 anos e a programa\u00e7\u00e3o comemorativa desenvolvida pela Prefeitura vai contemplar toda a popula\u00e7\u00e3o. No s\u00e1bado e domingo, dias 15 e 16 de julho, a programa\u00e7\u00e3o das \u2018Tendas da Educa\u00e7\u00e3o\u2019 (espa\u00e7o kids) vai garantir a divers\u00e3o do p\u00fablico infantil na Orla II. O espa\u00e7o, que j\u00e1 se tornou tradi\u00e7\u00e3o nas grandes festas [&hellip;]<\/p>\n","protected":false},"author":1,"featured_media":54804,"comment_status":"closed","ping_status":"open","sticky":false,"template":"","format":"standard","meta":{"_uag_custom_page_level_css":"","_monsterinsights_skip_tracking":false,"_monsterinsights_sitenote_active":false,"_monsterinsights_sitenote_note":"","_monsterinsights_sitenote_category":0,"jetpack_post_was_ever_published":false,"_jetpack_newsletter_access":"","_jetpack_dont_email_post_to_subs":false,"_jetpack_newsletter_tier_id":0,"_jetpack_memberships_contains_paywalled_content":false,"_jetpack_memberships_contains_paid_content":false,"footnotes":"","jetpack_publicize_message":"","jetpack_publicize_feature_enabled":true,"jetpack_social_post_already_shared":true,"jetpack_social_options":{"image_generator_settings":{"template":"highway","default_image_id":0,"font":"","enabled":false},"version":2}},"categories":[203],"tags":[],"class_list":["post-54803","post","type-post","status-publish","format-standard","has-post-thumbnail","hentry","category-juazeiro"],"jetpack_publicize_connections":[],"jetpack_featured_media_url":"https:\/\/blogopara.com.br\/wp-content\/uploads\/2023\/07\/Tenda02.jpeg","uagb_featured_image_src":{"full":["https:\/\/blogopara.com.br\/wp-content\/uploads\/2023\/07\/Tenda02.jpeg",500,333,false],"thumbnail":["https:\/\/blogopara.com.br\/wp-content\/uploads\/2023\/07\/Tenda02-150x150.jpeg",150,150,true],"medium":["https:\/\/blogopara.com.br\/wp-content\/uploads\/2023\/07\/Tenda02-300x200.jpeg",300,200,true],"medium_large":["https:\/\/blogopara.com.br\/wp-content\/uploads\/2023\/07\/Tenda02.jpeg",500,333,false],"large":["https:\/\/blogopara.com.br\/wp-content\/uploads\/2023\/07\/Tenda02.jpeg",500,333,false],"1536x1536":["https:\/\/blogopara.com.br\/wp-content\/uploads\/2023\/07\/Tenda02.jpeg",500,333,false],"2048x2048":["https:\/\/blogopara.com.br\/wp-content\/uploads\/2023\/07\/Tenda02.jpeg",500,333,false],"mantranews-slider-large":["https:\/\/blogopara.com.br\/wp-content\/uploads\/2023\/07\/Tenda02.jpeg",500,333,false],"mantranews-featured-medium":["https:\/\/blogopara.com.br\/wp-content\/uploads\/2023\/07\/Tenda02-420x307.jpeg",420,307,true],"mantranews-featured-long":["https:\/\/blogopara.com.br\/wp-content\/uploads\/2023\/07\/Tenda02-300x333.jpeg",300,333,true],"mantranews-block-medium":["https:\/\/blogopara.com.br\/wp-content\/uploads\/2023\/07\/Tenda02-464x290.jpeg",464,290,true],"mantranews-carousel-image":["https:\/\/blogopara.com.br\/wp-content\/uploads\/2023\/07\/Tenda02.jpeg",500,333,false],"mantranews-block-thumb":["https:\/\/blogopara.com.br\/wp-content\/uploads\/2023\/07\/Tenda02-322x230.jpeg",322,230,true],"mantranews-single-large":["https:\/\/blogopara.com.br\/wp-content\/uploads\/2023\/07\/Tenda02.jpeg",500,333,false]},"uagb_author_info":{"display_name":"Reda\u00e7\u00e3o geral","author_link":"https:\/\/blogopara.com.br\/index.php\/author\/blogopara"},"uagb_comment_info":0,"uagb_excerpt":"Juazeiro vai completar 145 anos e a programa\u00e7\u00e3o comemorativa desenvolvida pela Prefeitura vai contemplar toda a popula\u00e7\u00e3o. No s\u00e1bado e domingo, dias 15 e 16 de julho, a programa\u00e7\u00e3o das \u2018Tendas da Educa\u00e7\u00e3o\u2019 (espa\u00e7o kids) vai garantir a divers\u00e3o do p\u00fablico infantil na Orla II. O espa\u00e7o, que j\u00e1 se tornou tradi\u00e7\u00e3o nas grandes festas&hellip;","jetpack_sharing_enabled":true,"jetpack_likes_enabled":true,"_links":{"self":[{"href":"https:\/\/blogopara.com.br\/index.php\/wp-json\/wp\/v2\/posts\/54803","targetHints":{"allow":["GET"]}}],"collection":[{"href":"https:\/\/blogopara.com.br\/index.php\/wp-json\/wp\/v2\/posts"}],"about":[{"href":"https:\/\/blogopara.com.br\/index.php\/wp-json\/wp\/v2\/types\/post"}],"author":[{"embeddable":true,"href":"https:\/\/blogopara.com.br\/index.php\/wp-json\/wp\/v2\/users\/1"}],"replies":[{"embeddable":true,"href":"https:\/\/blogopara.com.br\/index.php\/wp-json\/wp\/v2\/comments?post=54803"}],"version-history":[{"count":2,"href":"https:\/\/blogopara.com.br\/index.php\/wp-json\/wp\/v2\/posts\/54803\/revisions"}],"predecessor-version":[{"id":54806,"href":"https:\/\/blogopara.com.br\/index.php\/wp-json\/wp\/v2\/posts\/54803\/revisions\/54806"}],"wp:featuredmedia":[{"embeddable":true,"href":"https:\/\/blogopara.com.br\/index.php\/wp-json\/wp\/v2\/media\/54804"}],"wp:attachment":[{"href":"https:\/\/blogopara.com.br\/index.php\/wp-json\/wp\/v2\/media?parent=54803"}],"wp:term":[{"taxonomy":"category","embeddable":true,"href":"https:\/\/blogopara.com.br\/index.php\/wp-json\/wp\/v2\/categories?post=54803"},{"taxonomy":"post_tag","embeddable":true,"href":"https:\/\/blogopara.com.br\/index.php\/wp-json\/wp\/v2\/tags?post=54803"}],"curies":[{"name":"wp","href":"https:\/\/api.w.org\/{rel}","templated":true}]}}