{"id":54809,"date":"2023-07-11T17:21:00","date_gmt":"2023-07-11T20:21:00","guid":{"rendered":"https:\/\/blogopara.com.br\/?p=54809"},"modified":"2023-07-11T11:31:44","modified_gmt":"2023-07-11T14:31:44","slug":"juiza-do-caso-beatriz-descarta-que-perito-tenha-recebido-propina-de-r-15-milhao-para-adulterar-laudo","status":"publish","type":"post","link":"https:\/\/blogopara.com.br\/index.php\/2023\/07\/11\/juiza-do-caso-beatriz-descarta-que-perito-tenha-recebido-propina-de-r-15-milhao-para-adulterar-laudo","title":{"rendered":"Ju\u00edza do Caso Beatriz descarta que perito tenha recebido propina de R$ 1,5 milh\u00e3o para adulterar laudo"},"content":{"rendered":"<p style=\"text-align: justify;\">Em despacho publicado na \u00faltima quinta-feira (5), a ju\u00edza\u00a0Elane Brand\u00e3o Ribeiro\u00a0esclareceu que a\u00a0suspeita de recebimento de propina de R$ 1,5 milh\u00e3o por parte do perito Gilm\u00e1rio dos Anjos\u00a0no Caso Beatriz n\u00e3o procede.<\/p>\n<p style=\"text-align: justify;\">A defesa da fam\u00edlia de Beatriz Mota, menina morta a facadas em dezembro de 2015 em\u00a0Petrolina, havia solicitado \u00e0 magistrada que fossem pedidas informa\u00e7\u00f5es \u00e0 Chefia da\u00a0Pol\u00edcia Civil de Pernambuco\u00a0para saber se o profissional teria recebido o dinheiro para\u00a0falsificar laudo pericial\u00a0que, supostamente, favoreceria a Escola Nossa Senhora Auxiliadora, onde ocorreu o crime.<\/p>\n<p style=\"text-align: justify;\">No despacho, a ju\u00edza Elane Brand\u00e3o Ribeiro diz que:<\/p>\n<blockquote><p>&#8220;Diante de tais circunst\u00e2ncias, n\u00e3o tendo sido apresentado a este ju\u00edzo nenhum elemento de prova que subsidie a narrativa realizada no bojo de relat\u00f3rio da Opera\u00e7\u00e3o Met\u00e1stase, deflagrada pela Pol\u00edcia Federal, cujo fundamento apresentado seria suposto relato prestado pela delegada de Pol\u00edcia Civil Francisca Polyanna da Silva N\u00e9ri, que esclareceu n\u00e3o ter conhecimento, nem haver prestado qualquer informa\u00e7\u00e3o neste sentido, de se concluir pela aus\u00eancia de quest\u00e3o prejudicial ao regular tr\u00e2mite dos autos&#8221;<\/p><\/blockquote>\n<p style=\"text-align: justify;\">De acordo com o despacho inicial feito pela ju\u00edza,\u00a0a pedido da defesa\u00a0em fase de alega\u00e7\u00f5es finais, haveria trecho de relat\u00f3rio da\u00a0Pol\u00edcia Federal\u00a0(PF) sobre a\u00a0Opera\u00e7\u00e3o Met\u00e1stase\u00a0que cita o recebimento de\u00a0R$ 1,5 milh\u00e3o\u00a0por parte do perito para &#8220;falsificar uma das per\u00edcias do Caso Beatriz, que comprometia a institui\u00e7\u00e3o de ensino em que a mesma foi assassinada&#8221;.<\/p>\n<p style=\"text-align: justify;\">A opera\u00e7\u00e3o, deflagrada em abril deste ano, teve por finalidade\u00a0desarticular uma mil\u00edcia, com caracter\u00edsticas t\u00edpicas de\u00a0grupo de exterm\u00ednio, integrada por policiais militares e civis de Pernambuco, Para\u00edba e Cear\u00e1 que atuava na regi\u00e3o do Sert\u00e3o pernambucano, especificamente nos munic\u00edpios de Salgueiro, Serra Talhada, Ouricuri e Parnamirim. A mil\u00edcia, segundo a PF, seria especializada em homic\u00eddios, al\u00e9m de outras condutas il\u00edcitas relacionadas.<\/p>\n<p style=\"text-align: justify;\">O\u00a0Tribunal de Justi\u00e7a de Pernambuco\u00a0(TJPE) havia dito que a suspeita de propina milion\u00e1ria foi revelada pela delegada da Pol\u00edcia Civil\u00a0Polyanna Nery, lotada atualmente na\u00a0Delegacia de Pesqueira. A delegada, no entanto, rebateu a cita\u00e7\u00e3o.<\/p>\n<p style=\"text-align: justify;\">Em conversa por telefone com a\u00a0Folha de Pernambuco, Polyanna Nery havia explicado que, quando come\u00e7ou a investigar a\u00a0morte de Beatriz, o perito j\u00e1 havia deixado o caso. &#8220;N\u00e3o tenho conhecimento a respeito desse fato, fui surpreendida porque n\u00e3o tenho conhecimento nenhum a respeito dessa investiga\u00e7\u00e3o da Pol\u00edcia Federal&#8221;, rebateu.<\/p>\n<p style=\"text-align: justify;\">Polyanna explicou ainda que trabalhou no caso entre novembro de 2017 e mar\u00e7o de 2020, e o perito atuou em 2016. A ju\u00edza tamb\u00e9m requisitou informa\u00e7\u00f5es diretas \u00e0 delegada. &#8220;N\u00e3o fui oficialmente notificada, nunca investiguei esse perito. Vai ser tudo apurado&#8221;, completou Polyanna.<\/p>\n<p style=\"text-align: justify;\">Em nota, a\u00a0Associa\u00e7\u00e3o de Pol\u00edcia Cient\u00edfica de Pernambuco\u00a0(Apoc-PE), disse que &#8220;a decis\u00e3o refor\u00e7a a confiabilidade dos laudos periciais e a seriedade do trabalho realizado pela Pol\u00edcia Cient\u00edfica do Estado de Pernambuco&#8221;.<\/p>\n<p style=\"text-align: justify;\">&#8220;A Associa\u00e7\u00e3o de Pol\u00edcia Cient\u00edfica de Pernambuco enaltece a imparcialidade e rigor do trabalho da ju\u00edza Elane Brand\u00e3o Ribeiro na an\u00e1lise desse caso t\u00e3o sens\u00edvel e refor\u00e7a seu compromisso com a busca da verdade e o cumprimento da justi\u00e7a, sempre primando pela transpar\u00eancia e pela confiabilidade dos resultados periciais&#8221;, completa a Apoc-PE.<\/p>\n<p style=\"text-align: justify;\">\n","protected":false},"excerpt":{"rendered":"<p>Em despacho publicado na \u00faltima quinta-feira (5), a ju\u00edza\u00a0Elane Brand\u00e3o Ribeiro\u00a0esclareceu que a\u00a0suspeita de recebimento de propina de R$ 1,5 milh\u00e3o por parte do perito Gilm\u00e1rio dos Anjos\u00a0no Caso Beatriz n\u00e3o procede. A defesa da fam\u00edlia de Beatriz Mota, menina morta a facadas em dezembro de 2015 em\u00a0Petrolina, havia solicitado \u00e0 magistrada que fossem pedidas [&hellip;]<\/p>\n","protected":false},"author":1,"featured_media":32492,"comment_status":"closed","ping_status":"open","sticky":false,"template":"","format":"standard","meta":{"_uag_custom_page_level_css":"","_monsterinsights_skip_tracking":false,"_monsterinsights_sitenote_active":false,"_monsterinsights_sitenote_note":"","_monsterinsights_sitenote_category":0,"jetpack_post_was_ever_published":false,"_jetpack_newsletter_access":"","_jetpack_dont_email_post_to_subs":false,"_jetpack_newsletter_tier_id":0,"_jetpack_memberships_contains_paywalled_content":false,"_jetpack_memberships_contains_paid_content":false,"footnotes":"","jetpack_publicize_message":"","jetpack_publicize_feature_enabled":true,"jetpack_social_post_already_shared":true,"jetpack_social_options":{"image_generator_settings":{"template":"highway","default_image_id":0,"font":"","enabled":false},"version":2}},"categories":[210],"tags":[],"class_list":["post-54809","post","type-post","status-publish","format-standard","has-post-thumbnail","hentry","category-justica"],"jetpack_publicize_connections":[],"jetpack_featured_media_url":"https:\/\/blogopara.com.br\/wp-content\/uploads\/2022\/01\/beatriz_3.jpg","uagb_featured_image_src":{"full":["https:\/\/blogopara.com.br\/wp-content\/uploads\/2022\/01\/beatriz_3.jpg",500,333,false],"thumbnail":["https:\/\/blogopara.com.br\/wp-content\/uploads\/2022\/01\/beatriz_3-150x150.jpg",150,150,true],"medium":["https:\/\/blogopara.com.br\/wp-content\/uploads\/2022\/01\/beatriz_3-300x200.jpg",300,200,true],"medium_large":["https:\/\/blogopara.com.br\/wp-content\/uploads\/2022\/01\/beatriz_3.jpg",500,333,false],"large":["https:\/\/blogopara.com.br\/wp-content\/uploads\/2022\/01\/beatriz_3.jpg",500,333,false],"1536x1536":["https:\/\/blogopara.com.br\/wp-content\/uploads\/2022\/01\/beatriz_3.jpg",500,333,false],"2048x2048":["https:\/\/blogopara.com.br\/wp-content\/uploads\/2022\/01\/beatriz_3.jpg",500,333,false],"mantranews-slider-large":["https:\/\/blogopara.com.br\/wp-content\/uploads\/2022\/01\/beatriz_3.jpg",500,333,false],"mantranews-featured-medium":["https:\/\/blogopara.com.br\/wp-content\/uploads\/2022\/01\/beatriz_3-420x307.jpg",420,307,true],"mantranews-featured-long":["https:\/\/blogopara.com.br\/wp-content\/uploads\/2022\/01\/beatriz_3-300x333.jpg",300,333,true],"mantranews-block-medium":["https:\/\/blogopara.com.br\/wp-content\/uploads\/2022\/01\/beatriz_3-464x290.jpg",464,290,true],"mantranews-carousel-image":["https:\/\/blogopara.com.br\/wp-content\/uploads\/2022\/01\/beatriz_3.jpg",500,333,false],"mantranews-block-thumb":["https:\/\/blogopara.com.br\/wp-content\/uploads\/2022\/01\/beatriz_3-322x230.jpg",322,230,true],"mantranews-single-large":["https:\/\/blogopara.com.br\/wp-content\/uploads\/2022\/01\/beatriz_3.jpg",500,333,false]},"uagb_author_info":{"display_name":"Reda\u00e7\u00e3o geral","author_link":"https:\/\/blogopara.com.br\/index.php\/author\/blogopara"},"uagb_comment_info":0,"uagb_excerpt":"Em despacho publicado na \u00faltima quinta-feira (5), a ju\u00edza\u00a0Elane Brand\u00e3o Ribeiro\u00a0esclareceu que a\u00a0suspeita de recebimento de propina de R$ 1,5 milh\u00e3o por parte do perito Gilm\u00e1rio dos Anjos\u00a0no Caso Beatriz n\u00e3o procede. A defesa da fam\u00edlia de Beatriz Mota, menina morta a facadas em dezembro de 2015 em\u00a0Petrolina, havia solicitado \u00e0 magistrada que fossem pedidas&hellip;","jetpack_sharing_enabled":true,"jetpack_likes_enabled":true,"_links":{"self":[{"href":"https:\/\/blogopara.com.br\/index.php\/wp-json\/wp\/v2\/posts\/54809","targetHints":{"allow":["GET"]}}],"collection":[{"href":"https:\/\/blogopara.com.br\/index.php\/wp-json\/wp\/v2\/posts"}],"about":[{"href":"https:\/\/blogopara.com.br\/index.php\/wp-json\/wp\/v2\/types\/post"}],"author":[{"embeddable":true,"href":"https:\/\/blogopara.com.br\/index.php\/wp-json\/wp\/v2\/users\/1"}],"replies":[{"embeddable":true,"href":"https:\/\/blogopara.com.br\/index.php\/wp-json\/wp\/v2\/comments?post=54809"}],"version-history":[{"count":1,"href":"https:\/\/blogopara.com.br\/index.php\/wp-json\/wp\/v2\/posts\/54809\/revisions"}],"predecessor-version":[{"id":54810,"href":"https:\/\/blogopara.com.br\/index.php\/wp-json\/wp\/v2\/posts\/54809\/revisions\/54810"}],"wp:featuredmedia":[{"embeddable":true,"href":"https:\/\/blogopara.com.br\/index.php\/wp-json\/wp\/v2\/media\/32492"}],"wp:attachment":[{"href":"https:\/\/blogopara.com.br\/index.php\/wp-json\/wp\/v2\/media?parent=54809"}],"wp:term":[{"taxonomy":"category","embeddable":true,"href":"https:\/\/blogopara.com.br\/index.php\/wp-json\/wp\/v2\/categories?post=54809"},{"taxonomy":"post_tag","embeddable":true,"href":"https:\/\/blogopara.com.br\/index.php\/wp-json\/wp\/v2\/tags?post=54809"}],"curies":[{"name":"wp","href":"https:\/\/api.w.org\/{rel}","templated":true}]}}