{"id":5484,"date":"2019-12-09T13:25:43","date_gmt":"2019-12-09T16:25:43","guid":{"rendered":"http:\/\/blogopara.com.br\/?p=5484"},"modified":"2019-12-09T13:25:53","modified_gmt":"2019-12-09T16:25:53","slug":"senado-pode-votar-proibicao-de-prisao-administrativa-a-pms-e-bombeiros","status":"publish","type":"post","link":"https:\/\/blogopara.com.br\/index.php\/2019\/12\/09\/senado-pode-votar-proibicao-de-prisao-administrativa-a-pms-e-bombeiros","title":{"rendered":"Senado pode votar proibi\u00e7\u00e3o de pris\u00e3o administrativa a PMs e bombeiros"},"content":{"rendered":"<p style=\"text-align: justify;\">O Senado pode votar esta semana um Projeto de Lei (PL) que extingue a pris\u00e3o administrativa de policiais militares e bombeiros como puni\u00e7\u00e3o para transgress\u00f5es disciplinares. O projeto est\u00e1 na pauta de vota\u00e7\u00f5es do plen\u00e1rio para a pr\u00f3xima\u00a0ter\u00e7a-feira (10) e foi relatado pelo senador Acir Gurgacz (PDT-RO).<\/p>\n<p style=\"text-align: justify;\">O projeto prop\u00f5e que essas corpora\u00e7\u00f5es sejam regidas por um c\u00f3digo de \u00e9tica e disciplina, aprovado por lei estadual espec\u00edfica. Al\u00e9m disso, esse c\u00f3digo de \u00e9tica deve regulamentar o devido processo administrativo-disciplinar, definir as san\u00e7\u00f5es disciplinares e vedar a restri\u00e7\u00e3o de liberdade.<\/p>\n<p style=\"text-align: justify;\">O PL foi apresentado originalmente na C\u00e2mara, em 2014, pelo deputado Subtenente Gonzaga (PDT-MG) e pelo ent\u00e3o deputado,\u00a0hoje\u00a0senador, Jorginho Mello (PL-SC). Na justificativa do projeto, os parlamentares afirmam que a Constitui\u00e7\u00e3o de 1988, que encerrou o regime ditatorial, n\u00e3o contemplou policiais e bombeiros militares na garantia de direitos.<\/p>\n<p style=\"text-align: justify;\">\u201cA\u00a0cidadania ainda n\u00e3o chegou para os policiais e bombeiros militares. Isto porque, a partir de decretos estaduais \u2013 flagrantemente inconstitucionais \u2013 mant\u00eam-se a pena de pris\u00e3o para punir faltas disciplinares, sem que seja necess\u00e1rio sequer o devido processo legal. Basta uma ordem verbal do superior hier\u00e1rquico\u201d, justificaram os parlamentares no PL.<\/p>\n<p style=\"text-align: justify;\">Gurgacz acredita que o projeto valoriza o trabalho do policial, mantendo-os mais tempo em servi\u00e7o. \u201cN\u00e3o \u00e9 correto uma puni\u00e7\u00e3o por algo simples, que acontece em quart\u00e9is, e tira a possibilidade de eles estarem atuando. Com isso, estamos atualizando essa lei, dando uma import\u00e2ncia maior para os policiais militares e para os bombeiros\u201d, disse o senador para a Ag\u00eancia Senado, quando o projeto foi apreciado pela Comiss\u00e3o de Constitui\u00e7\u00e3o e Justi\u00e7a, em 2017.<\/p>\n<p style=\"text-align: justify;\">O projeto foi aprovado na C\u00e2mara em outubro de 2015 e seguiu para o Senado. Depois de uma longa tramita\u00e7\u00e3o, ele foi inclu\u00eddo na ordem do dia do Senado.<\/p>\n","protected":false},"excerpt":{"rendered":"<p>O Senado pode votar esta semana um Projeto de Lei (PL) que extingue a pris\u00e3o administrativa de policiais militares e bombeiros como puni\u00e7\u00e3o para transgress\u00f5es disciplinares. O projeto est\u00e1 na pauta de vota\u00e7\u00f5es do plen\u00e1rio para a pr\u00f3xima\u00a0ter\u00e7a-feira (10) e foi relatado pelo senador Acir Gurgacz (PDT-RO). O projeto prop\u00f5e que essas corpora\u00e7\u00f5es sejam regidas [&hellip;]<\/p>\n","protected":false},"author":1,"featured_media":5485,"comment_status":"open","ping_status":"open","sticky":false,"template":"","format":"standard","meta":{"_uag_custom_page_level_css":"","_monsterinsights_skip_tracking":false,"_monsterinsights_sitenote_active":false,"_monsterinsights_sitenote_note":"","_monsterinsights_sitenote_category":0,"jetpack_post_was_ever_published":false,"_jetpack_newsletter_access":"","_jetpack_dont_email_post_to_subs":false,"_jetpack_newsletter_tier_id":0,"_jetpack_memberships_contains_paywalled_content":false,"_jetpack_memberships_contains_paid_content":false,"footnotes":"","jetpack_publicize_message":"","jetpack_publicize_feature_enabled":true,"jetpack_social_post_already_shared":true,"jetpack_social_options":{"image_generator_settings":{"template":"highway","default_image_id":0,"font":"","enabled":false},"version":2}},"categories":[200],"tags":[1368,33,1366],"class_list":["post-5484","post","type-post","status-publish","format-standard","has-post-thumbnail","hentry","category-brasil","tag-bombeiros-militares","tag-policia-militar","tag-prisao-administrativa"],"jetpack_publicize_connections":[],"jetpack_featured_media_url":"https:\/\/blogopara.com.br\/wp-content\/uploads\/2019\/12\/pm-e-bombeiros.jpg","uagb_featured_image_src":{"full":["https:\/\/blogopara.com.br\/wp-content\/uploads\/2019\/12\/pm-e-bombeiros.jpg",607,358,false],"thumbnail":["https:\/\/blogopara.com.br\/wp-content\/uploads\/2019\/12\/pm-e-bombeiros-150x150.jpg",150,150,true],"medium":["https:\/\/blogopara.com.br\/wp-content\/uploads\/2019\/12\/pm-e-bombeiros-300x177.jpg",300,177,true],"medium_large":["https:\/\/blogopara.com.br\/wp-content\/uploads\/2019\/12\/pm-e-bombeiros.jpg",607,358,false],"large":["https:\/\/blogopara.com.br\/wp-content\/uploads\/2019\/12\/pm-e-bombeiros.jpg",607,358,false],"1536x1536":["https:\/\/blogopara.com.br\/wp-content\/uploads\/2019\/12\/pm-e-bombeiros.jpg",607,358,false],"2048x2048":["https:\/\/blogopara.com.br\/wp-content\/uploads\/2019\/12\/pm-e-bombeiros.jpg",607,358,false],"mantranews-slider-large":["https:\/\/blogopara.com.br\/wp-content\/uploads\/2019\/12\/pm-e-bombeiros.jpg",607,358,false],"mantranews-featured-medium":["https:\/\/blogopara.com.br\/wp-content\/uploads\/2019\/12\/pm-e-bombeiros.jpg",420,248,false],"mantranews-featured-long":["https:\/\/blogopara.com.br\/wp-content\/uploads\/2019\/12\/pm-e-bombeiros.jpg",300,177,false],"mantranews-block-medium":["https:\/\/blogopara.com.br\/wp-content\/uploads\/2019\/12\/pm-e-bombeiros.jpg",464,274,false],"mantranews-carousel-image":["https:\/\/blogopara.com.br\/wp-content\/uploads\/2019\/12\/pm-e-bombeiros.jpg",600,354,false],"mantranews-block-thumb":["https:\/\/blogopara.com.br\/wp-content\/uploads\/2019\/12\/pm-e-bombeiros.jpg",322,190,false],"mantranews-single-large":["https:\/\/blogopara.com.br\/wp-content\/uploads\/2019\/12\/pm-e-bombeiros.jpg",607,358,false]},"uagb_author_info":{"display_name":"Reda\u00e7\u00e3o geral","author_link":"https:\/\/blogopara.com.br\/index.php\/author\/blogopara"},"uagb_comment_info":0,"uagb_excerpt":"O Senado pode votar esta semana um Projeto de Lei (PL) que extingue a pris\u00e3o administrativa de policiais militares e bombeiros como puni\u00e7\u00e3o para transgress\u00f5es disciplinares. O projeto est\u00e1 na pauta de vota\u00e7\u00f5es do plen\u00e1rio para a pr\u00f3xima\u00a0ter\u00e7a-feira (10) e foi relatado pelo senador Acir Gurgacz (PDT-RO). O projeto prop\u00f5e que essas corpora\u00e7\u00f5es sejam regidas&hellip;","jetpack_sharing_enabled":true,"jetpack_likes_enabled":true,"_links":{"self":[{"href":"https:\/\/blogopara.com.br\/index.php\/wp-json\/wp\/v2\/posts\/5484","targetHints":{"allow":["GET"]}}],"collection":[{"href":"https:\/\/blogopara.com.br\/index.php\/wp-json\/wp\/v2\/posts"}],"about":[{"href":"https:\/\/blogopara.com.br\/index.php\/wp-json\/wp\/v2\/types\/post"}],"author":[{"embeddable":true,"href":"https:\/\/blogopara.com.br\/index.php\/wp-json\/wp\/v2\/users\/1"}],"replies":[{"embeddable":true,"href":"https:\/\/blogopara.com.br\/index.php\/wp-json\/wp\/v2\/comments?post=5484"}],"version-history":[{"count":1,"href":"https:\/\/blogopara.com.br\/index.php\/wp-json\/wp\/v2\/posts\/5484\/revisions"}],"predecessor-version":[{"id":5486,"href":"https:\/\/blogopara.com.br\/index.php\/wp-json\/wp\/v2\/posts\/5484\/revisions\/5486"}],"wp:featuredmedia":[{"embeddable":true,"href":"https:\/\/blogopara.com.br\/index.php\/wp-json\/wp\/v2\/media\/5485"}],"wp:attachment":[{"href":"https:\/\/blogopara.com.br\/index.php\/wp-json\/wp\/v2\/media?parent=5484"}],"wp:term":[{"taxonomy":"category","embeddable":true,"href":"https:\/\/blogopara.com.br\/index.php\/wp-json\/wp\/v2\/categories?post=5484"},{"taxonomy":"post_tag","embeddable":true,"href":"https:\/\/blogopara.com.br\/index.php\/wp-json\/wp\/v2\/tags?post=5484"}],"curies":[{"name":"wp","href":"https:\/\/api.w.org\/{rel}","templated":true}]}}