{"id":54840,"date":"2023-07-12T12:44:00","date_gmt":"2023-07-12T15:44:00","guid":{"rendered":"https:\/\/blogopara.com.br\/?p=54840"},"modified":"2023-07-11T19:45:44","modified_gmt":"2023-07-11T22:45:44","slug":"prefeitura-de-petrolina-inicia-cirurgias-para-zerar-a-fila-de-fissura-labial","status":"publish","type":"post","link":"https:\/\/blogopara.com.br\/index.php\/2023\/07\/12\/prefeitura-de-petrolina-inicia-cirurgias-para-zerar-a-fila-de-fissura-labial","title":{"rendered":"Prefeitura de Petrolina inicia cirurgias para zerar a fila de fissura labial"},"content":{"rendered":"<article id=\"post-282026\" class=\"hentry post-282026 post type-post status-publish format-standard has-post-thumbnail category-noticia\">\n<div class=\"bdaia-post-content\">\n<p style=\"text-align: justify;\">O programa de mutir\u00f5es de cirurgias entra em uma nova etapa. A Prefeitura de Petrolina iniciou as cirurgias para a corre\u00e7\u00e3o de fissuras labiopalatinas, que s\u00e3o malforma\u00e7\u00f5es cong\u00eanitas caracterizadas pela descontinuidade das estruturas do l\u00e1bio, palato ou ambos. O objetivo \u00e9 zerar a fila desse procedimento. As primeiras cirurgias do novo mutir\u00e3o ocorrem nesta ter\u00e7a-feira (11).<\/p>\n<p style=\"text-align: justify;\">Atrav\u00e9s de um contrato com um hospital da rede particular do munic\u00edpio, os procedimentos ser\u00e3o realizados conforme regula\u00e7\u00e3o e agendamento. A interven\u00e7\u00e3o e tratamento precoce tem um papel fundamental para o sucesso do tratamento, al\u00e9m disso, a primeira interven\u00e7\u00e3o cir\u00fargica tamb\u00e9m \u00e9 respons\u00e1vel pelo bom progn\u00f3stico, principalmente em crian\u00e7as. O tratamento envolve diversas especialidades, como cirurgia pl\u00e1stica, odontologia, ortodontia, fonoaudiologia, enfermagem, entre outros.<\/p>\n<p style=\"text-align: justify;\">A a\u00e7\u00e3o faz parte do pacote de investimentos de cerca de R$ 6 milh\u00f5es anunciado pelo prefeito Sim\u00e3o Durando para o refor\u00e7o na sa\u00fade p\u00fablica. De acordo com o prefeito Sim\u00e3o, esse investimento v\u00eam para somar aos servi\u00e7os j\u00e1 disponibilizados pelo munic\u00edpio e para garantir o fortalecimento da rede de sa\u00fade de Petrolina.<\/p>\n<p style=\"text-align: justify;\">\u201cNosso objetivo \u00e9 adotar um modelo de atendimento humanizado, descentralizado e focado em reduzir o tempo de espera dos pacientes. Al\u00e9m disso, atualmente, muitos pacientes s\u00e3o encaminhados para Recife via TFD e, agora, poder\u00e3o ser atendidos aqui mesmo, pertinho de casa. N\u00e3o vamos medir esfor\u00e7os para cuidar da sa\u00fade da nossa gente\u201d, finalizou o prefeito.<\/p>\n<p style=\"text-align: justify;\">Os pacientes podem procurar o servi\u00e7o de odontologia na Unidade B\u00e1sica de Sa\u00fade do bairro em que reside para avalia\u00e7\u00e3o e in\u00edcio do tratamento.<\/p>\n<\/div>\n<footer><\/footer>\n<\/article>\n","protected":false},"excerpt":{"rendered":"<p>O programa de mutir\u00f5es de cirurgias entra em uma nova etapa. A Prefeitura de Petrolina iniciou as cirurgias para a corre\u00e7\u00e3o de fissuras labiopalatinas, que s\u00e3o malforma\u00e7\u00f5es cong\u00eanitas caracterizadas pela descontinuidade das estruturas do l\u00e1bio, palato ou ambos. O objetivo \u00e9 zerar a fila desse procedimento. As primeiras cirurgias do novo mutir\u00e3o ocorrem nesta ter\u00e7a-feira [&hellip;]<\/p>\n","protected":false},"author":1,"featured_media":54841,"comment_status":"closed","ping_status":"open","sticky":false,"template":"","format":"standard","meta":{"_uag_custom_page_level_css":"","_monsterinsights_skip_tracking":false,"_monsterinsights_sitenote_active":false,"_monsterinsights_sitenote_note":"","_monsterinsights_sitenote_category":0,"jetpack_post_was_ever_published":false,"_jetpack_newsletter_access":"","_jetpack_dont_email_post_to_subs":false,"_jetpack_newsletter_tier_id":0,"_jetpack_memberships_contains_paywalled_content":false,"_jetpack_memberships_contains_paid_content":false,"footnotes":"","jetpack_publicize_message":"","jetpack_publicize_feature_enabled":true,"jetpack_social_post_already_shared":true,"jetpack_social_options":{"image_generator_settings":{"template":"highway","default_image_id":0,"font":"","enabled":false},"version":2}},"categories":[205],"tags":[],"class_list":["post-54840","post","type-post","status-publish","format-standard","has-post-thumbnail","hentry","category-saude"],"jetpack_publicize_connections":[],"jetpack_featured_media_url":"https:\/\/blogopara.com.br\/wp-content\/uploads\/2023\/07\/cirurgia-850x491-1.jpg","uagb_featured_image_src":{"full":["https:\/\/blogopara.com.br\/wp-content\/uploads\/2023\/07\/cirurgia-850x491-1.jpg",500,288,false],"thumbnail":["https:\/\/blogopara.com.br\/wp-content\/uploads\/2023\/07\/cirurgia-850x491-1-150x150.jpg",150,150,true],"medium":["https:\/\/blogopara.com.br\/wp-content\/uploads\/2023\/07\/cirurgia-850x491-1-300x173.jpg",300,173,true],"medium_large":["https:\/\/blogopara.com.br\/wp-content\/uploads\/2023\/07\/cirurgia-850x491-1.jpg",500,288,false],"large":["https:\/\/blogopara.com.br\/wp-content\/uploads\/2023\/07\/cirurgia-850x491-1.jpg",500,288,false],"1536x1536":["https:\/\/blogopara.com.br\/wp-content\/uploads\/2023\/07\/cirurgia-850x491-1.jpg",500,288,false],"2048x2048":["https:\/\/blogopara.com.br\/wp-content\/uploads\/2023\/07\/cirurgia-850x491-1.jpg",500,288,false],"mantranews-slider-large":["https:\/\/blogopara.com.br\/wp-content\/uploads\/2023\/07\/cirurgia-850x491-1.jpg",500,288,false],"mantranews-featured-medium":["https:\/\/blogopara.com.br\/wp-content\/uploads\/2023\/07\/cirurgia-850x491-1-420x288.jpg",420,288,true],"mantranews-featured-long":["https:\/\/blogopara.com.br\/wp-content\/uploads\/2023\/07\/cirurgia-850x491-1-300x288.jpg",300,288,true],"mantranews-block-medium":["https:\/\/blogopara.com.br\/wp-content\/uploads\/2023\/07\/cirurgia-850x491-1-464x288.jpg",464,288,true],"mantranews-carousel-image":["https:\/\/blogopara.com.br\/wp-content\/uploads\/2023\/07\/cirurgia-850x491-1.jpg",500,288,false],"mantranews-block-thumb":["https:\/\/blogopara.com.br\/wp-content\/uploads\/2023\/07\/cirurgia-850x491-1-322x230.jpg",322,230,true],"mantranews-single-large":["https:\/\/blogopara.com.br\/wp-content\/uploads\/2023\/07\/cirurgia-850x491-1.jpg",500,288,false]},"uagb_author_info":{"display_name":"Reda\u00e7\u00e3o geral","author_link":"https:\/\/blogopara.com.br\/index.php\/author\/blogopara"},"uagb_comment_info":0,"uagb_excerpt":"O programa de mutir\u00f5es de cirurgias entra em uma nova etapa. A Prefeitura de Petrolina iniciou as cirurgias para a corre\u00e7\u00e3o de fissuras labiopalatinas, que s\u00e3o malforma\u00e7\u00f5es cong\u00eanitas caracterizadas pela descontinuidade das estruturas do l\u00e1bio, palato ou ambos. O objetivo \u00e9 zerar a fila desse procedimento. As primeiras cirurgias do novo mutir\u00e3o ocorrem nesta ter\u00e7a-feira&hellip;","jetpack_sharing_enabled":true,"jetpack_likes_enabled":true,"_links":{"self":[{"href":"https:\/\/blogopara.com.br\/index.php\/wp-json\/wp\/v2\/posts\/54840","targetHints":{"allow":["GET"]}}],"collection":[{"href":"https:\/\/blogopara.com.br\/index.php\/wp-json\/wp\/v2\/posts"}],"about":[{"href":"https:\/\/blogopara.com.br\/index.php\/wp-json\/wp\/v2\/types\/post"}],"author":[{"embeddable":true,"href":"https:\/\/blogopara.com.br\/index.php\/wp-json\/wp\/v2\/users\/1"}],"replies":[{"embeddable":true,"href":"https:\/\/blogopara.com.br\/index.php\/wp-json\/wp\/v2\/comments?post=54840"}],"version-history":[{"count":1,"href":"https:\/\/blogopara.com.br\/index.php\/wp-json\/wp\/v2\/posts\/54840\/revisions"}],"predecessor-version":[{"id":54842,"href":"https:\/\/blogopara.com.br\/index.php\/wp-json\/wp\/v2\/posts\/54840\/revisions\/54842"}],"wp:featuredmedia":[{"embeddable":true,"href":"https:\/\/blogopara.com.br\/index.php\/wp-json\/wp\/v2\/media\/54841"}],"wp:attachment":[{"href":"https:\/\/blogopara.com.br\/index.php\/wp-json\/wp\/v2\/media?parent=54840"}],"wp:term":[{"taxonomy":"category","embeddable":true,"href":"https:\/\/blogopara.com.br\/index.php\/wp-json\/wp\/v2\/categories?post=54840"},{"taxonomy":"post_tag","embeddable":true,"href":"https:\/\/blogopara.com.br\/index.php\/wp-json\/wp\/v2\/tags?post=54840"}],"curies":[{"name":"wp","href":"https:\/\/api.w.org\/{rel}","templated":true}]}}