{"id":54860,"date":"2023-07-13T10:30:00","date_gmt":"2023-07-13T13:30:00","guid":{"rendered":"https:\/\/blogopara.com.br\/?p=54860"},"modified":"2023-07-12T10:26:08","modified_gmt":"2023-07-12T13:26:08","slug":"prefeitura-de-juazeiro-lanca-curso-de-alfabetizacao-e-letramento-digital-na-praca-ceu-tabuleiro-nesta-quinta-feira","status":"publish","type":"post","link":"https:\/\/blogopara.com.br\/index.php\/2023\/07\/13\/prefeitura-de-juazeiro-lanca-curso-de-alfabetizacao-e-letramento-digital-na-praca-ceu-tabuleiro-nesta-quinta-feira","title":{"rendered":"Prefeitura de Juazeiro lan\u00e7a Curso de Alfabetiza\u00e7\u00e3o e Letramento Digital na Pra\u00e7a CEU Tabuleiro nesta quinta-feira"},"content":{"rendered":"<p class=\"x_MsoNormal\" style=\"text-align: justify;\">Ser\u00e1 lan\u00e7ado nesta quinta-feira (13) o Curso de Alfabetiza\u00e7\u00e3o e Letramento Digital voltado a pessoas em situa\u00e7\u00e3o de vulnerabilidade social do bairro Tabuleiro, realizado pela Prefeitura de Juazeiro, atrav\u00e9s da Secretaria de Cultura, Turismo e Esporte (Seculte) e do N\u00facleo de Tecnologia Municipal (NTM). O lan\u00e7amento acontece a partir das 17h na Pra\u00e7a CEU Alan Cleber Souza Dantas com apresenta\u00e7\u00e3o cultural do tenor Pl\u00ednio Soares.<\/p>\n<p class=\"x_MsoNormal\" style=\"text-align: justify;\">A inaugura\u00e7\u00e3o integra a programa\u00e7\u00e3o do anivers\u00e1rio de 145 anos de Juazeiro e visa promover a acessibilidade digital deste p\u00fablico em situa\u00e7\u00e3o de vulnerabilidade social no munic\u00edpio. Foram formadas turmas nos tr\u00eas turnos, sendo duas pela manh\u00e3, tr\u00eas no per\u00edodo da tarde e duas \u00e0 noite. \u201cInicialmente o curso de letramento digital seria voltado apenas para crian\u00e7as e adolescentes, mas decidimos expandir tamb\u00e9m para adultos que queiram essa forma\u00e7\u00e3o. \u00c9 uma forma de contribuir com a qualifica\u00e7\u00e3o profissional desse p\u00fablico\u201d, explicou o secret\u00e1rio de Cultura, Turismo e Esportes, S\u00e9rgio Fernandes.<\/p>\n<p class=\"x_MsoNormal\" style=\"text-align: justify;\">O Curso de Acessibilidade Digital \u00e9 realizado pela Seculte em parceria com as Secretarias de Desenvolvimento Social, Mulher e Diversidade (Sedes) e de Educa\u00e7\u00e3o e Juventude (Seduc), o grupo gestor da Pra\u00e7a CEU e Universidade Federal do Vale do S\u00e3o Francisco (Univasf).<\/p>\n<p class=\"x_MsoNormal\" style=\"text-align: justify;\">\n","protected":false},"excerpt":{"rendered":"<p>Ser\u00e1 lan\u00e7ado nesta quinta-feira (13) o Curso de Alfabetiza\u00e7\u00e3o e Letramento Digital voltado a pessoas em situa\u00e7\u00e3o de vulnerabilidade social do bairro Tabuleiro, realizado pela Prefeitura de Juazeiro, atrav\u00e9s da Secretaria de Cultura, Turismo e Esporte (Seculte) e do N\u00facleo de Tecnologia Municipal (NTM). O lan\u00e7amento acontece a partir das 17h na Pra\u00e7a CEU Alan [&hellip;]<\/p>\n","protected":false},"author":1,"featured_media":54861,"comment_status":"closed","ping_status":"open","sticky":false,"template":"","format":"standard","meta":{"_uag_custom_page_level_css":"","_monsterinsights_skip_tracking":false,"_monsterinsights_sitenote_active":false,"_monsterinsights_sitenote_note":"","_monsterinsights_sitenote_category":0,"jetpack_post_was_ever_published":false,"_jetpack_newsletter_access":"","_jetpack_dont_email_post_to_subs":false,"_jetpack_newsletter_tier_id":0,"_jetpack_memberships_contains_paywalled_content":false,"_jetpack_memberships_contains_paid_content":false,"footnotes":"","jetpack_publicize_message":"","jetpack_publicize_feature_enabled":true,"jetpack_social_post_already_shared":true,"jetpack_social_options":{"image_generator_settings":{"template":"highway","default_image_id":0,"font":"","enabled":false},"version":2}},"categories":[209],"tags":[],"class_list":["post-54860","post","type-post","status-publish","format-standard","has-post-thumbnail","hentry","category-educacao"],"jetpack_publicize_connections":[],"jetpack_featured_media_url":"https:\/\/blogopara.com.br\/wp-content\/uploads\/2023\/07\/praca-ceu-1.jpeg","uagb_featured_image_src":{"full":["https:\/\/blogopara.com.br\/wp-content\/uploads\/2023\/07\/praca-ceu-1.jpeg",500,333,false],"thumbnail":["https:\/\/blogopara.com.br\/wp-content\/uploads\/2023\/07\/praca-ceu-1-150x150.jpeg",150,150,true],"medium":["https:\/\/blogopara.com.br\/wp-content\/uploads\/2023\/07\/praca-ceu-1-300x200.jpeg",300,200,true],"medium_large":["https:\/\/blogopara.com.br\/wp-content\/uploads\/2023\/07\/praca-ceu-1.jpeg",500,333,false],"large":["https:\/\/blogopara.com.br\/wp-content\/uploads\/2023\/07\/praca-ceu-1.jpeg",500,333,false],"1536x1536":["https:\/\/blogopara.com.br\/wp-content\/uploads\/2023\/07\/praca-ceu-1.jpeg",500,333,false],"2048x2048":["https:\/\/blogopara.com.br\/wp-content\/uploads\/2023\/07\/praca-ceu-1.jpeg",500,333,false],"mantranews-slider-large":["https:\/\/blogopara.com.br\/wp-content\/uploads\/2023\/07\/praca-ceu-1.jpeg",500,333,false],"mantranews-featured-medium":["https:\/\/blogopara.com.br\/wp-content\/uploads\/2023\/07\/praca-ceu-1-420x307.jpeg",420,307,true],"mantranews-featured-long":["https:\/\/blogopara.com.br\/wp-content\/uploads\/2023\/07\/praca-ceu-1-300x333.jpeg",300,333,true],"mantranews-block-medium":["https:\/\/blogopara.com.br\/wp-content\/uploads\/2023\/07\/praca-ceu-1-464x290.jpeg",464,290,true],"mantranews-carousel-image":["https:\/\/blogopara.com.br\/wp-content\/uploads\/2023\/07\/praca-ceu-1.jpeg",500,333,false],"mantranews-block-thumb":["https:\/\/blogopara.com.br\/wp-content\/uploads\/2023\/07\/praca-ceu-1-322x230.jpeg",322,230,true],"mantranews-single-large":["https:\/\/blogopara.com.br\/wp-content\/uploads\/2023\/07\/praca-ceu-1.jpeg",500,333,false]},"uagb_author_info":{"display_name":"Reda\u00e7\u00e3o geral","author_link":"https:\/\/blogopara.com.br\/index.php\/author\/blogopara"},"uagb_comment_info":0,"uagb_excerpt":"Ser\u00e1 lan\u00e7ado nesta quinta-feira (13) o Curso de Alfabetiza\u00e7\u00e3o e Letramento Digital voltado a pessoas em situa\u00e7\u00e3o de vulnerabilidade social do bairro Tabuleiro, realizado pela Prefeitura de Juazeiro, atrav\u00e9s da Secretaria de Cultura, Turismo e Esporte (Seculte) e do N\u00facleo de Tecnologia Municipal (NTM). O lan\u00e7amento acontece a partir das 17h na Pra\u00e7a CEU Alan&hellip;","jetpack_sharing_enabled":true,"jetpack_likes_enabled":true,"_links":{"self":[{"href":"https:\/\/blogopara.com.br\/index.php\/wp-json\/wp\/v2\/posts\/54860","targetHints":{"allow":["GET"]}}],"collection":[{"href":"https:\/\/blogopara.com.br\/index.php\/wp-json\/wp\/v2\/posts"}],"about":[{"href":"https:\/\/blogopara.com.br\/index.php\/wp-json\/wp\/v2\/types\/post"}],"author":[{"embeddable":true,"href":"https:\/\/blogopara.com.br\/index.php\/wp-json\/wp\/v2\/users\/1"}],"replies":[{"embeddable":true,"href":"https:\/\/blogopara.com.br\/index.php\/wp-json\/wp\/v2\/comments?post=54860"}],"version-history":[{"count":1,"href":"https:\/\/blogopara.com.br\/index.php\/wp-json\/wp\/v2\/posts\/54860\/revisions"}],"predecessor-version":[{"id":54862,"href":"https:\/\/blogopara.com.br\/index.php\/wp-json\/wp\/v2\/posts\/54860\/revisions\/54862"}],"wp:featuredmedia":[{"embeddable":true,"href":"https:\/\/blogopara.com.br\/index.php\/wp-json\/wp\/v2\/media\/54861"}],"wp:attachment":[{"href":"https:\/\/blogopara.com.br\/index.php\/wp-json\/wp\/v2\/media?parent=54860"}],"wp:term":[{"taxonomy":"category","embeddable":true,"href":"https:\/\/blogopara.com.br\/index.php\/wp-json\/wp\/v2\/categories?post=54860"},{"taxonomy":"post_tag","embeddable":true,"href":"https:\/\/blogopara.com.br\/index.php\/wp-json\/wp\/v2\/tags?post=54860"}],"curies":[{"name":"wp","href":"https:\/\/api.w.org\/{rel}","templated":true}]}}