{"id":5487,"date":"2019-12-09T13:33:50","date_gmt":"2019-12-09T16:33:50","guid":{"rendered":"http:\/\/blogopara.com.br\/?p=5487"},"modified":"2019-12-09T14:59:16","modified_gmt":"2019-12-09T17:59:16","slug":"juazeiro-ex-funcionarios-da-cicanorte-marcam-o-2o-reencontro-festivo","status":"publish","type":"post","link":"https:\/\/blogopara.com.br\/index.php\/2019\/12\/09\/juazeiro-ex-funcionarios-da-cicanorte-marcam-o-2o-reencontro-festivo","title":{"rendered":"JUAZEIRO: EX-FUNCION\u00c1RIOS DA CICANORTE MARCAM O 2\u00ba REENCONTRO FESTIVO"},"content":{"rendered":"<p style=\"text-align: justify;\">O que seria um simples reencontro de amigos de trabalho, tornou-se um evento de uma fam\u00edlia que contribuiu para o desenvolvimento do Vale. Os ex-funcion\u00e1rios da extinta CICANORTE, maior empresa empregadora no Vale do S\u00e3o Francisco, criaram um grupo de whatsapp para organizarem um encontro com os ex-companheiros de trabalho, o resultado foi fant\u00e1stico. No m\u00eas de agosto desse ano, mais de 48 ex-companheiros de trabalho da CICANORTE compareceram ao encontro para se congratularem.<\/p>\n<p style=\"text-align: justify;\">O momento foi marcado por muita emo\u00e7\u00e3o, causos, hist\u00f3rias de vidas que entrela\u00e7am e se confundem com a hist\u00f3ria da empresa no Vale. Alguns trabalharam na empresa como \u201csafristas\u201d, eram contratados no per\u00edodo de safra, que ia de maio a novembro, outros eram efetivos, mas o que predominava na empresa era o sentimento de gratid\u00e3o pela oportunidade de trabalho.<\/p>\n<p style=\"text-align: justify;\">O pr\u00f3ximo encontro est\u00e1 marcado para o dia 15\/12, na cidade de Juazeiro. Dessa vez com um grupo maior, com a possibilidade de vim amigos de todo Brasil, inclusive ex-diretores da empresa.<\/p>\n<p style=\"text-align: justify;\">O organizador e idealizador do grupo, Celso Jos\u00e9 dos Santos, que trabalhou durante muitos anos no controle de qualidade da empresa, e hoje \u00e9 comerciante, conta que sempre desejou reencontrar alguns ex-companheiros de trabalho, a medida que encontrava algu\u00e9m pegava o contato telef\u00f4nico, da\u00ed surgiu um grupo no whatsapp que tem mais de 120 pessoas. \u201cPara mim foi um sonho e uma grande alegria, reunir todo pessoal que trabalhou na CICA, uma empresa que fez parte das nossas vidas, que nos deu a oportunidade de garantir o sustento da nossa fam\u00edlia e contribuiu muito para o desenvolvimento de Juazeiro, ressaltou Celso.<\/p>\n<p style=\"text-align: justify;\"><strong>A HIST\u00d3RIA DA CICA<\/strong><\/p>\n<p style=\"text-align: justify;\">A\u00a0Companhia Industrial de Conservas Aliment\u00edcias, popularmente denominada\u00a0CICA, foi a maior multiprodutora agr\u00edcola\u00a0<a href=\"https:\/\/pt.m.wikipedia.org\/wiki\/Brasil\">brasileira<\/a>, reconhecida principalmente pela marca de atomatados Elefante.\u00a0O slogan famoso da empresa era: \u201cSe a marca \u00e9 CICA bons produtos indicam\u201d. Em 1992 a CICA fechou seu complexo industrial em Presidente Prudente interior de S\u00e3o Paulo e em 1993, a CICA foi comprada pela\u00a0<a href=\"https:\/\/pt.m.wikipedia.org\/wiki\/Arisco\">Arisco<\/a>, que por sua vez em 2000 foi adquirida pela americana Bestfoods, posteriormente incorporada \u00e0 Unilever.\u00a0O extrato de tomate Elefante continua a ser produzido no Brasil pela\u00a0<a href=\"https:\/\/pt.m.wikipedia.org\/wiki\/Cargill\">Cargill<\/a>.<\/p>\n<p style=\"text-align: justify;\">A empresa foi fundada em\u00a0<a href=\"https:\/\/pt.m.wikipedia.org\/wiki\/1941\">1941<\/a>, na cidade de\u00a0<a href=\"https:\/\/pt.m.wikipedia.org\/wiki\/Jundia%C3%AD\">Jundia\u00ed<\/a>, em\u00a0<a href=\"https:\/\/pt.m.wikipedia.org\/wiki\/S%C3%A3o_Paulo_(estado)\">S\u00e3o Paulo<\/a>,\u00a0como resultado da associa\u00e7\u00e3o do banqueiro\u00a0<a href=\"https:\/\/pt.m.wikipedia.org\/wiki\/Alberto_Bonfiglioli\">Alberto Bonfiglioli<\/a>\u00a0com as fam\u00edlias Messina, Guerrazzi, Guzzo entre outras.<\/p>\n<p style=\"text-align: justify;\">Companhia Industrial de Conservas Aliment\u00edcias formavam um acr\u00f4nimo pronunci\u00e1vel, \u2018cica\u2019. O curioso \u00e9 que o voc\u00e1bulo \u2018cica\u2019, origin\u00e1rio do tupi, significa \u2018sabor amargo das frutas quando verdes\u2019, mas pouca gente sabia (ou sabe) disso at\u00e9 hoje, e o nome foi adotado apesar de significar o contr\u00e1rio do que os produtos da CICA pretendiam ser.<\/p>\n<p style=\"text-align: justify;\"><strong>CICA NO VALE DO S\u00c3O FRANCISCO<\/strong><\/p>\n<p style=\"text-align: justify;\">O ciclo do setor agroindustrial do tomate no Vale do S\u00e3o Francisco (PE\/BA) come\u00e7a pelos Per\u00edmetros Irrigados do DNOCS, em meados da d\u00e9cada de 1970 ao in\u00edcio dos anos 2000, com as frustra\u00e7\u00f5es de safras por anos seguidos no Agreste de PE. O Vale do S. Francisco despontava como a zona mais promissora para o estabelecimento de novo p\u00f3lo agroprocessador de tomate no Nordeste a partir do final dos anos 1970.<\/p>\n<p style=\"text-align: justify;\">Alguns fatores contribu\u00edram para o desenvolvimento do ciclo no Vale, entres eles os recursos previstos no II Plano Nacional do Desenvolvimento\/P\u00f3lo Nordeste para incentivar a horticultura irrigada e a instala\u00e7\u00e3o de agroind\u00fastrias no Vale do S\u00e3o Francisco; \u00a0o clima semi\u00e1rido;\u00a0 menor incid\u00eancia de doen\u00e7as; v\u00e1rios projetos de irriga\u00e7\u00e3o em opera\u00e7\u00e3o e outros sendo implantados; m\u00e3o-de-obra abundante; localiza\u00e7\u00e3o geogr\u00e1fica estrat\u00e9gica para alavancar as exporta\u00e7\u00f5es de atomatados e o delineamento do programa de melhoramento do tomateiro industrial do IPA o qual concentrou esfor\u00e7os na obten\u00e7\u00e3o de cultivares adaptadas \u00e0s condi\u00e7\u00f5es edafoclim\u00e1ticas.<\/p>\n<p style=\"text-align: justify;\">Em meados dos anos 90 come\u00e7a o decl\u00ednio do p\u00f3lo agroprocessador do Vale do S\u00e3o Francisco, com predomin\u00e2ncia de pequenos agricultores sem a instru\u00e7\u00e3o necess\u00e1ria para adotar t\u00e9cnicas modernas de manejo cultural, a fruticultura, da segunda metade da d\u00e9cada de 1990, se consolidava como uma alternativa mais rent\u00e1vel do que a tomaticultura industrial; ataque severo de tra\u00e7a e de outras pragas-vetoras de viroses (mosca branca e trips), o geminiv\u00edrus e tospov\u00edrus e a implementa\u00e7\u00e3o do Plano de Estabiliza\u00e7\u00e3o da Economia, a partir de 1994, as vantagens de menor custos de produ\u00e7\u00e3o da cultura de tomate industrial do Vale do S\u00e3o Francisco foram eliminadas devido \u00e0 redu\u00e7\u00e3o do subs\u00eddio ao cr\u00e9dito rural.<\/p>\n<p style=\"text-align: justify;\">A partir de 1997 se intensifica a queda da produ\u00e7\u00e3o da regi\u00e3o do S\u00e3o Francisco, a zona do cerrado (GO e MG), vinha emergindo como nova fronteira de expans\u00e3o da cultura desde o in\u00edcio dos anos 90, e fevereiro de 2000 a unidade de Juazeiro foi extinta.<\/p>\n<p style=\"text-align: justify;\">Hoje a Universidade do Vale do S\u00e3o Francisco \u2013 UNIVASF ocupa todo complexo onde funcionou a CICANORTE, inclusive aproveitando de partes da antiga estrutura da empresa.<\/p>\n<pre>Fonte: Facebook\/Google<\/pre>\n","protected":false},"excerpt":{"rendered":"<p>O que seria um simples reencontro de amigos de trabalho, tornou-se um evento de uma fam\u00edlia que contribuiu para o desenvolvimento do Vale. Os ex-funcion\u00e1rios da extinta CICANORTE, maior empresa empregadora no Vale do S\u00e3o Francisco, criaram um grupo de whatsapp para organizarem um encontro com os ex-companheiros de trabalho, o resultado foi fant\u00e1stico. No [&hellip;]<\/p>\n","protected":false},"author":1,"featured_media":5475,"comment_status":"open","ping_status":"open","sticky":false,"template":"","format":"standard","meta":{"_uag_custom_page_level_css":"","_monsterinsights_skip_tracking":false,"_monsterinsights_sitenote_active":false,"_monsterinsights_sitenote_note":"","_monsterinsights_sitenote_category":0,"jetpack_post_was_ever_published":false,"_jetpack_newsletter_access":"","_jetpack_dont_email_post_to_subs":false,"_jetpack_newsletter_tier_id":0,"_jetpack_memberships_contains_paywalled_content":false,"_jetpack_memberships_contains_paid_content":false,"footnotes":"","jetpack_publicize_message":"","jetpack_publicize_feature_enabled":true,"jetpack_social_post_already_shared":true,"jetpack_social_options":{"image_generator_settings":{"template":"highway","default_image_id":0,"font":"","enabled":false},"version":2}},"categories":[203],"tags":[1369,1371,1370],"class_list":["post-5487","post","type-post","status-publish","format-standard","has-post-thumbnail","hentry","category-juazeiro","tag-cicanorte","tag-ex-funcionarios","tag-reencontro"],"jetpack_publicize_connections":[],"jetpack_featured_media_url":"https:\/\/blogopara.com.br\/wp-content\/uploads\/2019\/12\/CICA.jpeg","uagb_featured_image_src":{"full":["https:\/\/blogopara.com.br\/wp-content\/uploads\/2019\/12\/CICA.jpeg",634,441,false],"thumbnail":["https:\/\/blogopara.com.br\/wp-content\/uploads\/2019\/12\/CICA-150x150.jpeg",150,150,true],"medium":["https:\/\/blogopara.com.br\/wp-content\/uploads\/2019\/12\/CICA-300x209.jpeg",300,209,true],"medium_large":["https:\/\/blogopara.com.br\/wp-content\/uploads\/2019\/12\/CICA.jpeg",634,441,false],"large":["https:\/\/blogopara.com.br\/wp-content\/uploads\/2019\/12\/CICA.jpeg",634,441,false],"1536x1536":["https:\/\/blogopara.com.br\/wp-content\/uploads\/2019\/12\/CICA.jpeg",634,441,false],"2048x2048":["https:\/\/blogopara.com.br\/wp-content\/uploads\/2019\/12\/CICA.jpeg",634,441,false],"mantranews-slider-large":["https:\/\/blogopara.com.br\/wp-content\/uploads\/2019\/12\/CICA.jpeg",634,441,false],"mantranews-featured-medium":["https:\/\/blogopara.com.br\/wp-content\/uploads\/2019\/12\/CICA.jpeg",420,292,false],"mantranews-featured-long":["https:\/\/blogopara.com.br\/wp-content\/uploads\/2019\/12\/CICA.jpeg",300,209,false],"mantranews-block-medium":["https:\/\/blogopara.com.br\/wp-content\/uploads\/2019\/12\/CICA.jpeg",417,290,false],"mantranews-carousel-image":["https:\/\/blogopara.com.br\/wp-content\/uploads\/2019\/12\/CICA.jpeg",600,417,false],"mantranews-block-thumb":["https:\/\/blogopara.com.br\/wp-content\/uploads\/2019\/12\/CICA.jpeg",322,224,false],"mantranews-single-large":["https:\/\/blogopara.com.br\/wp-content\/uploads\/2019\/12\/CICA.jpeg",634,441,false]},"uagb_author_info":{"display_name":"Reda\u00e7\u00e3o geral","author_link":"https:\/\/blogopara.com.br\/index.php\/author\/blogopara"},"uagb_comment_info":0,"uagb_excerpt":"O que seria um simples reencontro de amigos de trabalho, tornou-se um evento de uma fam\u00edlia que contribuiu para o desenvolvimento do Vale. Os ex-funcion\u00e1rios da extinta CICANORTE, maior empresa empregadora no Vale do S\u00e3o Francisco, criaram um grupo de whatsapp para organizarem um encontro com os ex-companheiros de trabalho, o resultado foi fant\u00e1stico. No&hellip;","jetpack_sharing_enabled":true,"jetpack_likes_enabled":true,"_links":{"self":[{"href":"https:\/\/blogopara.com.br\/index.php\/wp-json\/wp\/v2\/posts\/5487","targetHints":{"allow":["GET"]}}],"collection":[{"href":"https:\/\/blogopara.com.br\/index.php\/wp-json\/wp\/v2\/posts"}],"about":[{"href":"https:\/\/blogopara.com.br\/index.php\/wp-json\/wp\/v2\/types\/post"}],"author":[{"embeddable":true,"href":"https:\/\/blogopara.com.br\/index.php\/wp-json\/wp\/v2\/users\/1"}],"replies":[{"embeddable":true,"href":"https:\/\/blogopara.com.br\/index.php\/wp-json\/wp\/v2\/comments?post=5487"}],"version-history":[{"count":2,"href":"https:\/\/blogopara.com.br\/index.php\/wp-json\/wp\/v2\/posts\/5487\/revisions"}],"predecessor-version":[{"id":5489,"href":"https:\/\/blogopara.com.br\/index.php\/wp-json\/wp\/v2\/posts\/5487\/revisions\/5489"}],"wp:featuredmedia":[{"embeddable":true,"href":"https:\/\/blogopara.com.br\/index.php\/wp-json\/wp\/v2\/media\/5475"}],"wp:attachment":[{"href":"https:\/\/blogopara.com.br\/index.php\/wp-json\/wp\/v2\/media?parent=5487"}],"wp:term":[{"taxonomy":"category","embeddable":true,"href":"https:\/\/blogopara.com.br\/index.php\/wp-json\/wp\/v2\/categories?post=5487"},{"taxonomy":"post_tag","embeddable":true,"href":"https:\/\/blogopara.com.br\/index.php\/wp-json\/wp\/v2\/tags?post=5487"}],"curies":[{"name":"wp","href":"https:\/\/api.w.org\/{rel}","templated":true}]}}