{"id":54914,"date":"2023-07-14T13:33:00","date_gmt":"2023-07-14T16:33:00","guid":{"rendered":"https:\/\/blogopara.com.br\/?p=54914"},"modified":"2023-07-13T13:36:34","modified_gmt":"2023-07-13T16:36:34","slug":"prefeitura-celebra-os-145-anos-de-juazeiro-destacando-os-avancos-nas-feiras-e-mercados-municipais","status":"publish","type":"post","link":"https:\/\/blogopara.com.br\/index.php\/2023\/07\/14\/prefeitura-celebra-os-145-anos-de-juazeiro-destacando-os-avancos-nas-feiras-e-mercados-municipais","title":{"rendered":"Prefeitura celebra os 145 anos de Juazeiro destacando os avan\u00e7os nas feiras e mercados municipais"},"content":{"rendered":"<p class=\"x_MsoNormal\" style=\"text-align: justify;\">Com a chegada dos 145 anos de Juazeiro, a Prefeitura, por meio da Autarquia Municipal de Abastecimento (AMA), destaca a conquista de resultados positivos dos dois anos e meio da Gest\u00e3o Suzana Ramos. A entrega da revitaliza\u00e7\u00e3o do Mercado Municipal Joca de Souza Oliveira, a pavimenta\u00e7\u00e3o asf\u00e1ltica do Mercado do Produtor, al\u00e9m de v\u00e1rios investimentos nas feiras e mercados s\u00e3o algumas das a\u00e7\u00f5es que podem ser destacadas.<\/p>\n<p class=\"x_MsoNormal\" style=\"text-align: justify;\">Para a prefeita Suzana Ramos, as conquistas s\u00e3o frutos de uma gest\u00e3o comprometida com o desenvolvimento de Juazeiro. \u201cEstamos vivendo um momento muito importante na hist\u00f3ria de Juazeiro, onde o crescimento da cidade e o volume de a\u00e7\u00f5es que estamos realizando vem mudando o cen\u00e1rio local e projetando, ainda mais, a nossa cidade para todo o Brasil. Esse \u00e9 s\u00f3 o come\u00e7o de muitas realiza\u00e7\u00f5es que estamos viabilizando e que contribuir\u00e3o para alavancar Juazeiro e coloc\u00e1-la no topo de diversos segmentos\u201d, declarou a gestora.<\/p>\n<p class=\"x_MsoNormal\" style=\"text-align: justify;\"><b>Destaque<\/b><\/p>\n<p class=\"x_MsoNormal\" style=\"text-align: justify;\">Gra\u00e7as ao trabalho da gest\u00e3o Suzana Ramos, Juazeiro alcan\u00e7ou mais uma posi\u00e7\u00e3o de destaque no cen\u00e1rio nacional. Pela primeira vez na hist\u00f3ria, o Mercado do Produtor, passou a ocupar a 2\u00aa posi\u00e7\u00e3o em volume e valores no Ranking Nacional na comercializa\u00e7\u00e3o de hortifrutigranjeiros, conforme dados da Companhia Nacional de Abastecimento (CONAB). O entreposto de Juazeiro est\u00e1 na frente de Ceasas de grandes capitais, como Rio de Janeiro, Belo Horizonte, Curitiba, Goi\u00e2nia, Campinas, Recife, Porto Alegre e Salvador, ficando atr\u00e1s apenas do CEAGESP, de S\u00e3o Paulo.<\/p>\n<p class=\"x_MsoNormal\" style=\"text-align: justify;\"><b>Mercado do Produtor<\/b><\/p>\n<p class=\"x_MsoNormal\" style=\"text-align: justify;\">Atrav\u00e9s da AMA, a Prefeitura de Juazeiro, refez mais de 5 mil metros quadrados de asfalto beneficiando a \u00e1rea mais cr\u00edtica do Mercado do Produtor. A obra foi custeada com recursos pr\u00f3prios e contou ainda com emenda parlamentar do deputado federal Adolfo Viana no valor de R$ 1 milh\u00e3o. Um trabalho importante, uma vez que o entreposto \u00e9 um forte propulsor no desenvolvimento econ\u00f4mico de Juazeiro.<\/p>\n<p class=\"x_MsoNormal\" style=\"text-align: justify;\">Ainda com rela\u00e7\u00e3o ao Mercado do Produtor, a AMA, vai realizar a primeira revitaliza\u00e7\u00e3o da feirinha do entreposto, desde a sua cria\u00e7\u00e3o. O projeto da obra j\u00e1 est\u00e1 em elabora\u00e7\u00e3o. \u201cEssa \u00e9 mais uma a\u00e7\u00e3o da nossa gest\u00e3o voltada para o cuidado com o nosso povo. Os feirantes v\u00e3o poder trabalhar com uma estrutura melhor, protegidos da chuva e do sol, em condi\u00e7\u00f5es dignas de exercerem as suas atividades e incrementarem as suas rendas. Vamos humanizar essa \u00e1rea, torn\u00e1-la mais atrativa, acess\u00edvel e confort\u00e1vel. \u00c9 a garantia de mais qualidade de vida e dignidade aos feirantes e as pessoas que utilizam o servi\u00e7o\u201d, destacou a prefeita Suzana Ramos.<\/p>\n<p class=\"x_MsoNormal\" style=\"text-align: justify;\"><b>Mercado Municipal<\/b><\/p>\n<p class=\"x_MsoNormal\" style=\"text-align: justify;\">A Prefeitura de Juazeiro, atrav\u00e9s da AMA, entregou oficialmente o Mercado Municipal Joca de Souza Oliveira completamente revitalizado. O investimento foi de mais de R$ 3 milh\u00f5es, sendo R$ 2 milh\u00f5es do governo do estado e 1,2 milh\u00e3o de emendas parlamentares. O trabalho foi coordenado pela Companhia de Desenvolvimento e A\u00e7\u00e3o Regional (CAR\/SDR), em parceria com a gest\u00e3o municipal.<\/p>\n<p class=\"x_MsoNormal\" style=\"text-align: justify;\">Com a interven\u00e7\u00e3o Mercado Joca foi totalmente reformado, com a constru\u00e7\u00e3o de um novo pr\u00e9dio, que conta agora com dois pavimentos, cobertura em telha met\u00e1lica, pintura, piso, revestimentos cer\u00e2micos, instala\u00e7\u00f5es el\u00e9tricas e hidr\u00e1ulicas al\u00e9m de outros servi\u00e7os que v\u00e3o proporcionar um novo ambiente de trabalho para os 220 permission\u00e1rios.<\/p>\n<p class=\"x_MsoNormal\" style=\"text-align: justify;\">\u201c\u00c9 uma orienta\u00e7\u00e3o expressa da nossa prefeita Suzana Ramos, trabalharmos, buscarmos alternativas, para continuar oferecendo atendimentos de qualidade, seguran\u00e7a, limpeza, infraestrutura e tudo o que for necess\u00e1rio tanto para a popula\u00e7\u00e3o, como para os permission\u00e1rios e toda a equipe que trabalha nas feiras e mercados de Juazeiro. Tivemos alguns avan\u00e7os, temos ainda muito a fazer, mas com trabalho e determina\u00e7\u00e3o vamos conseguir fazer n\u00e3o s\u00f3 o Mercado do Produtor ser refer\u00eancia e continuar a crescer e se desenvolver, mas todas as feiras e mercados de juazeiro\u201d, afirmou o diretor presidente da AMA Britoaldo Bessa.<\/p>\n","protected":false},"excerpt":{"rendered":"<p>Com a chegada dos 145 anos de Juazeiro, a Prefeitura, por meio da Autarquia Municipal de Abastecimento (AMA), destaca a conquista de resultados positivos dos dois anos e meio da Gest\u00e3o Suzana Ramos. A entrega da revitaliza\u00e7\u00e3o do Mercado Municipal Joca de Souza Oliveira, a pavimenta\u00e7\u00e3o asf\u00e1ltica do Mercado do Produtor, al\u00e9m de v\u00e1rios investimentos [&hellip;]<\/p>\n","protected":false},"author":1,"featured_media":54915,"comment_status":"closed","ping_status":"open","sticky":false,"template":"","format":"standard","meta":{"_uag_custom_page_level_css":"","_monsterinsights_skip_tracking":false,"_monsterinsights_sitenote_active":false,"_monsterinsights_sitenote_note":"","_monsterinsights_sitenote_category":0,"jetpack_post_was_ever_published":false,"_jetpack_newsletter_access":"","_jetpack_dont_email_post_to_subs":false,"_jetpack_newsletter_tier_id":0,"_jetpack_memberships_contains_paywalled_content":false,"_jetpack_memberships_contains_paid_content":false,"footnotes":"","jetpack_publicize_message":"","jetpack_publicize_feature_enabled":true,"jetpack_social_post_already_shared":true,"jetpack_social_options":{"image_generator_settings":{"template":"highway","default_image_id":0,"font":"","enabled":false},"version":2}},"categories":[203],"tags":[],"class_list":["post-54914","post","type-post","status-publish","format-standard","has-post-thumbnail","hentry","category-juazeiro"],"jetpack_publicize_connections":[],"jetpack_featured_media_url":"https:\/\/blogopara.com.br\/wp-content\/uploads\/2023\/07\/thumbnail_ANIVERSARIO4.jpg","uagb_featured_image_src":{"full":["https:\/\/blogopara.com.br\/wp-content\/uploads\/2023\/07\/thumbnail_ANIVERSARIO4.jpg",500,333,false],"thumbnail":["https:\/\/blogopara.com.br\/wp-content\/uploads\/2023\/07\/thumbnail_ANIVERSARIO4-150x150.jpg",150,150,true],"medium":["https:\/\/blogopara.com.br\/wp-content\/uploads\/2023\/07\/thumbnail_ANIVERSARIO4-300x200.jpg",300,200,true],"medium_large":["https:\/\/blogopara.com.br\/wp-content\/uploads\/2023\/07\/thumbnail_ANIVERSARIO4.jpg",500,333,false],"large":["https:\/\/blogopara.com.br\/wp-content\/uploads\/2023\/07\/thumbnail_ANIVERSARIO4.jpg",500,333,false],"1536x1536":["https:\/\/blogopara.com.br\/wp-content\/uploads\/2023\/07\/thumbnail_ANIVERSARIO4.jpg",500,333,false],"2048x2048":["https:\/\/blogopara.com.br\/wp-content\/uploads\/2023\/07\/thumbnail_ANIVERSARIO4.jpg",500,333,false],"mantranews-slider-large":["https:\/\/blogopara.com.br\/wp-content\/uploads\/2023\/07\/thumbnail_ANIVERSARIO4.jpg",500,333,false],"mantranews-featured-medium":["https:\/\/blogopara.com.br\/wp-content\/uploads\/2023\/07\/thumbnail_ANIVERSARIO4-420x307.jpg",420,307,true],"mantranews-featured-long":["https:\/\/blogopara.com.br\/wp-content\/uploads\/2023\/07\/thumbnail_ANIVERSARIO4-300x333.jpg",300,333,true],"mantranews-block-medium":["https:\/\/blogopara.com.br\/wp-content\/uploads\/2023\/07\/thumbnail_ANIVERSARIO4-464x290.jpg",464,290,true],"mantranews-carousel-image":["https:\/\/blogopara.com.br\/wp-content\/uploads\/2023\/07\/thumbnail_ANIVERSARIO4.jpg",500,333,false],"mantranews-block-thumb":["https:\/\/blogopara.com.br\/wp-content\/uploads\/2023\/07\/thumbnail_ANIVERSARIO4-322x230.jpg",322,230,true],"mantranews-single-large":["https:\/\/blogopara.com.br\/wp-content\/uploads\/2023\/07\/thumbnail_ANIVERSARIO4.jpg",500,333,false]},"uagb_author_info":{"display_name":"Reda\u00e7\u00e3o geral","author_link":"https:\/\/blogopara.com.br\/index.php\/author\/blogopara"},"uagb_comment_info":0,"uagb_excerpt":"Com a chegada dos 145 anos de Juazeiro, a Prefeitura, por meio da Autarquia Municipal de Abastecimento (AMA), destaca a conquista de resultados positivos dos dois anos e meio da Gest\u00e3o Suzana Ramos. A entrega da revitaliza\u00e7\u00e3o do Mercado Municipal Joca de Souza Oliveira, a pavimenta\u00e7\u00e3o asf\u00e1ltica do Mercado do Produtor, al\u00e9m de v\u00e1rios investimentos&hellip;","jetpack_sharing_enabled":true,"jetpack_likes_enabled":true,"_links":{"self":[{"href":"https:\/\/blogopara.com.br\/index.php\/wp-json\/wp\/v2\/posts\/54914","targetHints":{"allow":["GET"]}}],"collection":[{"href":"https:\/\/blogopara.com.br\/index.php\/wp-json\/wp\/v2\/posts"}],"about":[{"href":"https:\/\/blogopara.com.br\/index.php\/wp-json\/wp\/v2\/types\/post"}],"author":[{"embeddable":true,"href":"https:\/\/blogopara.com.br\/index.php\/wp-json\/wp\/v2\/users\/1"}],"replies":[{"embeddable":true,"href":"https:\/\/blogopara.com.br\/index.php\/wp-json\/wp\/v2\/comments?post=54914"}],"version-history":[{"count":1,"href":"https:\/\/blogopara.com.br\/index.php\/wp-json\/wp\/v2\/posts\/54914\/revisions"}],"predecessor-version":[{"id":54916,"href":"https:\/\/blogopara.com.br\/index.php\/wp-json\/wp\/v2\/posts\/54914\/revisions\/54916"}],"wp:featuredmedia":[{"embeddable":true,"href":"https:\/\/blogopara.com.br\/index.php\/wp-json\/wp\/v2\/media\/54915"}],"wp:attachment":[{"href":"https:\/\/blogopara.com.br\/index.php\/wp-json\/wp\/v2\/media?parent=54914"}],"wp:term":[{"taxonomy":"category","embeddable":true,"href":"https:\/\/blogopara.com.br\/index.php\/wp-json\/wp\/v2\/categories?post=54914"},{"taxonomy":"post_tag","embeddable":true,"href":"https:\/\/blogopara.com.br\/index.php\/wp-json\/wp\/v2\/tags?post=54914"}],"curies":[{"name":"wp","href":"https:\/\/api.w.org\/{rel}","templated":true}]}}