{"id":54917,"date":"2023-07-14T11:36:00","date_gmt":"2023-07-14T14:36:00","guid":{"rendered":"https:\/\/blogopara.com.br\/?p=54917"},"modified":"2023-07-13T13:39:28","modified_gmt":"2023-07-13T16:39:28","slug":"juazeiro-145-anos-prefeitura-de-juazeiro-leva-criancas-atendidas-pelo-cras-para-tour-nos-pontos-turisticos-da-cidade","status":"publish","type":"post","link":"https:\/\/blogopara.com.br\/index.php\/2023\/07\/14\/juazeiro-145-anos-prefeitura-de-juazeiro-leva-criancas-atendidas-pelo-cras-para-tour-nos-pontos-turisticos-da-cidade","title":{"rendered":"Juazeiro 145 anos: Prefeitura de Juazeiro leva crian\u00e7as atendidas pelo CRAS para tour nos pontos tur\u00edsticos da cidade"},"content":{"rendered":"<p class=\"x_MsoNormal\" style=\"text-align: justify;\">As crian\u00e7as e adolescentes atendidos pelo Servi\u00e7o de Conviv\u00eancia de Fortalecimento de V\u00ednculos do Centro de Refer\u00eancia de Assist\u00eancia Social (CRAS) Itaberaba realizaram na manh\u00e3 desta quinta-feira (13) um tour por diversos pontos tur\u00edstico da cidade.\u00a0 A iniciativa da Prefeitura de Juazeiro, atrav\u00e9s da Secretaria de Desenvolvimento Social, Mulher e Diversidade (Sedes), possibilitou que muitos dos garotos e garotas, conhecessem os locais pela primeira vez. Participaram no passeio, 25 crian\u00e7as com idade entre 5 e 17 anos.<\/p>\n<p class=\"x_MsoNormal\" style=\"text-align: justify;\">A cada ponto tur\u00edstico, os olhinhos das crian\u00e7as e adolescentes brilhavam. Foi o caso de Leonardo Vieira da Silva, de 11 anos que, mesmo t\u00edmido, n\u00e3o escondeu o encantamento pelas hist\u00f3rias de cada ponto tur\u00edstico que visitou. \u201cN\u00e3o conhecia estes lugares. Estou achando este passeio muito legal, estou com meus amigos e com muita brincadeira, conhecendo lugares que eu ainda n\u00e3o conhecia\u201d, disse o garoto.<\/p>\n<p class=\"x_MsoNormal\" style=\"text-align: justify;\">O passeio tur\u00edstico por Juazeiro integra as a\u00e7\u00f5es desenvolvidas pela prefeitura em comemora\u00e7\u00e3o ao anivers\u00e1rio de 145 anos de Juazeiro. O grupo partiu do Marco Zero e seguiu para o monumento do Nego D\u2019\u00e1gua, Igreja Catedral e finalizou no Vaporzinho. A cada parada, eles conheciam o espa\u00e7o e tamb\u00e9m a hist\u00f3ria que envolve o local.<\/p>\n<p class=\"x_MsoNormal\" style=\"text-align: justify;\">\u201cLevamos as crian\u00e7as e adolescentes do Servi\u00e7o de Conviv\u00eancia para fazerem este passeio cultural que finalizou com um delicioso lanche. Todos ficaram muito empolgados e felizes. A maioria n\u00e3o conhecia nem mesmo ao Rio S\u00e3o Francisco. \u00c9 muito gratificante proporcionar este momento para eles\u201d, disse a coordenadora do CRAS Itaberaba, Margareth Gama.<\/p>\n","protected":false},"excerpt":{"rendered":"<p>As crian\u00e7as e adolescentes atendidos pelo Servi\u00e7o de Conviv\u00eancia de Fortalecimento de V\u00ednculos do Centro de Refer\u00eancia de Assist\u00eancia Social (CRAS) Itaberaba realizaram na manh\u00e3 desta quinta-feira (13) um tour por diversos pontos tur\u00edstico da cidade.\u00a0 A iniciativa da Prefeitura de Juazeiro, atrav\u00e9s da Secretaria de Desenvolvimento Social, Mulher e Diversidade (Sedes), possibilitou que muitos [&hellip;]<\/p>\n","protected":false},"author":1,"featured_media":54919,"comment_status":"closed","ping_status":"open","sticky":false,"template":"","format":"standard","meta":{"_uag_custom_page_level_css":"","_monsterinsights_skip_tracking":false,"_monsterinsights_sitenote_active":false,"_monsterinsights_sitenote_note":"","_monsterinsights_sitenote_category":0,"jetpack_post_was_ever_published":false,"_jetpack_newsletter_access":"","_jetpack_dont_email_post_to_subs":false,"_jetpack_newsletter_tier_id":0,"_jetpack_memberships_contains_paywalled_content":false,"_jetpack_memberships_contains_paid_content":false,"footnotes":"","jetpack_publicize_message":"","jetpack_publicize_feature_enabled":true,"jetpack_social_post_already_shared":true,"jetpack_social_options":{"image_generator_settings":{"template":"highway","default_image_id":0,"font":"","enabled":false},"version":2}},"categories":[204],"tags":[],"class_list":["post-54917","post","type-post","status-publish","format-standard","has-post-thumbnail","hentry","category-social"],"jetpack_publicize_connections":[],"jetpack_featured_media_url":"https:\/\/blogopara.com.br\/wp-content\/uploads\/2023\/07\/tour-cras-itaberaba-orla-2.jpeg","uagb_featured_image_src":{"full":["https:\/\/blogopara.com.br\/wp-content\/uploads\/2023\/07\/tour-cras-itaberaba-orla-2.jpeg",500,375,false],"thumbnail":["https:\/\/blogopara.com.br\/wp-content\/uploads\/2023\/07\/tour-cras-itaberaba-orla-2-150x150.jpeg",150,150,true],"medium":["https:\/\/blogopara.com.br\/wp-content\/uploads\/2023\/07\/tour-cras-itaberaba-orla-2-300x225.jpeg",300,225,true],"medium_large":["https:\/\/blogopara.com.br\/wp-content\/uploads\/2023\/07\/tour-cras-itaberaba-orla-2.jpeg",500,375,false],"large":["https:\/\/blogopara.com.br\/wp-content\/uploads\/2023\/07\/tour-cras-itaberaba-orla-2.jpeg",500,375,false],"1536x1536":["https:\/\/blogopara.com.br\/wp-content\/uploads\/2023\/07\/tour-cras-itaberaba-orla-2.jpeg",500,375,false],"2048x2048":["https:\/\/blogopara.com.br\/wp-content\/uploads\/2023\/07\/tour-cras-itaberaba-orla-2.jpeg",500,375,false],"mantranews-slider-large":["https:\/\/blogopara.com.br\/wp-content\/uploads\/2023\/07\/tour-cras-itaberaba-orla-2.jpeg",500,375,false],"mantranews-featured-medium":["https:\/\/blogopara.com.br\/wp-content\/uploads\/2023\/07\/tour-cras-itaberaba-orla-2-420x307.jpeg",420,307,true],"mantranews-featured-long":["https:\/\/blogopara.com.br\/wp-content\/uploads\/2023\/07\/tour-cras-itaberaba-orla-2-300x375.jpeg",300,375,true],"mantranews-block-medium":["https:\/\/blogopara.com.br\/wp-content\/uploads\/2023\/07\/tour-cras-itaberaba-orla-2-464x290.jpeg",464,290,true],"mantranews-carousel-image":["https:\/\/blogopara.com.br\/wp-content\/uploads\/2023\/07\/tour-cras-itaberaba-orla-2.jpeg",500,375,false],"mantranews-block-thumb":["https:\/\/blogopara.com.br\/wp-content\/uploads\/2023\/07\/tour-cras-itaberaba-orla-2-322x230.jpeg",322,230,true],"mantranews-single-large":["https:\/\/blogopara.com.br\/wp-content\/uploads\/2023\/07\/tour-cras-itaberaba-orla-2.jpeg",500,375,false]},"uagb_author_info":{"display_name":"Reda\u00e7\u00e3o geral","author_link":"https:\/\/blogopara.com.br\/index.php\/author\/blogopara"},"uagb_comment_info":0,"uagb_excerpt":"As crian\u00e7as e adolescentes atendidos pelo Servi\u00e7o de Conviv\u00eancia de Fortalecimento de V\u00ednculos do Centro de Refer\u00eancia de Assist\u00eancia Social (CRAS) Itaberaba realizaram na manh\u00e3 desta quinta-feira (13) um tour por diversos pontos tur\u00edstico da cidade.\u00a0 A iniciativa da Prefeitura de Juazeiro, atrav\u00e9s da Secretaria de Desenvolvimento Social, Mulher e Diversidade (Sedes), possibilitou que muitos&hellip;","jetpack_sharing_enabled":true,"jetpack_likes_enabled":true,"_links":{"self":[{"href":"https:\/\/blogopara.com.br\/index.php\/wp-json\/wp\/v2\/posts\/54917","targetHints":{"allow":["GET"]}}],"collection":[{"href":"https:\/\/blogopara.com.br\/index.php\/wp-json\/wp\/v2\/posts"}],"about":[{"href":"https:\/\/blogopara.com.br\/index.php\/wp-json\/wp\/v2\/types\/post"}],"author":[{"embeddable":true,"href":"https:\/\/blogopara.com.br\/index.php\/wp-json\/wp\/v2\/users\/1"}],"replies":[{"embeddable":true,"href":"https:\/\/blogopara.com.br\/index.php\/wp-json\/wp\/v2\/comments?post=54917"}],"version-history":[{"count":1,"href":"https:\/\/blogopara.com.br\/index.php\/wp-json\/wp\/v2\/posts\/54917\/revisions"}],"predecessor-version":[{"id":54920,"href":"https:\/\/blogopara.com.br\/index.php\/wp-json\/wp\/v2\/posts\/54917\/revisions\/54920"}],"wp:featuredmedia":[{"embeddable":true,"href":"https:\/\/blogopara.com.br\/index.php\/wp-json\/wp\/v2\/media\/54919"}],"wp:attachment":[{"href":"https:\/\/blogopara.com.br\/index.php\/wp-json\/wp\/v2\/media?parent=54917"}],"wp:term":[{"taxonomy":"category","embeddable":true,"href":"https:\/\/blogopara.com.br\/index.php\/wp-json\/wp\/v2\/categories?post=54917"},{"taxonomy":"post_tag","embeddable":true,"href":"https:\/\/blogopara.com.br\/index.php\/wp-json\/wp\/v2\/tags?post=54917"}],"curies":[{"name":"wp","href":"https:\/\/api.w.org\/{rel}","templated":true}]}}