{"id":54927,"date":"2023-07-14T10:04:00","date_gmt":"2023-07-14T13:04:00","guid":{"rendered":"https:\/\/blogopara.com.br\/?p=54927"},"modified":"2023-07-13T15:08:33","modified_gmt":"2023-07-13T18:08:33","slug":"tarifa-social-mais-de-160-mil-podem-perder-desconto-da-conta-de-energia-saiba-como-manter-auxilio","status":"publish","type":"post","link":"https:\/\/blogopara.com.br\/index.php\/2023\/07\/14\/tarifa-social-mais-de-160-mil-podem-perder-desconto-da-conta-de-energia-saiba-como-manter-auxilio","title":{"rendered":"Tarifa social: mais de 160 mil podem perder desconto da conta de energia; saiba como manter aux\u00edlio"},"content":{"rendered":"<p style=\"text-align: justify;\">uem est\u00e1 com o Cad\u00danico desatualizado corre o risco de perder o benef\u00edcio da tarifa social na conta de energia el\u00e9trica em Pernambuco. O alerta \u00e9 da Neoenergia Pernambuco, que diz haver cerca de 161 mil pernambucanos nessta condi\u00e7\u00e3o. O N\u00famero de Identifica\u00e7\u00e3o Social (NIS) \u00e9 o principal documento para inscri\u00e7\u00e3o e manuten\u00e7\u00e3o no programa.<\/p>\n<p style=\"text-align: justify;\">De acordo com o Governo Federal e a Ag\u00eancia Nacional de Energia El\u00e9trica (Aneel), clientes da distribuidora que deixar\u00e3o de receber o benef\u00edcio ser\u00e3o exclu\u00eddos devido \u00e0 desatualiza\u00e7\u00e3o no cadastro. A exclus\u00e3o da inscri\u00e7\u00e3o significa que o cliente perde automaticamente o desconto de at\u00e9 65% na fatura.<\/p>\n<p style=\"text-align: justify;\">A Neoenergia Pernambuco afirma ainda estimar que muitas fam\u00edlias que possuem o NIS t\u00eam direito \u00e0 tarifa social, mas o titular do NIS n\u00e3o \u00e9 o mesmo da conta de energia el\u00e9trica.<\/p>\n<p style=\"text-align: justify;\">Isso impede, acrescenta a distribuidora, o cadastramento de forma autom\u00e1tica ao cruzar informa\u00e7\u00f5es com os dados do Cad\u00danico. Para realizar a atualiza\u00e7\u00e3o do Cad\u00danico e receber o abatimento na fatura, os consumidores devem se dirigir ao Centro de Refer\u00eancia de Assist\u00eancia Social (Cras) do munic\u00edpio onde reside<\/p>\n<p style=\"text-align: justify;\">\u201c\u00c9 importante lembrar que a indica\u00e7\u00e3o das fam\u00edlias que perder\u00e3o o benef\u00edcio em caso de n\u00e3o atualiza\u00e7\u00e3o \u00e9 feita pelo Governo Federal e a Aneel, e n\u00e3o a distribuidora. Sabendo da import\u00e2ncia, a Neoenergia Pernambuco est\u00e1 alertando e orientando aos nossos clientes sobre a regulariza\u00e7\u00e3o do benef\u00edcio\u201d, esclareceu a superintendente comercial da Neoenergia Pernambuco, \u00c9rica Ferreira.<\/p>\n<p style=\"text-align: justify;\">Como se cadastrar na Tarifa Social<\/p>\n<p style=\"text-align: justify;\">Atualmente, Pernambuco possui 1.262.024 milh\u00e3o de clientes j\u00e1 cadastrados na Tarifa Social. Aqueles que t\u00eam o NIS ou NB (BPC\/LOAS) e ainda n\u00e3o possuem o benef\u00edcio da TSEE podem se inscrever por meio do WhatsApp da Neoenergia (81 3217-6990), site oficial, ou em um dos pontos de atendimento da empresa espalhados em Pernambuco. As fam\u00edlias de baixa renda que n\u00e3o possuem o N\u00famero de Inscri\u00e7\u00e3o Social (NIS) devem se dirigir a um Centro de Refer\u00eancia e Assist\u00eancia Social (CRAS) da cidade onde residem para solicitar o documento. Apenas com a numera\u00e7\u00e3o em m\u00e3os, o cliente pode solicitar o benef\u00edcio da TSEE \u00e0 concession\u00e1ria.<\/p>\n<p style=\"text-align: justify;\">O que \u00e9 Tarifa Social de Energia El\u00e9trica?<\/p>\n<p style=\"text-align: justify;\">Benef\u00edcio criado pelo Governo Federal para as resid\u00eancias de fam\u00edlias de baixa renda que consiste na concess\u00e3o de descontos de at\u00e9 65%, de acordo com consumo da fam\u00edlia. Para ind\u00edgenas e quilombolas, o percentual pode chegar a 100%. O benef\u00edcio \u00e9 regulamentado pela Lei 12.212, de 20 de janeiro de 2010.<\/p>\n<p style=\"text-align: justify;\">Quem tem o direito \u00e0 Tarifa Social de Energia?<\/p>\n<p style=\"text-align: justify;\">Toda fam\u00edlia de baixa renda que atenda aos requisitos da renda m\u00e9dia de at\u00e9 meio sal\u00e1rio m\u00ednimo e esteja com o cadastro social no Cad\u00danico atualizado nos \u00faltimos dois anos. \u00c9 necess\u00e1rio possuir o N\u00famero de Identifica\u00e7\u00e3o Social \u2013 NIS, independentemente de possuir ou n\u00e3o o benef\u00edcio do Aux\u00edlio Brasil. As fam\u00edlias que possuem algum membro como benefici\u00e1rio do BPC\/LOAS tamb\u00e9m t\u00eam direito \u00e0 Tarifa Social, atrav\u00e9s do N\u00famero do Benef\u00edcio (NB).<\/p>\n","protected":false},"excerpt":{"rendered":"<p>uem est\u00e1 com o Cad\u00danico desatualizado corre o risco de perder o benef\u00edcio da tarifa social na conta de energia el\u00e9trica em Pernambuco. O alerta \u00e9 da Neoenergia Pernambuco, que diz haver cerca de 161 mil pernambucanos nessta condi\u00e7\u00e3o. O N\u00famero de Identifica\u00e7\u00e3o Social (NIS) \u00e9 o principal documento para inscri\u00e7\u00e3o e manuten\u00e7\u00e3o no programa. [&hellip;]<\/p>\n","protected":false},"author":1,"featured_media":54928,"comment_status":"closed","ping_status":"open","sticky":false,"template":"","format":"standard","meta":{"_uag_custom_page_level_css":"","_monsterinsights_skip_tracking":false,"_monsterinsights_sitenote_active":false,"_monsterinsights_sitenote_note":"","_monsterinsights_sitenote_category":0,"jetpack_post_was_ever_published":false,"_jetpack_newsletter_access":"","_jetpack_dont_email_post_to_subs":false,"_jetpack_newsletter_tier_id":0,"_jetpack_memberships_contains_paywalled_content":false,"_jetpack_memberships_contains_paid_content":false,"footnotes":"","jetpack_publicize_message":"","jetpack_publicize_feature_enabled":true,"jetpack_social_post_already_shared":true,"jetpack_social_options":{"image_generator_settings":{"template":"highway","default_image_id":0,"font":"","enabled":false},"version":2}},"categories":[200],"tags":[],"class_list":["post-54927","post","type-post","status-publish","format-standard","has-post-thumbnail","hentry","category-brasil"],"jetpack_publicize_connections":[],"jetpack_featured_media_url":"https:\/\/blogopara.com.br\/wp-content\/uploads\/2023\/07\/conta_de_luz-aneel_widelg.jpg","uagb_featured_image_src":{"full":["https:\/\/blogopara.com.br\/wp-content\/uploads\/2023\/07\/conta_de_luz-aneel_widelg.jpg",500,281,false],"thumbnail":["https:\/\/blogopara.com.br\/wp-content\/uploads\/2023\/07\/conta_de_luz-aneel_widelg-150x150.jpg",150,150,true],"medium":["https:\/\/blogopara.com.br\/wp-content\/uploads\/2023\/07\/conta_de_luz-aneel_widelg-300x169.jpg",300,169,true],"medium_large":["https:\/\/blogopara.com.br\/wp-content\/uploads\/2023\/07\/conta_de_luz-aneel_widelg.jpg",500,281,false],"large":["https:\/\/blogopara.com.br\/wp-content\/uploads\/2023\/07\/conta_de_luz-aneel_widelg.jpg",500,281,false],"1536x1536":["https:\/\/blogopara.com.br\/wp-content\/uploads\/2023\/07\/conta_de_luz-aneel_widelg.jpg",500,281,false],"2048x2048":["https:\/\/blogopara.com.br\/wp-content\/uploads\/2023\/07\/conta_de_luz-aneel_widelg.jpg",500,281,false],"mantranews-slider-large":["https:\/\/blogopara.com.br\/wp-content\/uploads\/2023\/07\/conta_de_luz-aneel_widelg.jpg",500,281,false],"mantranews-featured-medium":["https:\/\/blogopara.com.br\/wp-content\/uploads\/2023\/07\/conta_de_luz-aneel_widelg-420x281.jpg",420,281,true],"mantranews-featured-long":["https:\/\/blogopara.com.br\/wp-content\/uploads\/2023\/07\/conta_de_luz-aneel_widelg-300x281.jpg",300,281,true],"mantranews-block-medium":["https:\/\/blogopara.com.br\/wp-content\/uploads\/2023\/07\/conta_de_luz-aneel_widelg-464x281.jpg",464,281,true],"mantranews-carousel-image":["https:\/\/blogopara.com.br\/wp-content\/uploads\/2023\/07\/conta_de_luz-aneel_widelg.jpg",500,281,false],"mantranews-block-thumb":["https:\/\/blogopara.com.br\/wp-content\/uploads\/2023\/07\/conta_de_luz-aneel_widelg-322x230.jpg",322,230,true],"mantranews-single-large":["https:\/\/blogopara.com.br\/wp-content\/uploads\/2023\/07\/conta_de_luz-aneel_widelg.jpg",500,281,false]},"uagb_author_info":{"display_name":"Reda\u00e7\u00e3o geral","author_link":"https:\/\/blogopara.com.br\/index.php\/author\/blogopara"},"uagb_comment_info":0,"uagb_excerpt":"uem est\u00e1 com o Cad\u00danico desatualizado corre o risco de perder o benef\u00edcio da tarifa social na conta de energia el\u00e9trica em Pernambuco. O alerta \u00e9 da Neoenergia Pernambuco, que diz haver cerca de 161 mil pernambucanos nessta condi\u00e7\u00e3o. O N\u00famero de Identifica\u00e7\u00e3o Social (NIS) \u00e9 o principal documento para inscri\u00e7\u00e3o e manuten\u00e7\u00e3o no programa.&hellip;","jetpack_sharing_enabled":true,"jetpack_likes_enabled":true,"_links":{"self":[{"href":"https:\/\/blogopara.com.br\/index.php\/wp-json\/wp\/v2\/posts\/54927","targetHints":{"allow":["GET"]}}],"collection":[{"href":"https:\/\/blogopara.com.br\/index.php\/wp-json\/wp\/v2\/posts"}],"about":[{"href":"https:\/\/blogopara.com.br\/index.php\/wp-json\/wp\/v2\/types\/post"}],"author":[{"embeddable":true,"href":"https:\/\/blogopara.com.br\/index.php\/wp-json\/wp\/v2\/users\/1"}],"replies":[{"embeddable":true,"href":"https:\/\/blogopara.com.br\/index.php\/wp-json\/wp\/v2\/comments?post=54927"}],"version-history":[{"count":1,"href":"https:\/\/blogopara.com.br\/index.php\/wp-json\/wp\/v2\/posts\/54927\/revisions"}],"predecessor-version":[{"id":54929,"href":"https:\/\/blogopara.com.br\/index.php\/wp-json\/wp\/v2\/posts\/54927\/revisions\/54929"}],"wp:featuredmedia":[{"embeddable":true,"href":"https:\/\/blogopara.com.br\/index.php\/wp-json\/wp\/v2\/media\/54928"}],"wp:attachment":[{"href":"https:\/\/blogopara.com.br\/index.php\/wp-json\/wp\/v2\/media?parent=54927"}],"wp:term":[{"taxonomy":"category","embeddable":true,"href":"https:\/\/blogopara.com.br\/index.php\/wp-json\/wp\/v2\/categories?post=54927"},{"taxonomy":"post_tag","embeddable":true,"href":"https:\/\/blogopara.com.br\/index.php\/wp-json\/wp\/v2\/tags?post=54927"}],"curies":[{"name":"wp","href":"https:\/\/api.w.org\/{rel}","templated":true}]}}