{"id":54953,"date":"2023-07-15T07:04:00","date_gmt":"2023-07-15T10:04:00","guid":{"rendered":"https:\/\/blogopara.com.br\/?p=54953"},"modified":"2023-07-14T12:13:58","modified_gmt":"2023-07-14T15:13:58","slug":"aberta-inscricao-para-processo-seletivo-dos-membros-do-conselho-tutelar-de-juazeiro","status":"publish","type":"post","link":"https:\/\/blogopara.com.br\/index.php\/2023\/07\/15\/aberta-inscricao-para-processo-seletivo-dos-membros-do-conselho-tutelar-de-juazeiro","title":{"rendered":"Aberta inscri\u00e7\u00e3o para Processo Seletivo dos membros do Conselho Tutelar de Juazeiro"},"content":{"rendered":"<p class=\"x_MsoNormal\" style=\"text-align: justify;\">O Conselho Municipal dos Direitos da Crian\u00e7a e do Adolescente (CMDCA) abriu nesta sexta-feira (14) a inscri\u00e7\u00e3o para candidatos interessados em participarem do processo seletivo para membro do Conselho Tutelar. O prazo de inscri\u00e7\u00e3o segue at\u00e9 a quarta-feira (19), e os candidatos precisam seguir requisitos fundamentais para a candidatura, dispon\u00edveis no edital lan\u00e7ado no Di\u00e1rio Oficial do Munic\u00edpio desta quinta-feira (13) (<a id=\"LPlnk832075\" href=\"https:\/\/doem.org.br\/ba\/juazeiro\/diarios\/previsualizar\/OjeKgBNB\" target=\"_blank\" rel=\"noopener noreferrer\" data-auth=\"NotApplicable\" data-linkindex=\"0\">https:\/\/doem.org.br\/ba\/juazeiro\/diarios\/previsualizar\/OjeKgBNB<\/a>).<\/p>\n<p class=\"x_MsoNormal\" style=\"text-align: justify;\">A inscri\u00e7\u00e3o pode ser feita pelo link dispon\u00edvel no Di\u00e1rio Oficial e tamb\u00e9m no site da prefeitura. O processo seletivo para conselheiros tutelares ser\u00e1 composto por quatro etapas. Outras informa\u00e7\u00f5es est\u00e3o dispon\u00edveis no edital.<\/p>\n<p class=\"x_MsoNormal\" style=\"text-align: justify;\">O Conselho Tutelar<\/p>\n<p class=\"x_MsoNormal\" style=\"text-align: justify;\">\u00c9 \u00f3rg\u00e3o permanente e aut\u00f4nomo, n\u00e3o jurisdicional, encarregado pela sociedade de zelar pelo cumprimento dos direitos da Crian\u00e7a e do Adolescente, sendo composto por cinco membros, escolhidos pela comunidade local para mandado de quatro anos.<\/p>\n<p class=\"x_MsoNormal\" style=\"text-align: justify;\">.<\/p>\n","protected":false},"excerpt":{"rendered":"<p>O Conselho Municipal dos Direitos da Crian\u00e7a e do Adolescente (CMDCA) abriu nesta sexta-feira (14) a inscri\u00e7\u00e3o para candidatos interessados em participarem do processo seletivo para membro do Conselho Tutelar. O prazo de inscri\u00e7\u00e3o segue at\u00e9 a quarta-feira (19), e os candidatos precisam seguir requisitos fundamentais para a candidatura, dispon\u00edveis no edital lan\u00e7ado no Di\u00e1rio [&hellip;]<\/p>\n","protected":false},"author":1,"featured_media":54955,"comment_status":"closed","ping_status":"open","sticky":false,"template":"","format":"standard","meta":{"_uag_custom_page_level_css":"","_monsterinsights_skip_tracking":false,"_monsterinsights_sitenote_active":false,"_monsterinsights_sitenote_note":"","_monsterinsights_sitenote_category":0,"jetpack_post_was_ever_published":false,"_jetpack_newsletter_access":"","_jetpack_dont_email_post_to_subs":false,"_jetpack_newsletter_tier_id":0,"_jetpack_memberships_contains_paywalled_content":false,"_jetpack_memberships_contains_paid_content":false,"footnotes":"","jetpack_publicize_message":"","jetpack_publicize_feature_enabled":true,"jetpack_social_post_already_shared":true,"jetpack_social_options":{"image_generator_settings":{"template":"highway","default_image_id":0,"font":"","enabled":false},"version":2}},"categories":[1504],"tags":[],"class_list":["post-54953","post","type-post","status-publish","format-standard","has-post-thumbnail","hentry","category-comunidade"],"jetpack_publicize_connections":[],"jetpack_featured_media_url":"https:\/\/blogopara.com.br\/wp-content\/uploads\/2023\/07\/casa-dos-conselhos.jpeg","uagb_featured_image_src":{"full":["https:\/\/blogopara.com.br\/wp-content\/uploads\/2023\/07\/casa-dos-conselhos.jpeg",500,333,false],"thumbnail":["https:\/\/blogopara.com.br\/wp-content\/uploads\/2023\/07\/casa-dos-conselhos-150x150.jpeg",150,150,true],"medium":["https:\/\/blogopara.com.br\/wp-content\/uploads\/2023\/07\/casa-dos-conselhos-300x200.jpeg",300,200,true],"medium_large":["https:\/\/blogopara.com.br\/wp-content\/uploads\/2023\/07\/casa-dos-conselhos.jpeg",500,333,false],"large":["https:\/\/blogopara.com.br\/wp-content\/uploads\/2023\/07\/casa-dos-conselhos.jpeg",500,333,false],"1536x1536":["https:\/\/blogopara.com.br\/wp-content\/uploads\/2023\/07\/casa-dos-conselhos.jpeg",500,333,false],"2048x2048":["https:\/\/blogopara.com.br\/wp-content\/uploads\/2023\/07\/casa-dos-conselhos.jpeg",500,333,false],"mantranews-slider-large":["https:\/\/blogopara.com.br\/wp-content\/uploads\/2023\/07\/casa-dos-conselhos.jpeg",500,333,false],"mantranews-featured-medium":["https:\/\/blogopara.com.br\/wp-content\/uploads\/2023\/07\/casa-dos-conselhos-420x307.jpeg",420,307,true],"mantranews-featured-long":["https:\/\/blogopara.com.br\/wp-content\/uploads\/2023\/07\/casa-dos-conselhos-300x333.jpeg",300,333,true],"mantranews-block-medium":["https:\/\/blogopara.com.br\/wp-content\/uploads\/2023\/07\/casa-dos-conselhos-464x290.jpeg",464,290,true],"mantranews-carousel-image":["https:\/\/blogopara.com.br\/wp-content\/uploads\/2023\/07\/casa-dos-conselhos.jpeg",500,333,false],"mantranews-block-thumb":["https:\/\/blogopara.com.br\/wp-content\/uploads\/2023\/07\/casa-dos-conselhos-322x230.jpeg",322,230,true],"mantranews-single-large":["https:\/\/blogopara.com.br\/wp-content\/uploads\/2023\/07\/casa-dos-conselhos.jpeg",500,333,false]},"uagb_author_info":{"display_name":"Reda\u00e7\u00e3o geral","author_link":"https:\/\/blogopara.com.br\/index.php\/author\/blogopara"},"uagb_comment_info":0,"uagb_excerpt":"O Conselho Municipal dos Direitos da Crian\u00e7a e do Adolescente (CMDCA) abriu nesta sexta-feira (14) a inscri\u00e7\u00e3o para candidatos interessados em participarem do processo seletivo para membro do Conselho Tutelar. O prazo de inscri\u00e7\u00e3o segue at\u00e9 a quarta-feira (19), e os candidatos precisam seguir requisitos fundamentais para a candidatura, dispon\u00edveis no edital lan\u00e7ado no Di\u00e1rio&hellip;","jetpack_sharing_enabled":true,"jetpack_likes_enabled":true,"_links":{"self":[{"href":"https:\/\/blogopara.com.br\/index.php\/wp-json\/wp\/v2\/posts\/54953","targetHints":{"allow":["GET"]}}],"collection":[{"href":"https:\/\/blogopara.com.br\/index.php\/wp-json\/wp\/v2\/posts"}],"about":[{"href":"https:\/\/blogopara.com.br\/index.php\/wp-json\/wp\/v2\/types\/post"}],"author":[{"embeddable":true,"href":"https:\/\/blogopara.com.br\/index.php\/wp-json\/wp\/v2\/users\/1"}],"replies":[{"embeddable":true,"href":"https:\/\/blogopara.com.br\/index.php\/wp-json\/wp\/v2\/comments?post=54953"}],"version-history":[{"count":1,"href":"https:\/\/blogopara.com.br\/index.php\/wp-json\/wp\/v2\/posts\/54953\/revisions"}],"predecessor-version":[{"id":54956,"href":"https:\/\/blogopara.com.br\/index.php\/wp-json\/wp\/v2\/posts\/54953\/revisions\/54956"}],"wp:featuredmedia":[{"embeddable":true,"href":"https:\/\/blogopara.com.br\/index.php\/wp-json\/wp\/v2\/media\/54955"}],"wp:attachment":[{"href":"https:\/\/blogopara.com.br\/index.php\/wp-json\/wp\/v2\/media?parent=54953"}],"wp:term":[{"taxonomy":"category","embeddable":true,"href":"https:\/\/blogopara.com.br\/index.php\/wp-json\/wp\/v2\/categories?post=54953"},{"taxonomy":"post_tag","embeddable":true,"href":"https:\/\/blogopara.com.br\/index.php\/wp-json\/wp\/v2\/tags?post=54953"}],"curies":[{"name":"wp","href":"https:\/\/api.w.org\/{rel}","templated":true}]}}