{"id":54963,"date":"2023-07-15T17:19:00","date_gmt":"2023-07-15T20:19:00","guid":{"rendered":"https:\/\/blogopara.com.br\/?p=54963"},"modified":"2023-07-14T12:21:15","modified_gmt":"2023-07-14T15:21:15","slug":"em-comemoracao-aos-145-anos-de-juazeiro-prefeitura-lanca-curso-gratuito-de-alfabetizacao-e-letramento-digital","status":"publish","type":"post","link":"https:\/\/blogopara.com.br\/index.php\/2023\/07\/15\/em-comemoracao-aos-145-anos-de-juazeiro-prefeitura-lanca-curso-gratuito-de-alfabetizacao-e-letramento-digital","title":{"rendered":"Em comemora\u00e7\u00e3o aos 145 anos de Juazeiro prefeitura lan\u00e7a curso gratuito de Alfabetiza\u00e7\u00e3o e Letramento Digital"},"content":{"rendered":"<p class=\"x_MsoNormal\" style=\"text-align: justify;\">Em mais uma agenda comemorativa aos 145 anos de Juazeiro, celebrado no dia 15 de julho, a Prefeitura de Juazeiro, por meio da Secretaria de Cultura, Turismo e Esporte (Seculte), lan\u00e7ou na noite desta quinta-feira (13), o Curso de Alfabetiza\u00e7\u00e3o e Letramento Digital voltado para crian\u00e7as e adolescentes e adultos. A solenidade de lan\u00e7amento aconteceu na Pra\u00e7a Alan Cleber Souza Dantas, conhecida como Pra\u00e7a CEU, localizada na Rua Para\u00edso, bairro Tabuleiro.<\/p>\n<p class=\"x_MsoNormal\" style=\"text-align: justify;\">Segundo o secret\u00e1rio de Cultura, Turismo e Esporte, S\u00e9rgio Fernandes, o curso que tem como objetivo promover a inclus\u00e3o digital e o desenvolvimento de habilidades tecnol\u00f3gicas, \u00e9 tamb\u00e9m a realiza\u00e7\u00e3o de um sonho da comunidade do Tabuleiro. &#8220;Queremos proporcionar \u00e0s pessoas a oportunidade de adquirir conhecimentos e habilidades no mundo digital. A alfabetiza\u00e7\u00e3o e o letramento digital s\u00e3o fundamentais nos dias de hoje. Estamos felizes em poder entregar essa iniciativa que atender\u00e1 mais de oitenta jovens e adolescentes, e com a possibilidade de estender o programa para os idosos&#8221;, afirmou o secret\u00e1rio.<\/p>\n<p class=\"x_MsoNormal\" style=\"text-align: justify;\">Reginaldo Medrado, coordenador geral do N\u00facleo de Tecnologia Municipal, ressaltou a import\u00e2ncia da iniciativa para o bairro. &#8220;Os cursos ser\u00e3o realizados nos meses de setembro, outubro e novembro, com carga hor\u00e1ria total de quarenta horas. O primeiro curso a ser ministrado ser\u00e1 o de alfabetiza\u00e7\u00e3o e cultura digital, com duas turmas pela manh\u00e3, tr\u00eas \u00e0 tarde e duas \u00e0 noite. Em breve teremos demais turmas dos cursos de rob\u00f3tica aplicada e m\u00eddias eletr\u00f4nicas\u201d, disse o coordenador.<\/p>\n<p class=\"x_MsoNormal\" style=\"text-align: justify;\">O curso<\/p>\n<p class=\"x_MsoNormal\" style=\"text-align: justify;\">Destinado a crian\u00e7as, adolescentes e adultos, o curso visa proporcionar o aprendizado b\u00e1sico de inform\u00e1tica, manuseio de computadores, cria\u00e7\u00e3o de v\u00eddeos e acesso \u00e0 internet. As aulas ser\u00e3o ministradas nos tr\u00eas turnos: manh\u00e3, tarde e noite, a fim de atender \u00e0s necessidades dos participantes. As inscri\u00e7\u00f5es ainda est\u00e3o abertas e podem ser realizadas na Pra\u00e7a Alan Cleber Souza Dantas, das 8h \u00e0s 17h. Os interessados devem apresentar RG, CPF e comprovante de endere\u00e7o no ato da inscri\u00e7\u00e3o.<\/p>\n<p class=\"x_MsoNormal\" style=\"text-align: justify;\">Parceria<\/p>\n<p class=\"x_MsoNormal\" style=\"text-align: justify;\">A iniciativa \u00e9 uma parceria entre a Seculte, as Secretarias de Desenvolvimento Social, Mulher e Diversidade (Sedes), de Educa\u00e7\u00e3o e Juventude (Seduc), o grupo gestor da Pra\u00e7a CEU e a Universidade Federal do Vale do S\u00e3o Francisco (Univasf). Essa uni\u00e3o de esfor\u00e7os demonstra o compromisso das institui\u00e7\u00f5es em promover a inclus\u00e3o social e a forma\u00e7\u00e3o cidad\u00e3 por meio da alfabetiza\u00e7\u00e3o e letramento digital.<\/p>\n<p class=\"x_MsoNormal\" style=\"text-align: justify;\">Participaram ainda do evento a vereadora Neguinha da Santa Casa, funcion\u00e1rios das secretarias municipais envolvidas, representantes do Grupo Gestor da Pra\u00e7a, comunidade e sociedade civil.<\/p>\n","protected":false},"excerpt":{"rendered":"<p>Em mais uma agenda comemorativa aos 145 anos de Juazeiro, celebrado no dia 15 de julho, a Prefeitura de Juazeiro, por meio da Secretaria de Cultura, Turismo e Esporte (Seculte), lan\u00e7ou na noite desta quinta-feira (13), o Curso de Alfabetiza\u00e7\u00e3o e Letramento Digital voltado para crian\u00e7as e adolescentes e adultos. A solenidade de lan\u00e7amento aconteceu [&hellip;]<\/p>\n","protected":false},"author":1,"featured_media":54964,"comment_status":"closed","ping_status":"open","sticky":false,"template":"","format":"standard","meta":{"_uag_custom_page_level_css":"","_monsterinsights_skip_tracking":false,"_monsterinsights_sitenote_active":false,"_monsterinsights_sitenote_note":"","_monsterinsights_sitenote_category":0,"jetpack_post_was_ever_published":false,"_jetpack_newsletter_access":"","_jetpack_dont_email_post_to_subs":false,"_jetpack_newsletter_tier_id":0,"_jetpack_memberships_contains_paywalled_content":false,"_jetpack_memberships_contains_paid_content":false,"footnotes":"","jetpack_publicize_message":"","jetpack_publicize_feature_enabled":true,"jetpack_social_post_already_shared":true,"jetpack_social_options":{"image_generator_settings":{"template":"highway","default_image_id":0,"font":"","enabled":false},"version":2}},"categories":[203],"tags":[],"class_list":["post-54963","post","type-post","status-publish","format-standard","has-post-thumbnail","hentry","category-juazeiro"],"jetpack_publicize_connections":[],"jetpack_featured_media_url":"https:\/\/blogopara.com.br\/wp-content\/uploads\/2023\/07\/thumbnail_WhatsApp-Image-2023-07-14-at-04.50.53.jpg","uagb_featured_image_src":{"full":["https:\/\/blogopara.com.br\/wp-content\/uploads\/2023\/07\/thumbnail_WhatsApp-Image-2023-07-14-at-04.50.53.jpg",500,333,false],"thumbnail":["https:\/\/blogopara.com.br\/wp-content\/uploads\/2023\/07\/thumbnail_WhatsApp-Image-2023-07-14-at-04.50.53-150x150.jpg",150,150,true],"medium":["https:\/\/blogopara.com.br\/wp-content\/uploads\/2023\/07\/thumbnail_WhatsApp-Image-2023-07-14-at-04.50.53-300x200.jpg",300,200,true],"medium_large":["https:\/\/blogopara.com.br\/wp-content\/uploads\/2023\/07\/thumbnail_WhatsApp-Image-2023-07-14-at-04.50.53.jpg",500,333,false],"large":["https:\/\/blogopara.com.br\/wp-content\/uploads\/2023\/07\/thumbnail_WhatsApp-Image-2023-07-14-at-04.50.53.jpg",500,333,false],"1536x1536":["https:\/\/blogopara.com.br\/wp-content\/uploads\/2023\/07\/thumbnail_WhatsApp-Image-2023-07-14-at-04.50.53.jpg",500,333,false],"2048x2048":["https:\/\/blogopara.com.br\/wp-content\/uploads\/2023\/07\/thumbnail_WhatsApp-Image-2023-07-14-at-04.50.53.jpg",500,333,false],"mantranews-slider-large":["https:\/\/blogopara.com.br\/wp-content\/uploads\/2023\/07\/thumbnail_WhatsApp-Image-2023-07-14-at-04.50.53.jpg",500,333,false],"mantranews-featured-medium":["https:\/\/blogopara.com.br\/wp-content\/uploads\/2023\/07\/thumbnail_WhatsApp-Image-2023-07-14-at-04.50.53-420x307.jpg",420,307,true],"mantranews-featured-long":["https:\/\/blogopara.com.br\/wp-content\/uploads\/2023\/07\/thumbnail_WhatsApp-Image-2023-07-14-at-04.50.53-300x333.jpg",300,333,true],"mantranews-block-medium":["https:\/\/blogopara.com.br\/wp-content\/uploads\/2023\/07\/thumbnail_WhatsApp-Image-2023-07-14-at-04.50.53-464x290.jpg",464,290,true],"mantranews-carousel-image":["https:\/\/blogopara.com.br\/wp-content\/uploads\/2023\/07\/thumbnail_WhatsApp-Image-2023-07-14-at-04.50.53.jpg",500,333,false],"mantranews-block-thumb":["https:\/\/blogopara.com.br\/wp-content\/uploads\/2023\/07\/thumbnail_WhatsApp-Image-2023-07-14-at-04.50.53-322x230.jpg",322,230,true],"mantranews-single-large":["https:\/\/blogopara.com.br\/wp-content\/uploads\/2023\/07\/thumbnail_WhatsApp-Image-2023-07-14-at-04.50.53.jpg",500,333,false]},"uagb_author_info":{"display_name":"Reda\u00e7\u00e3o geral","author_link":"https:\/\/blogopara.com.br\/index.php\/author\/blogopara"},"uagb_comment_info":0,"uagb_excerpt":"Em mais uma agenda comemorativa aos 145 anos de Juazeiro, celebrado no dia 15 de julho, a Prefeitura de Juazeiro, por meio da Secretaria de Cultura, Turismo e Esporte (Seculte), lan\u00e7ou na noite desta quinta-feira (13), o Curso de Alfabetiza\u00e7\u00e3o e Letramento Digital voltado para crian\u00e7as e adolescentes e adultos. A solenidade de lan\u00e7amento aconteceu&hellip;","jetpack_sharing_enabled":true,"jetpack_likes_enabled":true,"_links":{"self":[{"href":"https:\/\/blogopara.com.br\/index.php\/wp-json\/wp\/v2\/posts\/54963","targetHints":{"allow":["GET"]}}],"collection":[{"href":"https:\/\/blogopara.com.br\/index.php\/wp-json\/wp\/v2\/posts"}],"about":[{"href":"https:\/\/blogopara.com.br\/index.php\/wp-json\/wp\/v2\/types\/post"}],"author":[{"embeddable":true,"href":"https:\/\/blogopara.com.br\/index.php\/wp-json\/wp\/v2\/users\/1"}],"replies":[{"embeddable":true,"href":"https:\/\/blogopara.com.br\/index.php\/wp-json\/wp\/v2\/comments?post=54963"}],"version-history":[{"count":1,"href":"https:\/\/blogopara.com.br\/index.php\/wp-json\/wp\/v2\/posts\/54963\/revisions"}],"predecessor-version":[{"id":54965,"href":"https:\/\/blogopara.com.br\/index.php\/wp-json\/wp\/v2\/posts\/54963\/revisions\/54965"}],"wp:featuredmedia":[{"embeddable":true,"href":"https:\/\/blogopara.com.br\/index.php\/wp-json\/wp\/v2\/media\/54964"}],"wp:attachment":[{"href":"https:\/\/blogopara.com.br\/index.php\/wp-json\/wp\/v2\/media?parent=54963"}],"wp:term":[{"taxonomy":"category","embeddable":true,"href":"https:\/\/blogopara.com.br\/index.php\/wp-json\/wp\/v2\/categories?post=54963"},{"taxonomy":"post_tag","embeddable":true,"href":"https:\/\/blogopara.com.br\/index.php\/wp-json\/wp\/v2\/tags?post=54963"}],"curies":[{"name":"wp","href":"https:\/\/api.w.org\/{rel}","templated":true}]}}