{"id":55039,"date":"2023-07-17T11:09:00","date_gmt":"2023-07-17T14:09:00","guid":{"rendered":"https:\/\/blogopara.com.br\/?p=55039"},"modified":"2023-07-16T22:21:07","modified_gmt":"2023-07-17T01:21:07","slug":"passagens-a-r-200-programa-do-governo-vai-oferecer-15-milhao-de-vendas-por-mes-diz-ministro","status":"publish","type":"post","link":"https:\/\/blogopara.com.br\/index.php\/2023\/07\/17\/passagens-a-r-200-programa-do-governo-vai-oferecer-15-milhao-de-vendas-por-mes-diz-ministro","title":{"rendered":"Passagens a R$ 200: Programa do governo vai oferecer 1,5 milh\u00e3o de vendas por m\u00eas, diz ministro"},"content":{"rendered":"<p style=\"text-align: justify;\">O governo de Luiz In\u00e1cio Lula da Silva est\u00e1 estimando a oferta de 1,5 milh\u00e3o de passagens a\u00e9reas por m\u00eas a pre\u00e7os de R$ 200 com o programa batizado de \u2018Voa Brasil\u2019. O ministro de Portos e Aeroportos, M\u00e1rcio Fran\u00e7a, apresentou os n\u00fameros na \u00faltima quinta-feira, ao participar de uma palestra sobre a agenda da pasta, na Universidade do Estado do Rio de Janeiro (UERJ).<\/p>\n<p style=\"text-align: justify;\">A previs\u00e3o \u00e9 que o programa seja apresentado e lan\u00e7ado oficialmente em agosto. Fran\u00e7a est\u00e1 acertando com o Planalto os \u00faltimos detalhes.<\/p>\n<p style=\"text-align: justify;\">\u2014 Esse programa tem capacidade e n\u00f3s estamos falando de 1,5 milh\u00e3o de passagens ao m\u00eas, que poder\u00edamos chegar, de trechos. E n\u00f3s vamos chegar gradualmente \u2014 apontou o ministro.<\/p>\n<p style=\"text-align: justify;\">Ele tamb\u00e9m confirmou, durante a apresenta\u00e7\u00e3o da UERJ, a participa\u00e7\u00e3o das tr\u00eas maiores empresas a\u00e9reas com voos dom\u00e9sticos no Brasil: Latam, Gol e Azul.<\/p>\n<p style=\"text-align: justify;\">Veja os detalhes j\u00e1 anunciados:<\/p>\n<p style=\"text-align: justify;\">O programa ser\u00e1 iniciado com aposentados e pensionistas;<\/p>\n<p style=\"text-align: justify;\">Servidores p\u00fablicos devem entrar na lista inicial e, posteriormente, dever\u00e1 ser aberto para outros p\u00fablicos;<\/p>\n<p style=\"text-align: justify;\">Uma \u00fanica pessoa s\u00f3 poder\u00e1 comprar at\u00e9 quatro trechos. Ou seja, duas idas e duas voltas;<\/p>\n<p style=\"text-align: justify;\">Cada trecho ter\u00e1 o curso de R$ 200;<\/p>\n<p style=\"text-align: justify;\">N\u00e3o participa do programa quem viajou nos \u00faltimos 12 meses imediatamente anteriores;<\/p>\n<p style=\"text-align: justify;\">A justificativa \u00e9 abranger para o p\u00fablico que n\u00e3o tem costuma viajar por transporte a\u00e9reo;<\/p>\n<p style=\"text-align: justify;\">Para isso, o governo vai rastrear por CPF quem fez ou n\u00e3o viagens no per\u00edodo citado.<\/p>\n<p><em>Fonte: Blog do Edenevaldo Alves<\/em><\/p>\n","protected":false},"excerpt":{"rendered":"<p>O governo de Luiz In\u00e1cio Lula da Silva est\u00e1 estimando a oferta de 1,5 milh\u00e3o de passagens a\u00e9reas por m\u00eas a pre\u00e7os de R$ 200 com o programa batizado de \u2018Voa Brasil\u2019. O ministro de Portos e Aeroportos, M\u00e1rcio Fran\u00e7a, apresentou os n\u00fameros na \u00faltima quinta-feira, ao participar de uma palestra sobre a agenda da [&hellip;]<\/p>\n","protected":false},"author":1,"featured_media":55040,"comment_status":"closed","ping_status":"open","sticky":false,"template":"","format":"standard","meta":{"_uag_custom_page_level_css":"","_monsterinsights_skip_tracking":false,"_monsterinsights_sitenote_active":false,"_monsterinsights_sitenote_note":"","_monsterinsights_sitenote_category":0,"jetpack_post_was_ever_published":false,"_jetpack_newsletter_access":"","_jetpack_dont_email_post_to_subs":false,"_jetpack_newsletter_tier_id":0,"_jetpack_memberships_contains_paywalled_content":false,"_jetpack_memberships_contains_paid_content":false,"footnotes":"","jetpack_publicize_message":"","jetpack_publicize_feature_enabled":true,"jetpack_social_post_already_shared":true,"jetpack_social_options":{"image_generator_settings":{"template":"highway","default_image_id":0,"font":"","enabled":false},"version":2}},"categories":[200],"tags":[14,2886,2839,10956],"class_list":["post-55039","post","type-post","status-publish","format-standard","has-post-thumbnail","hentry","category-brasil","tag-brasil","tag-governo-federal","tag-programa","tag-voa-brasil"],"jetpack_publicize_connections":[],"jetpack_featured_media_url":"https:\/\/blogopara.com.br\/wp-content\/uploads\/2023\/07\/lula-e-marcio-franca-1-814565-e1689556441935.webp","uagb_featured_image_src":{"full":["https:\/\/blogopara.com.br\/wp-content\/uploads\/2023\/07\/lula-e-marcio-franca-1-814565-e1689556441935.webp",502,334,false],"thumbnail":["https:\/\/blogopara.com.br\/wp-content\/uploads\/2023\/07\/lula-e-marcio-franca-1-814565-e1689556441935-150x150.webp",150,150,true],"medium":["https:\/\/blogopara.com.br\/wp-content\/uploads\/2023\/07\/lula-e-marcio-franca-1-814565-e1689556441935-300x200.webp",300,200,true],"medium_large":["https:\/\/blogopara.com.br\/wp-content\/uploads\/2023\/07\/lula-e-marcio-franca-1-814565-e1689556441935.webp",502,334,false],"large":["https:\/\/blogopara.com.br\/wp-content\/uploads\/2023\/07\/lula-e-marcio-franca-1-814565-e1689556441935.webp",502,334,false],"1536x1536":["https:\/\/blogopara.com.br\/wp-content\/uploads\/2023\/07\/lula-e-marcio-franca-1-814565-e1689556441935.webp",502,334,false],"2048x2048":["https:\/\/blogopara.com.br\/wp-content\/uploads\/2023\/07\/lula-e-marcio-franca-1-814565-e1689556441935.webp",502,334,false],"mantranews-slider-large":["https:\/\/blogopara.com.br\/wp-content\/uploads\/2023\/07\/lula-e-marcio-franca-1-814565-e1689556441935.webp",502,334,false],"mantranews-featured-medium":["https:\/\/blogopara.com.br\/wp-content\/uploads\/2023\/07\/lula-e-marcio-franca-1-814565-e1689556441935-420x307.webp",420,307,true],"mantranews-featured-long":["https:\/\/blogopara.com.br\/wp-content\/uploads\/2023\/07\/lula-e-marcio-franca-1-814565-e1689556441935-300x334.webp",300,334,true],"mantranews-block-medium":["https:\/\/blogopara.com.br\/wp-content\/uploads\/2023\/07\/lula-e-marcio-franca-1-814565-e1689556441935-464x290.webp",464,290,true],"mantranews-carousel-image":["https:\/\/blogopara.com.br\/wp-content\/uploads\/2023\/07\/lula-e-marcio-franca-1-814565-600x405.webp",600,405,true],"mantranews-block-thumb":["https:\/\/blogopara.com.br\/wp-content\/uploads\/2023\/07\/lula-e-marcio-franca-1-814565-e1689556441935-322x230.webp",322,230,true],"mantranews-single-large":["https:\/\/blogopara.com.br\/wp-content\/uploads\/2023\/07\/lula-e-marcio-franca-1-814565-e1689556441935.webp",502,334,false]},"uagb_author_info":{"display_name":"Reda\u00e7\u00e3o geral","author_link":"https:\/\/blogopara.com.br\/index.php\/author\/blogopara"},"uagb_comment_info":0,"uagb_excerpt":"O governo de Luiz In\u00e1cio Lula da Silva est\u00e1 estimando a oferta de 1,5 milh\u00e3o de passagens a\u00e9reas por m\u00eas a pre\u00e7os de R$ 200 com o programa batizado de \u2018Voa Brasil\u2019. O ministro de Portos e Aeroportos, M\u00e1rcio Fran\u00e7a, apresentou os n\u00fameros na \u00faltima quinta-feira, ao participar de uma palestra sobre a agenda da&hellip;","jetpack_sharing_enabled":true,"jetpack_likes_enabled":true,"_links":{"self":[{"href":"https:\/\/blogopara.com.br\/index.php\/wp-json\/wp\/v2\/posts\/55039","targetHints":{"allow":["GET"]}}],"collection":[{"href":"https:\/\/blogopara.com.br\/index.php\/wp-json\/wp\/v2\/posts"}],"about":[{"href":"https:\/\/blogopara.com.br\/index.php\/wp-json\/wp\/v2\/types\/post"}],"author":[{"embeddable":true,"href":"https:\/\/blogopara.com.br\/index.php\/wp-json\/wp\/v2\/users\/1"}],"replies":[{"embeddable":true,"href":"https:\/\/blogopara.com.br\/index.php\/wp-json\/wp\/v2\/comments?post=55039"}],"version-history":[{"count":1,"href":"https:\/\/blogopara.com.br\/index.php\/wp-json\/wp\/v2\/posts\/55039\/revisions"}],"predecessor-version":[{"id":55041,"href":"https:\/\/blogopara.com.br\/index.php\/wp-json\/wp\/v2\/posts\/55039\/revisions\/55041"}],"wp:featuredmedia":[{"embeddable":true,"href":"https:\/\/blogopara.com.br\/index.php\/wp-json\/wp\/v2\/media\/55040"}],"wp:attachment":[{"href":"https:\/\/blogopara.com.br\/index.php\/wp-json\/wp\/v2\/media?parent=55039"}],"wp:term":[{"taxonomy":"category","embeddable":true,"href":"https:\/\/blogopara.com.br\/index.php\/wp-json\/wp\/v2\/categories?post=55039"},{"taxonomy":"post_tag","embeddable":true,"href":"https:\/\/blogopara.com.br\/index.php\/wp-json\/wp\/v2\/tags?post=55039"}],"curies":[{"name":"wp","href":"https:\/\/api.w.org\/{rel}","templated":true}]}}