{"id":55087,"date":"2023-07-18T10:37:00","date_gmt":"2023-07-18T13:37:00","guid":{"rendered":"https:\/\/blogopara.com.br\/?p=55087"},"modified":"2023-07-17T16:38:30","modified_gmt":"2023-07-17T19:38:30","slug":"prefeitura-de-juazeiro-anuncia-o-investimento-de-mais-r-1-milhao-na-reforma-e-ampliacao-da-ubs-de-massaroca","status":"publish","type":"post","link":"https:\/\/blogopara.com.br\/index.php\/2023\/07\/18\/prefeitura-de-juazeiro-anuncia-o-investimento-de-mais-r-1-milhao-na-reforma-e-ampliacao-da-ubs-de-massaroca","title":{"rendered":"Prefeitura de Juazeiro anuncia o investimento de mais R$ 1 milh\u00e3o na reforma e amplia\u00e7\u00e3o da UBS de Massaroca"},"content":{"rendered":"<p style=\"text-align: justify;\">Mais uma Unidade B\u00e1sica de Sa\u00fade (UBS) ser\u00e1 entregue \u00e0 popula\u00e7\u00e3o de Juazeiro completamente reestruturada. Ap\u00f3s 11 anos, o pr\u00e9dio da UBS de Massaroca ser\u00e1 reformado e ampliado, pela Prefeitura Municipal, por meio da Secretaria de Sa\u00fade (Sesau), para oferecer uma estrutura de qualidade para os moradores do distrito.<br aria-hidden=\"true\" \/><br aria-hidden=\"true\" \/>A prefeita Suzana Ramos comemorou essa importante conquista. \u201cEssa obra \u00e9 um sonho antigo da comunidade, t\u00ednhamos como compromisso realizar esse sonho e estamos honrando esse compromisso. J\u00e1 entregamos 13 unidades completamente reformadas e agora chegou a vez de Massaroca. L\u00e1 faremos um investimento de cerca de R$ 1 milh\u00e3o, para reestruturar todo o espa\u00e7o. \u00c9 uma alegria ver o resultado do trabalho mudando para melhor a vida da nossa gente\u201d, afirmou a prefeita.<br aria-hidden=\"true\" \/><br aria-hidden=\"true\" \/>Segundo o secret\u00e1rio de Sa\u00fade, Allan Jones, o pr\u00e9dio apresenta graves problemas de infraestrutura e por isso precisar\u00e1 passar por uma grande obra. \u201cNossa equipe fez uma avalia\u00e7\u00e3o detalhada e encontrou uma estrutura completamente deteriorada, afinal foram 11 anos sem a devida manuten\u00e7\u00e3o. Atualmente, a unidade que realiza uma m\u00e9dia de 600 atendimentos por m\u00eas, est\u00e1 funcionando em outro espa\u00e7o. Tenho certeza que com essa importante interven\u00e7\u00e3o realizada atrav\u00e9s da gest\u00e3o da nossa prefeita Suzana Ramos, vamos potencializar a assist\u00eancia em sa\u00fade da comunidade\u201d, explicou Allan Jones.<br aria-hidden=\"true\" \/><br aria-hidden=\"true\" \/><b>Obra<\/b><br aria-hidden=\"true\" \/>A nova estrutura da UBS disponibilizar\u00e1 salas para: triagem, aplica\u00e7\u00e3o de vacinas, farm\u00e1cia, curativos e pequenos procedimentos. Tamb\u00e9m ter\u00e1 consult\u00f3rio m\u00e9dico, odontol\u00f3gico e de enfermagem. Mais duas salas destinadas \u00e0s equipes do N\u00facleo de Apoio \u00e0 Sa\u00fade da Fam\u00edlia (NASF) e de Endemias. Al\u00e9m de uma recep\u00e7\u00e3o maior e \u00e1rea externa com jardim.<br aria-hidden=\"true\" \/><br aria-hidden=\"true\" \/>Nesta sexta-feira (14), foi publicada no Di\u00e1rio Oficial do Munic\u00edpio (Doem) a tomada de pre\u00e7o (006\/2023) da licita\u00e7\u00e3o para contrata\u00e7\u00e3o da empresa especializada em servi\u00e7os de engenharia para execu\u00e7\u00e3o do projeto.<\/p>\n","protected":false},"excerpt":{"rendered":"<p>Mais uma Unidade B\u00e1sica de Sa\u00fade (UBS) ser\u00e1 entregue \u00e0 popula\u00e7\u00e3o de Juazeiro completamente reestruturada. Ap\u00f3s 11 anos, o pr\u00e9dio da UBS de Massaroca ser\u00e1 reformado e ampliado, pela Prefeitura Municipal, por meio da Secretaria de Sa\u00fade (Sesau), para oferecer uma estrutura de qualidade para os moradores do distrito.A prefeita Suzana Ramos comemorou essa importante [&hellip;]<\/p>\n","protected":false},"author":1,"featured_media":55088,"comment_status":"closed","ping_status":"open","sticky":false,"template":"","format":"standard","meta":{"_uag_custom_page_level_css":"","_monsterinsights_skip_tracking":false,"_monsterinsights_sitenote_active":false,"_monsterinsights_sitenote_note":"","_monsterinsights_sitenote_category":0,"jetpack_post_was_ever_published":false,"_jetpack_newsletter_access":"","_jetpack_dont_email_post_to_subs":false,"_jetpack_newsletter_tier_id":0,"_jetpack_memberships_contains_paywalled_content":false,"_jetpack_memberships_contains_paid_content":false,"footnotes":"","jetpack_publicize_message":"","jetpack_publicize_feature_enabled":true,"jetpack_social_post_already_shared":true,"jetpack_social_options":{"image_generator_settings":{"template":"highway","default_image_id":0,"font":"","enabled":false},"version":2}},"categories":[205],"tags":[],"class_list":["post-55087","post","type-post","status-publish","format-standard","has-post-thumbnail","hentry","category-saude"],"jetpack_publicize_connections":[],"jetpack_featured_media_url":"https:\/\/blogopara.com.br\/wp-content\/uploads\/2023\/07\/Imagem-do-projeto.jpeg","uagb_featured_image_src":{"full":["https:\/\/blogopara.com.br\/wp-content\/uploads\/2023\/07\/Imagem-do-projeto.jpeg",500,311,false],"thumbnail":["https:\/\/blogopara.com.br\/wp-content\/uploads\/2023\/07\/Imagem-do-projeto-150x150.jpeg",150,150,true],"medium":["https:\/\/blogopara.com.br\/wp-content\/uploads\/2023\/07\/Imagem-do-projeto-300x187.jpeg",300,187,true],"medium_large":["https:\/\/blogopara.com.br\/wp-content\/uploads\/2023\/07\/Imagem-do-projeto.jpeg",500,311,false],"large":["https:\/\/blogopara.com.br\/wp-content\/uploads\/2023\/07\/Imagem-do-projeto.jpeg",500,311,false],"1536x1536":["https:\/\/blogopara.com.br\/wp-content\/uploads\/2023\/07\/Imagem-do-projeto.jpeg",500,311,false],"2048x2048":["https:\/\/blogopara.com.br\/wp-content\/uploads\/2023\/07\/Imagem-do-projeto.jpeg",500,311,false],"mantranews-slider-large":["https:\/\/blogopara.com.br\/wp-content\/uploads\/2023\/07\/Imagem-do-projeto.jpeg",500,311,false],"mantranews-featured-medium":["https:\/\/blogopara.com.br\/wp-content\/uploads\/2023\/07\/Imagem-do-projeto-420x307.jpeg",420,307,true],"mantranews-featured-long":["https:\/\/blogopara.com.br\/wp-content\/uploads\/2023\/07\/Imagem-do-projeto-300x311.jpeg",300,311,true],"mantranews-block-medium":["https:\/\/blogopara.com.br\/wp-content\/uploads\/2023\/07\/Imagem-do-projeto-464x290.jpeg",464,290,true],"mantranews-carousel-image":["https:\/\/blogopara.com.br\/wp-content\/uploads\/2023\/07\/Imagem-do-projeto.jpeg",500,311,false],"mantranews-block-thumb":["https:\/\/blogopara.com.br\/wp-content\/uploads\/2023\/07\/Imagem-do-projeto-322x230.jpeg",322,230,true],"mantranews-single-large":["https:\/\/blogopara.com.br\/wp-content\/uploads\/2023\/07\/Imagem-do-projeto.jpeg",500,311,false]},"uagb_author_info":{"display_name":"Reda\u00e7\u00e3o geral","author_link":"https:\/\/blogopara.com.br\/index.php\/author\/blogopara"},"uagb_comment_info":0,"uagb_excerpt":"Mais uma Unidade B\u00e1sica de Sa\u00fade (UBS) ser\u00e1 entregue \u00e0 popula\u00e7\u00e3o de Juazeiro completamente reestruturada. Ap\u00f3s 11 anos, o pr\u00e9dio da UBS de Massaroca ser\u00e1 reformado e ampliado, pela Prefeitura Municipal, por meio da Secretaria de Sa\u00fade (Sesau), para oferecer uma estrutura de qualidade para os moradores do distrito.A prefeita Suzana Ramos comemorou essa importante&hellip;","jetpack_sharing_enabled":true,"jetpack_likes_enabled":true,"_links":{"self":[{"href":"https:\/\/blogopara.com.br\/index.php\/wp-json\/wp\/v2\/posts\/55087","targetHints":{"allow":["GET"]}}],"collection":[{"href":"https:\/\/blogopara.com.br\/index.php\/wp-json\/wp\/v2\/posts"}],"about":[{"href":"https:\/\/blogopara.com.br\/index.php\/wp-json\/wp\/v2\/types\/post"}],"author":[{"embeddable":true,"href":"https:\/\/blogopara.com.br\/index.php\/wp-json\/wp\/v2\/users\/1"}],"replies":[{"embeddable":true,"href":"https:\/\/blogopara.com.br\/index.php\/wp-json\/wp\/v2\/comments?post=55087"}],"version-history":[{"count":1,"href":"https:\/\/blogopara.com.br\/index.php\/wp-json\/wp\/v2\/posts\/55087\/revisions"}],"predecessor-version":[{"id":55089,"href":"https:\/\/blogopara.com.br\/index.php\/wp-json\/wp\/v2\/posts\/55087\/revisions\/55089"}],"wp:featuredmedia":[{"embeddable":true,"href":"https:\/\/blogopara.com.br\/index.php\/wp-json\/wp\/v2\/media\/55088"}],"wp:attachment":[{"href":"https:\/\/blogopara.com.br\/index.php\/wp-json\/wp\/v2\/media?parent=55087"}],"wp:term":[{"taxonomy":"category","embeddable":true,"href":"https:\/\/blogopara.com.br\/index.php\/wp-json\/wp\/v2\/categories?post=55087"},{"taxonomy":"post_tag","embeddable":true,"href":"https:\/\/blogopara.com.br\/index.php\/wp-json\/wp\/v2\/tags?post=55087"}],"curies":[{"name":"wp","href":"https:\/\/api.w.org\/{rel}","templated":true}]}}