{"id":55095,"date":"2023-07-18T11:21:00","date_gmt":"2023-07-18T14:21:00","guid":{"rendered":"https:\/\/blogopara.com.br\/?p=55095"},"modified":"2023-07-17T21:25:39","modified_gmt":"2023-07-18T00:25:39","slug":"preco-de-ovos-dispara-e-tem-maior-alta-em-uma-decada-no-brasil","status":"publish","type":"post","link":"https:\/\/blogopara.com.br\/index.php\/2023\/07\/18\/preco-de-ovos-dispara-e-tem-maior-alta-em-uma-decada-no-brasil","title":{"rendered":"Pre\u00e7o de ovos dispara e tem maior alta em uma d\u00e9cada no Brasil"},"content":{"rendered":"<p style=\"text-align: justify;\">Em meio ao\u00a0recuo da infla\u00e7\u00e3o e dos pre\u00e7os dos alimentos no Pa\u00eds, um item que se tornou essencial na alimenta\u00e7\u00e3o do brasileiro tem feito um caminho contr\u00e1rio. O\u00a0ovo\u00a0de galinha acumula alta de 22,93% no per\u00edodo de 12 meses at\u00e9 junho, maior varia\u00e7\u00e3o registrada desde julho de 2013, segundo dadgos do Instituto Brasileiro de Geografia e Estat\u00edstica\u00a0(IBGE).<\/p>\n<p style=\"text-align: justify;\">No mesmo per\u00edodo, a alimenta\u00e7\u00e3o em domic\u00edlio avan\u00e7ou 2,88% e a categoria alimentos e bebida acumula alta de 4,01%. O ovo de galinha se transformou numa das principais prote\u00ednas das fam\u00edlias no Pa\u00eds, especialmente as de baixa renda, tendo em vista o aumento do pre\u00e7o da carne e do frango nos \u00faltimos anos por conta dos v\u00e1rios choques na cadeia produtiva e da demanda externa aquecida.<\/p>\n<p class=\"text\" style=\"text-align: justify;\">Entre algumas capitais, a varia\u00e7\u00e3o \u00e9 ainda mais significativa: Belo Horizonte (31,92%); Aracaju (30,36); Goi\u00e2nia (28,94%) e S\u00e3o Paulo (24,51%).<\/p>\n<p class=\"text\" style=\"text-align: justify;\">\u00c9 tamb\u00e9m o maior avan\u00e7o para o m\u00eas de junho desde 2013, quando o\u00a0\u00cdndice Nacional de Pre\u00e7os ao Consumidor Amplo\u00a0(IPCA) indicava avan\u00e7o em 12 meses de 28,41% nos pre\u00e7os dos ovos de galinha.<\/p>\n<p class=\"text\" style=\"text-align: justify;\">A trajet\u00f3ria de alta nos pre\u00e7os do alimento vai na contram\u00e3o da maioria dos produtos da cesta do IPCA, que mede a infla\u00e7\u00e3o oficial do Pa\u00eds.<\/p>\n<p class=\"text\" style=\"text-align: justify;\">O \u00edndice de difus\u00e3o do IPCA, que mostra a propor\u00e7\u00e3o de itens com aumentos de pre\u00e7os,\u00a0caiu para 50% em junho, sendo menor resultado desde maio de 2020, quando a economia sentia os impactos da pandemia de covid-19. A difus\u00e3o entre os itens aliment\u00edcios em junho deste ano foi ainda menor, de 46%, no m\u00eas anterior a difus\u00e3o entre os alimentos estava em 53%.<\/p>\n<p class=\"text\" style=\"text-align: justify;\">Um estudo feito pelo Instituto Brasileiro de Economia da FGV (Ibre\/FGV) a pedido do\u00a0<i>Estad\u00e3o\/Broadcast\u00a0<\/i>refor\u00e7a esse caminho reverso. Segundo os dados, o pre\u00e7o de\u00a0quase 80% dos produtos no atacado registraram queda ou estabilidade no \u00faltimo m\u00eas.<\/p>\n<p class=\"text\" style=\"text-align: justify;\">A propor\u00e7\u00e3o de itens aliment\u00edcios comercializados no atacado com aumentos de pre\u00e7os no m\u00eas de junho, medido pelo \u00edndice de difus\u00e3o do \u00cdndice de Pre\u00e7os ao Produtor Amplo (IPA-DI), ficou em 28,21%. \u00c9 a primeira vez desde o in\u00edcio da s\u00e9rie hist\u00f3rica iniciada em 2010 que o \u00edndice ficou abaixo dos 30%.<\/p>\n<h2 style=\"text-align: justify;\">O que explica o aumento?<\/h2>\n<p class=\"text\" style=\"text-align: justify;\">Alguns fatores explicam a escalada do pre\u00e7os dos ovos de galinha. A queda na produ\u00e7\u00e3o, em fun\u00e7\u00e3o dos altos custos, tem sido o fator crucial para o avan\u00e7o dos pre\u00e7os.<\/p>\n<p class=\"text\" style=\"text-align: justify;\">A alta dos insumos usados na atividade \u00e9 puxado pelas cota\u00e7\u00f5es do milho e do farelo de soja. H\u00e1, ainda,\u00a0avan\u00e7os nos pre\u00e7os de embalagens e medicamentos. Diante dessas circunst\u00e2ncia, boa parte dos pequenos produtores optam por reduzir a sua produ\u00e7\u00e3o, o que reflete na alta do pre\u00e7o do produto por conta da queda na disponibilidade de ovos.<\/p>\n<p class=\"text\" style=\"text-align: justify;\">E a crise n\u00e3o \u00e9 apenas no Brasil,\u00a0diversos pa\u00edses &#8211; desde o in\u00edcio do ano, tem sofrido com a falta de ovos de galinha\u00a0nas prateleiras.<\/p>\n<p class=\"text\" style=\"text-align: justify;\">Na Europa, por exemplo, os impactos da\u00a0guerra na Ucr\u00e2nia, com a alta dos custos dos gr\u00e3os e da energia el\u00e9trica, alinhados ao surto de gripe avi\u00e1ria, tem impactado a oferta de ovos. O surto de gripe avi\u00e1ria tamb\u00e9m afetou a oferta nos Estados Unidos.<\/p>\n<p style=\"text-align: justify;\">\n<p style=\"text-align: justify;\">\n","protected":false},"excerpt":{"rendered":"<p>Em meio ao\u00a0recuo da infla\u00e7\u00e3o e dos pre\u00e7os dos alimentos no Pa\u00eds, um item que se tornou essencial na alimenta\u00e7\u00e3o do brasileiro tem feito um caminho contr\u00e1rio. O\u00a0ovo\u00a0de galinha acumula alta de 22,93% no per\u00edodo de 12 meses at\u00e9 junho, maior varia\u00e7\u00e3o registrada desde julho de 2013, segundo dadgos do Instituto Brasileiro de Geografia e [&hellip;]<\/p>\n","protected":false},"author":1,"featured_media":55097,"comment_status":"closed","ping_status":"open","sticky":false,"template":"","format":"standard","meta":{"_uag_custom_page_level_css":"","_monsterinsights_skip_tracking":false,"_monsterinsights_sitenote_active":false,"_monsterinsights_sitenote_note":"","_monsterinsights_sitenote_category":0,"jetpack_post_was_ever_published":false,"_jetpack_newsletter_access":"","_jetpack_dont_email_post_to_subs":false,"_jetpack_newsletter_tier_id":0,"_jetpack_memberships_contains_paywalled_content":false,"_jetpack_memberships_contains_paid_content":false,"footnotes":"","jetpack_publicize_message":"","jetpack_publicize_feature_enabled":true,"jetpack_social_post_already_shared":true,"jetpack_social_options":{"image_generator_settings":{"template":"highway","default_image_id":0,"font":"","enabled":false},"version":2}},"categories":[206],"tags":[],"class_list":["post-55095","post","type-post","status-publish","format-standard","has-post-thumbnail","hentry","category-economia"],"jetpack_publicize_connections":[],"jetpack_featured_media_url":"https:\/\/blogopara.com.br\/wp-content\/uploads\/2023\/07\/istock-157603551-1jxzfgzj1r8l4-1.jpg","uagb_featured_image_src":{"full":["https:\/\/blogopara.com.br\/wp-content\/uploads\/2023\/07\/istock-157603551-1jxzfgzj1r8l4-1.jpg",500,333,false],"thumbnail":["https:\/\/blogopara.com.br\/wp-content\/uploads\/2023\/07\/istock-157603551-1jxzfgzj1r8l4-1-150x150.jpg",150,150,true],"medium":["https:\/\/blogopara.com.br\/wp-content\/uploads\/2023\/07\/istock-157603551-1jxzfgzj1r8l4-1-300x200.jpg",300,200,true],"medium_large":["https:\/\/blogopara.com.br\/wp-content\/uploads\/2023\/07\/istock-157603551-1jxzfgzj1r8l4-1.jpg",500,333,false],"large":["https:\/\/blogopara.com.br\/wp-content\/uploads\/2023\/07\/istock-157603551-1jxzfgzj1r8l4-1.jpg",500,333,false],"1536x1536":["https:\/\/blogopara.com.br\/wp-content\/uploads\/2023\/07\/istock-157603551-1jxzfgzj1r8l4-1.jpg",500,333,false],"2048x2048":["https:\/\/blogopara.com.br\/wp-content\/uploads\/2023\/07\/istock-157603551-1jxzfgzj1r8l4-1.jpg",500,333,false],"mantranews-slider-large":["https:\/\/blogopara.com.br\/wp-content\/uploads\/2023\/07\/istock-157603551-1jxzfgzj1r8l4-1.jpg",500,333,false],"mantranews-featured-medium":["https:\/\/blogopara.com.br\/wp-content\/uploads\/2023\/07\/istock-157603551-1jxzfgzj1r8l4-1-420x307.jpg",420,307,true],"mantranews-featured-long":["https:\/\/blogopara.com.br\/wp-content\/uploads\/2023\/07\/istock-157603551-1jxzfgzj1r8l4-1-300x333.jpg",300,333,true],"mantranews-block-medium":["https:\/\/blogopara.com.br\/wp-content\/uploads\/2023\/07\/istock-157603551-1jxzfgzj1r8l4-1-464x290.jpg",464,290,true],"mantranews-carousel-image":["https:\/\/blogopara.com.br\/wp-content\/uploads\/2023\/07\/istock-157603551-1jxzfgzj1r8l4-1.jpg",500,333,false],"mantranews-block-thumb":["https:\/\/blogopara.com.br\/wp-content\/uploads\/2023\/07\/istock-157603551-1jxzfgzj1r8l4-1-322x230.jpg",322,230,true],"mantranews-single-large":["https:\/\/blogopara.com.br\/wp-content\/uploads\/2023\/07\/istock-157603551-1jxzfgzj1r8l4-1.jpg",500,333,false]},"uagb_author_info":{"display_name":"Reda\u00e7\u00e3o geral","author_link":"https:\/\/blogopara.com.br\/index.php\/author\/blogopara"},"uagb_comment_info":0,"uagb_excerpt":"Em meio ao\u00a0recuo da infla\u00e7\u00e3o e dos pre\u00e7os dos alimentos no Pa\u00eds, um item que se tornou essencial na alimenta\u00e7\u00e3o do brasileiro tem feito um caminho contr\u00e1rio. O\u00a0ovo\u00a0de galinha acumula alta de 22,93% no per\u00edodo de 12 meses at\u00e9 junho, maior varia\u00e7\u00e3o registrada desde julho de 2013, segundo dadgos do Instituto Brasileiro de Geografia e&hellip;","jetpack_sharing_enabled":true,"jetpack_likes_enabled":true,"_links":{"self":[{"href":"https:\/\/blogopara.com.br\/index.php\/wp-json\/wp\/v2\/posts\/55095","targetHints":{"allow":["GET"]}}],"collection":[{"href":"https:\/\/blogopara.com.br\/index.php\/wp-json\/wp\/v2\/posts"}],"about":[{"href":"https:\/\/blogopara.com.br\/index.php\/wp-json\/wp\/v2\/types\/post"}],"author":[{"embeddable":true,"href":"https:\/\/blogopara.com.br\/index.php\/wp-json\/wp\/v2\/users\/1"}],"replies":[{"embeddable":true,"href":"https:\/\/blogopara.com.br\/index.php\/wp-json\/wp\/v2\/comments?post=55095"}],"version-history":[{"count":1,"href":"https:\/\/blogopara.com.br\/index.php\/wp-json\/wp\/v2\/posts\/55095\/revisions"}],"predecessor-version":[{"id":55098,"href":"https:\/\/blogopara.com.br\/index.php\/wp-json\/wp\/v2\/posts\/55095\/revisions\/55098"}],"wp:featuredmedia":[{"embeddable":true,"href":"https:\/\/blogopara.com.br\/index.php\/wp-json\/wp\/v2\/media\/55097"}],"wp:attachment":[{"href":"https:\/\/blogopara.com.br\/index.php\/wp-json\/wp\/v2\/media?parent=55095"}],"wp:term":[{"taxonomy":"category","embeddable":true,"href":"https:\/\/blogopara.com.br\/index.php\/wp-json\/wp\/v2\/categories?post=55095"},{"taxonomy":"post_tag","embeddable":true,"href":"https:\/\/blogopara.com.br\/index.php\/wp-json\/wp\/v2\/tags?post=55095"}],"curies":[{"name":"wp","href":"https:\/\/api.w.org\/{rel}","templated":true}]}}