{"id":55132,"date":"2023-07-19T17:24:00","date_gmt":"2023-07-19T20:24:00","guid":{"rendered":"https:\/\/blogopara.com.br\/?p=55132"},"modified":"2023-07-19T11:31:56","modified_gmt":"2023-07-19T14:31:56","slug":"governo-lula-divulga-dado-enganoso-sobre-bolsa-familia","status":"publish","type":"post","link":"https:\/\/blogopara.com.br\/index.php\/2023\/07\/19\/governo-lula-divulga-dado-enganoso-sobre-bolsa-familia","title":{"rendered":"Governo Lula divulga dado enganoso sobre Bolsa Fam\u00edlia"},"content":{"rendered":"<p style=\"text-align: justify;\">O Minist\u00e9rio do Desenvolvimento divulgou nesta 3\u00aa feira (18.jul.2023) um texto com 1.380 palavras (\u00edntegra\u00a0\u2013 3,8 MB) que induz o leitor a achar que houve aumento do n\u00famero de benefici\u00e1rios do Bolsa Fam\u00edlia.<\/p>\n<p style=\"text-align: justify;\">Com o t\u00edtulo\u00a0<em>\u201cBusca ativa garante inclus\u00e3o de 1,3 milh\u00e3o de fam\u00edlias no Bolsa Fam\u00edlia\u201d<\/em>, a propaganda do governo omite que em 31 de dezembro de 2022 (\u00faltimo dia do governo de Jair Bolsonaro) havia 21,6 milh\u00f5es de benefici\u00e1rios no programa. Agora, o total \u00e9 de 20,9 milh\u00f5es. Ou seja, uma queda de 700 mil fam\u00edlias. O minist\u00e9rio tamb\u00e9m n\u00e3o menciona a redu\u00e7\u00e3o do benef\u00edcio m\u00e9dio de R$ 705 em junho para R$ 684 em julho.<\/p>\n<p style=\"text-align: justify;\">Houve desde o in\u00edcio do ano um enxugamento de benef\u00edcios a fam\u00edlias que o governo verificou n\u00e3o cumprirem os requisitos para o programa. \u00a0No total, foram 2,7 milh\u00f5es de cadastros exclu\u00eddos. Ao menos\u00a03,7 milh\u00f5es de cadastros\u00a0foram inclu\u00eddos pelo governo Bolsonaro nos 3 meses que antecederam as elei\u00e7\u00f5es. Muitos desses cadastros, diz o atual governo, eram indevidos.<\/p>\n<p style=\"text-align: justify;\">A informa\u00e7\u00e3o do release do governo foi publicada por v\u00e1rios ve\u00edculos de comunica\u00e7\u00e3o, inclusive pelo\u00a0<strong>Poder360<\/strong>. No caso deste jornal digital, o\u00a0texto\u00a0j\u00e1 foi alterado e recebeu um aviso de corre\u00e7\u00e3o. O\u00a0<em>\u201cJornal Hoje\u201d<\/em>, da TV\u00a0<em>Globo<\/em>, transmitiu uma\u00a0reportagem de 3min55s\u00a0e divulgou o\u00a0<em>press-release<\/em>\u00a0do governo sobre o Bolsa Fam\u00edlia sem mencionar a queda no total de fam\u00edlias cadastradas.<\/p>\n<p style=\"text-align: justify;\">O Minist\u00e9rio do Desenvolvimento, comandado pelo petista\u00a0Wellington Dias\u00a0(amea\u00e7ado de perder a cadeira para algu\u00e9m indicado pelo Centr\u00e3o), come\u00e7a o\u00a0<em>press-release<\/em>\u00a0assim:\u00a0<em>\u201cDesde mar\u00e7o, quando o Bolsa Fam\u00edlia foi relan\u00e7ado pelo governo federal, 1,3 milh\u00e3o de fam\u00edlias foram inclu\u00eddas no programa\u201d<\/em>. Quem l\u00ea pode entender que o total de benefici\u00e1rios cresceu em 1,3 milh\u00e3o. Essa \u00e9 uma interpreta\u00e7\u00e3o errada.<\/p>\n<p style=\"text-align: justify;\">Em 2 de mar\u00e7o de 2023, o governo do presidente\u00a0Luiz In\u00e1cio Lula da Silva\u00a0(PT) anunciou formalmente a\u00a0troca do nome do programa\u00a0de Aux\u00edlio Brasil para Bolsa Fam\u00edlia. Essa a\u00e7\u00e3o tem grande valor simb\u00f3lico para o Planalto, pois esse tipo de benef\u00edcio virou marca registrada das campanhas eleitorais do PT. Era necess\u00e1rio voltar a usar a designa\u00e7\u00e3o inicial.<\/p>\n<p style=\"text-align: justify;\">Essa mudan\u00e7a de nome foi batizada de relan\u00e7amento do programa, embora o Bolsa Fam\u00edlia nunca tenha deixado de existir.<\/p>\n<p style=\"text-align: justify;\">Ao festejar o sistema de busca ativa de benefici\u00e1rios, em nenhum momento o texto de 1.380 palavras do minist\u00e9rio de Wellington Dias informa que o total de fam\u00edlias beneficiadas caiu desde a posse de Luiz In\u00e1cio Lula da Silva como presidente. Ao contr\u00e1rio. O pr\u00f3prio ministro d\u00e1 \u00eanfase \u00e0 interpreta\u00e7\u00e3o enganosa sobre o que se passou.\u00a0<em>\u201cCome\u00e7amos nesta 3\u00aa feira [18.jul.2023] o pagamento do Bolsa Fam\u00edlia. E uma novidade positiva \u00e9 que alcan\u00e7amos 1,3 milh\u00e3o de fam\u00edlias que tinham direito ao benef\u00edcio, muitas delas passando fome, e agora est\u00e3o recebendo o novo Bolsa Fam\u00edlia\u201d<\/em>, declara o petista.<\/p>\n<h2 style=\"text-align: justify;\">MOMENTO OPORTUNO<\/h2>\n<p style=\"text-align: justify;\">A divulga\u00e7\u00e3o dos dados com vi\u00e9s positivo para o Bolsa Fam\u00edlia se d\u00e1 em um contexto de \u201cfritura\u201d do titular da pasta, Wellington Dias.<\/p>\n<p style=\"text-align: justify;\">O ministro sofre press\u00e3o para deixar o cargo e dar espa\u00e7o a integrantes do Centr\u00e3o. O grupo quer indicar o deputado federal\u00a0Andr\u00e9 Fufuca\u00a0(PP-MA). Apesar de ser do partido do ex-ministro de\u00a0Jair Bolsonaro\u00a0(PL),\u00a0Ciro Nogueira\u00a0(PP-PI), o congressista esteve com o atual ministro da Justi\u00e7a,\u00a0Fl\u00e1vio Dino\u00a0(PSB) no processo eleitoral. Dino foi eleito senador em 2022.<\/p>\n<p style=\"text-align: justify;\">Fufuca atende ao Centr\u00e3o, \u00e9 ligado ao presidente da C\u00e2mara,\u00a0Arthur Lira\u00a0(PP-AL), mas n\u00e3o se trata de pol\u00edtico hostilizado pelo PT. Seria um nome palat\u00e1vel para Lula colocar na Esplanada.<\/p>\n<p style=\"text-align: justify;\">Dias tamb\u00e9m \u00e9 cobrado por resultados \u00e0 frente do minist\u00e9rio do Desenvolvimento. Aliados dizem que ele est\u00e1 \u201c<em>apagado<\/em>\u201d e n\u00e3o tem aproveitado o fato de comandar o Bolsa Fam\u00edlia para se projetar e tamb\u00e9m agradar partidos que possam ajudar Lula no Congresso.<\/p>\n<p style=\"text-align: justify;\">Apesar da press\u00e3o para que deixe o cargo, Dias tem apoio da primeira-dama, Janja Lula da Silva, para permanecer no governo. Lula tamb\u00e9m j\u00e1 deu indica\u00e7\u00f5es que n\u00e3o pretende tirar o ministro, que \u00e9 tamb\u00e9m seu amigo. Por isso, uma divulga\u00e7\u00e3o de dados sobre o Bolsa Fam\u00edlia neste momento pode ajud\u00e1-lo a recuperar um pouco do prest\u00edgio pol\u00edtico, embora os valores anunciados sejam equivocados.<\/p>\n<h2 style=\"text-align: justify;\">VALOR TOTAL MAIOR<\/h2>\n<p style=\"text-align: justify;\">O governo Lula optou por pagar um benef\u00edcio m\u00e9dio maior por fam\u00edlia, mas atendendo a menos fam\u00edlias a partir de 2023, quando o programa deixou de chamar Aux\u00edlio Brasil e voltou para o seu nome original, Bolsa Fam\u00edlia.<\/p>\n<p style=\"text-align: justify;\">At\u00e9 31 de dezembro de 2022, o valor m\u00e9dio pago por fam\u00edlia era de R$ 670. Em junho, essa cifra foi de R$ 705, pois h\u00e1 pagamentos extras por filhos menores e para casos em que a mulher est\u00e1 gr\u00e1vida. Em julho, esse pagamento diminuiu:\u00a0<strong>foi para R$ 684<\/strong>.<\/p>\n<h2 style=\"text-align: justify;\"><strong>NOTA DO DESENVOLVIMENTO<\/strong><\/h2>\n<p style=\"text-align: justify;\">O\u00a0<strong>Poder360<\/strong>\u00a0recebeu uma nota do Minist\u00e9rio do Desenvolvimento depois da publica\u00e7\u00e3o deste post.<\/p>\n<p style=\"text-align: justify;\">A seguir, a \u00edntegra do comunicado:<\/p>\n<p style=\"text-align: justify;\"><em>\u201cN\u00e3o h\u00e1 nenhuma informa\u00e7\u00e3o enganosa nos dados divulgados pelo Minist\u00e9rio. Falamos em inclus\u00f5es de novas fam\u00edlias e n\u00e3o em novos desligamentos, como forma de evitar interpreta\u00e7\u00f5es que levem \u00e0 criminaliza\u00e7\u00e3o de pessoas vulner\u00e1veis. O MDS conduz, com serenidade, processos de averigua\u00e7\u00e3o cadastral que ter\u00e3o impactos em benef\u00edcios durante todo o ano. Logo, o Bolsa Fam\u00edlia \u00e9 um programa din\u00e2mico, com entradas e sa\u00eddas todos os meses.\u201d<\/em><\/p>\n<p>Fonte: Poder 360<\/p>\n","protected":false},"excerpt":{"rendered":"<p>O Minist\u00e9rio do Desenvolvimento divulgou nesta 3\u00aa feira (18.jul.2023) um texto com 1.380 palavras (\u00edntegra\u00a0\u2013 3,8 MB) que induz o leitor a achar que houve aumento do n\u00famero de benefici\u00e1rios do Bolsa Fam\u00edlia. Com o t\u00edtulo\u00a0\u201cBusca ativa garante inclus\u00e3o de 1,3 milh\u00e3o de fam\u00edlias no Bolsa Fam\u00edlia\u201d, a propaganda do governo omite que em 31 [&hellip;]<\/p>\n","protected":false},"author":1,"featured_media":54231,"comment_status":"closed","ping_status":"open","sticky":false,"template":"","format":"standard","meta":{"_uag_custom_page_level_css":"","_monsterinsights_skip_tracking":false,"_monsterinsights_sitenote_active":false,"_monsterinsights_sitenote_note":"","_monsterinsights_sitenote_category":0,"jetpack_post_was_ever_published":false,"_jetpack_newsletter_access":"","_jetpack_dont_email_post_to_subs":false,"_jetpack_newsletter_tier_id":0,"_jetpack_memberships_contains_paywalled_content":false,"_jetpack_memberships_contains_paid_content":false,"footnotes":"","jetpack_publicize_message":"","jetpack_publicize_feature_enabled":true,"jetpack_social_post_already_shared":true,"jetpack_social_options":{"image_generator_settings":{"template":"highway","default_image_id":0,"font":"","enabled":false},"version":2}},"categories":[200,197],"tags":[],"class_list":["post-55132","post","type-post","status-publish","format-standard","has-post-thumbnail","hentry","category-brasil","category-politica"],"jetpack_publicize_connections":[],"jetpack_featured_media_url":"https:\/\/blogopara.com.br\/wp-content\/uploads\/2023\/06\/novo-cartao-bolsa-familia-696x416-1.jpg","uagb_featured_image_src":{"full":["https:\/\/blogopara.com.br\/wp-content\/uploads\/2023\/06\/novo-cartao-bolsa-familia-696x416-1.jpg",500,298,false],"thumbnail":["https:\/\/blogopara.com.br\/wp-content\/uploads\/2023\/06\/novo-cartao-bolsa-familia-696x416-1-150x150.jpg",150,150,true],"medium":["https:\/\/blogopara.com.br\/wp-content\/uploads\/2023\/06\/novo-cartao-bolsa-familia-696x416-1-300x179.jpg",300,179,true],"medium_large":["https:\/\/blogopara.com.br\/wp-content\/uploads\/2023\/06\/novo-cartao-bolsa-familia-696x416-1.jpg",500,298,false],"large":["https:\/\/blogopara.com.br\/wp-content\/uploads\/2023\/06\/novo-cartao-bolsa-familia-696x416-1.jpg",500,298,false],"1536x1536":["https:\/\/blogopara.com.br\/wp-content\/uploads\/2023\/06\/novo-cartao-bolsa-familia-696x416-1.jpg",500,298,false],"2048x2048":["https:\/\/blogopara.com.br\/wp-content\/uploads\/2023\/06\/novo-cartao-bolsa-familia-696x416-1.jpg",500,298,false],"mantranews-slider-large":["https:\/\/blogopara.com.br\/wp-content\/uploads\/2023\/06\/novo-cartao-bolsa-familia-696x416-1.jpg",500,298,false],"mantranews-featured-medium":["https:\/\/blogopara.com.br\/wp-content\/uploads\/2023\/06\/novo-cartao-bolsa-familia-696x416-1-420x298.jpg",420,298,true],"mantranews-featured-long":["https:\/\/blogopara.com.br\/wp-content\/uploads\/2023\/06\/novo-cartao-bolsa-familia-696x416-1-300x298.jpg",300,298,true],"mantranews-block-medium":["https:\/\/blogopara.com.br\/wp-content\/uploads\/2023\/06\/novo-cartao-bolsa-familia-696x416-1-464x290.jpg",464,290,true],"mantranews-carousel-image":["https:\/\/blogopara.com.br\/wp-content\/uploads\/2023\/06\/novo-cartao-bolsa-familia-696x416-1.jpg",500,298,false],"mantranews-block-thumb":["https:\/\/blogopara.com.br\/wp-content\/uploads\/2023\/06\/novo-cartao-bolsa-familia-696x416-1-322x230.jpg",322,230,true],"mantranews-single-large":["https:\/\/blogopara.com.br\/wp-content\/uploads\/2023\/06\/novo-cartao-bolsa-familia-696x416-1.jpg",500,298,false]},"uagb_author_info":{"display_name":"Reda\u00e7\u00e3o geral","author_link":"https:\/\/blogopara.com.br\/index.php\/author\/blogopara"},"uagb_comment_info":0,"uagb_excerpt":"O Minist\u00e9rio do Desenvolvimento divulgou nesta 3\u00aa feira (18.jul.2023) um texto com 1.380 palavras (\u00edntegra\u00a0\u2013 3,8 MB) que induz o leitor a achar que houve aumento do n\u00famero de benefici\u00e1rios do Bolsa Fam\u00edlia. Com o t\u00edtulo\u00a0\u201cBusca ativa garante inclus\u00e3o de 1,3 milh\u00e3o de fam\u00edlias no Bolsa Fam\u00edlia\u201d, a propaganda do governo omite que em 31&hellip;","jetpack_sharing_enabled":true,"jetpack_likes_enabled":true,"_links":{"self":[{"href":"https:\/\/blogopara.com.br\/index.php\/wp-json\/wp\/v2\/posts\/55132","targetHints":{"allow":["GET"]}}],"collection":[{"href":"https:\/\/blogopara.com.br\/index.php\/wp-json\/wp\/v2\/posts"}],"about":[{"href":"https:\/\/blogopara.com.br\/index.php\/wp-json\/wp\/v2\/types\/post"}],"author":[{"embeddable":true,"href":"https:\/\/blogopara.com.br\/index.php\/wp-json\/wp\/v2\/users\/1"}],"replies":[{"embeddable":true,"href":"https:\/\/blogopara.com.br\/index.php\/wp-json\/wp\/v2\/comments?post=55132"}],"version-history":[{"count":1,"href":"https:\/\/blogopara.com.br\/index.php\/wp-json\/wp\/v2\/posts\/55132\/revisions"}],"predecessor-version":[{"id":55133,"href":"https:\/\/blogopara.com.br\/index.php\/wp-json\/wp\/v2\/posts\/55132\/revisions\/55133"}],"wp:featuredmedia":[{"embeddable":true,"href":"https:\/\/blogopara.com.br\/index.php\/wp-json\/wp\/v2\/media\/54231"}],"wp:attachment":[{"href":"https:\/\/blogopara.com.br\/index.php\/wp-json\/wp\/v2\/media?parent=55132"}],"wp:term":[{"taxonomy":"category","embeddable":true,"href":"https:\/\/blogopara.com.br\/index.php\/wp-json\/wp\/v2\/categories?post=55132"},{"taxonomy":"post_tag","embeddable":true,"href":"https:\/\/blogopara.com.br\/index.php\/wp-json\/wp\/v2\/tags?post=55132"}],"curies":[{"name":"wp","href":"https:\/\/api.w.org\/{rel}","templated":true}]}}