{"id":55134,"date":"2023-07-19T18:32:00","date_gmt":"2023-07-19T21:32:00","guid":{"rendered":"https:\/\/blogopara.com.br\/?p=55134"},"modified":"2023-07-19T11:33:35","modified_gmt":"2023-07-19T14:33:35","slug":"confianca-dos-brasileiros-no-presidente-da-republica-sobe-ao-maior-nivel-desde-2012-diz-ipec","status":"publish","type":"post","link":"https:\/\/blogopara.com.br\/index.php\/2023\/07\/19\/confianca-dos-brasileiros-no-presidente-da-republica-sobe-ao-maior-nivel-desde-2012-diz-ipec","title":{"rendered":"Confian\u00e7a dos brasileiros no presidente da Rep\u00fablica sobe ao maior n\u00edvel desde 2012, diz Ipec"},"content":{"rendered":"<p style=\"text-align: justify;\">A confian\u00e7a dos brasileiros no presidente da Rep\u00fablica subiu ao maior n\u00edvel desde 2012. Os dados s\u00e3o da pesquisa do\u00a0<a href=\"https:\/\/12ft.io\/proxy?ref=&amp;q=https:\/\/www.cartacapital.com.br\/tag\/ipec\/\" target=\"_parent\" rel=\"noopener\">instituto Ipec<\/a>, o antigo Ibope. Ao todo,\u00a0<mark>o presidente\u00a0<a href=\"https:\/\/12ft.io\/proxy?ref=&amp;q=https:\/\/www.cartacapital.com.br\/tag\/lula\/\" target=\"_parent\" rel=\"noopener\">Lula (PT)<\/a>\u00a0marca 50 pontos em uma escala de zero a 100.<\/mark>\u00a0Os dados\u00a0do chamado\u00a0<strong>\u00cdndice de Confian\u00e7a Social (ICS)<\/strong>, produzido desde 2009, foram divulgados pelo\u00a0<em>jornal O Globo<\/em>\u00a0nesta ter\u00e7a-feira 18.<\/p>\n<p style=\"text-align: justify;\">O n\u00edvel de confian\u00e7a dos brasileiros em Lula supera em 9 pontos percentuais o \u00edndice registrado pelo ex-presidente\u00a0<a href=\"https:\/\/12ft.io\/proxy?ref=&amp;q=https:\/\/www.cartacapital.com.br\/tag\/jair-bolsonaro\/\" target=\"_parent\" rel=\"noopener\">Jair Bolsonaro (PL)<\/a>\u00a0em 2022, \u00faltimo ano de governo. Segundo a pesquisa, os eleitores do Nordeste s\u00e3o os que declaram maior confian\u00e7a em Lula. Na regi\u00e3o, o presidente marca 66 pontos na escala. Os n\u00edveis mais baixos, por sua vez, s\u00e3o registrados entre os eleitores das classes A e B, quando Lula obt\u00e9m apenas 39 pontos.\u00a0<a href=\"https:\/\/12ft.io\/proxy?ref=&amp;q=https:\/\/www.cartacapital.com.br\/tag\/evangelicos\/\" target=\"_parent\" rel=\"noopener\">Evang\u00e9licos<\/a>\u00a0tamb\u00e9m registram confian\u00e7a menor no petista, de 43 pontos, segundo o ICS.<\/p>\n<div id=\"div_internas_teads\" class=\"div_internas_teads\" style=\"text-align: justify;\"><\/div>\n<p style=\"text-align: justify;\">O Ipec monitorou tamb\u00e9m o percentual de confian\u00e7a dos brasileiros no governo Lula, formado pelo presidente e sua equipe. Neste caso, a pontua\u00e7\u00e3o registrada \u00e9 de 52 pontos. O resultado supera em cinco pontos percentuais o registrado pela gest\u00e3o Bolsonaro em 2022 e em dois pontos na avalia\u00e7\u00e3o monitorada pelo instituto em 2019, in\u00edcio do governo do ex-capit\u00e3o.<\/p>\n<p style=\"text-align: justify;\">Apesar da melhora, vale registrar que o desempenho da figura do presidente da Rep\u00fablica ainda est\u00e1 na parte baixa do ranking de institui\u00e7\u00f5es elaborado pelo Ipec. A figura do chefe do Planalto ficou na 16\u00aa coloca\u00e7\u00e3o de uma lista de 20 institui\u00e7\u00f5es.<\/p>\n<p style=\"text-align: justify;\">Ocupam as tr\u00eas primeiras coloca\u00e7\u00f5es o Corpo de Bombeiros (87 pontos), a Pol\u00edcia Federal (70) e as igrejas (70). As For\u00e7as Armadas, que j\u00e1 superou os 70 pontos em 2020, atualmente marca 66.<\/p>\n<p style=\"text-align: justify;\">As tr\u00eas \u00faltimas posi\u00e7\u00f5es do ranking s\u00e3o ocupadas pelos sindicatos (48 pontos), Congresso Nacional (40 pontos) e pelos partidos pol\u00edticos (34). Apesar de estarem nas \u00faltimas coloca\u00e7\u00f5es, partidos e Congresso aumentaram as pontua\u00e7\u00f5es em compara\u00e7\u00e3o com o ano passado. Ao todo, foram quatro pontos a mais para os partidos e seis para o Parlamento. Entre 2015 e 2018, as duas institui\u00e7\u00f5es chegaram a registrar menos de 20 pontos.<\/p>\n<p style=\"text-align: justify;\">Em outra frente, o Ipec mostrou que a confian\u00e7a dos brasileiros no sistema eleitoral recuou seis pontos desde o ano passado: de 59 para 53. Os dados, importante dizer, foram monitorados ap\u00f3s a intensa campanha bolsonarista de ataque ao modelo de vota\u00e7\u00e3o brasileiro.<\/p>\n<p style=\"text-align: justify;\">Para os resultados, o Ipec entrevistou presencialmente 2 mil moradores de 127 munic\u00edpios entre os dias 1 e 5 de julho. A margem de erro da pesquisa \u00e9 de dois pontos percentuais e o n\u00edvel de confian\u00e7a \u00e9 de 95%.<\/p>\n","protected":false},"excerpt":{"rendered":"<p>A confian\u00e7a dos brasileiros no presidente da Rep\u00fablica subiu ao maior n\u00edvel desde 2012. Os dados s\u00e3o da pesquisa do\u00a0instituto Ipec, o antigo Ibope. Ao todo,\u00a0o presidente\u00a0Lula (PT)\u00a0marca 50 pontos em uma escala de zero a 100.\u00a0Os dados\u00a0do chamado\u00a0\u00cdndice de Confian\u00e7a Social (ICS), produzido desde 2009, foram divulgados pelo\u00a0jornal O Globo\u00a0nesta ter\u00e7a-feira 18. O n\u00edvel [&hellip;]<\/p>\n","protected":false},"author":1,"featured_media":47159,"comment_status":"closed","ping_status":"open","sticky":false,"template":"","format":"standard","meta":{"_uag_custom_page_level_css":"","_monsterinsights_skip_tracking":false,"_monsterinsights_sitenote_active":false,"_monsterinsights_sitenote_note":"","_monsterinsights_sitenote_category":0,"jetpack_post_was_ever_published":false,"_jetpack_newsletter_access":"","_jetpack_dont_email_post_to_subs":false,"_jetpack_newsletter_tier_id":0,"_jetpack_memberships_contains_paywalled_content":false,"_jetpack_memberships_contains_paid_content":false,"footnotes":"","jetpack_publicize_message":"","jetpack_publicize_feature_enabled":true,"jetpack_social_post_already_shared":true,"jetpack_social_options":{"image_generator_settings":{"template":"highway","default_image_id":0,"font":"","enabled":false},"version":2}},"categories":[197],"tags":[],"class_list":["post-55134","post","type-post","status-publish","format-standard","has-post-thumbnail","hentry","category-politica"],"jetpack_publicize_connections":[],"jetpack_featured_media_url":"https:\/\/blogopara.com.br\/wp-content\/uploads\/2022\/12\/lula_diplomacao.jpg","uagb_featured_image_src":{"full":["https:\/\/blogopara.com.br\/wp-content\/uploads\/2022\/12\/lula_diplomacao.jpg",501,333,false],"thumbnail":["https:\/\/blogopara.com.br\/wp-content\/uploads\/2022\/12\/lula_diplomacao-150x150.jpg",150,150,true],"medium":["https:\/\/blogopara.com.br\/wp-content\/uploads\/2022\/12\/lula_diplomacao-300x199.jpg",300,199,true],"medium_large":["https:\/\/blogopara.com.br\/wp-content\/uploads\/2022\/12\/lula_diplomacao.jpg",501,333,false],"large":["https:\/\/blogopara.com.br\/wp-content\/uploads\/2022\/12\/lula_diplomacao.jpg",501,333,false],"1536x1536":["https:\/\/blogopara.com.br\/wp-content\/uploads\/2022\/12\/lula_diplomacao.jpg",501,333,false],"2048x2048":["https:\/\/blogopara.com.br\/wp-content\/uploads\/2022\/12\/lula_diplomacao.jpg",501,333,false],"mantranews-slider-large":["https:\/\/blogopara.com.br\/wp-content\/uploads\/2022\/12\/lula_diplomacao.jpg",501,333,false],"mantranews-featured-medium":["https:\/\/blogopara.com.br\/wp-content\/uploads\/2022\/12\/lula_diplomacao-420x307.jpg",420,307,true],"mantranews-featured-long":["https:\/\/blogopara.com.br\/wp-content\/uploads\/2022\/12\/lula_diplomacao-300x333.jpg",300,333,true],"mantranews-block-medium":["https:\/\/blogopara.com.br\/wp-content\/uploads\/2022\/12\/lula_diplomacao-464x290.jpg",464,290,true],"mantranews-carousel-image":["https:\/\/blogopara.com.br\/wp-content\/uploads\/2022\/12\/lula_diplomacao.jpg",501,333,false],"mantranews-block-thumb":["https:\/\/blogopara.com.br\/wp-content\/uploads\/2022\/12\/lula_diplomacao-322x230.jpg",322,230,true],"mantranews-single-large":["https:\/\/blogopara.com.br\/wp-content\/uploads\/2022\/12\/lula_diplomacao.jpg",501,333,false]},"uagb_author_info":{"display_name":"Reda\u00e7\u00e3o geral","author_link":"https:\/\/blogopara.com.br\/index.php\/author\/blogopara"},"uagb_comment_info":0,"uagb_excerpt":"A confian\u00e7a dos brasileiros no presidente da Rep\u00fablica subiu ao maior n\u00edvel desde 2012. Os dados s\u00e3o da pesquisa do\u00a0instituto Ipec, o antigo Ibope. Ao todo,\u00a0o presidente\u00a0Lula (PT)\u00a0marca 50 pontos em uma escala de zero a 100.\u00a0Os dados\u00a0do chamado\u00a0\u00cdndice de Confian\u00e7a Social (ICS), produzido desde 2009, foram divulgados pelo\u00a0jornal O Globo\u00a0nesta ter\u00e7a-feira 18. O n\u00edvel&hellip;","jetpack_sharing_enabled":true,"jetpack_likes_enabled":true,"_links":{"self":[{"href":"https:\/\/blogopara.com.br\/index.php\/wp-json\/wp\/v2\/posts\/55134","targetHints":{"allow":["GET"]}}],"collection":[{"href":"https:\/\/blogopara.com.br\/index.php\/wp-json\/wp\/v2\/posts"}],"about":[{"href":"https:\/\/blogopara.com.br\/index.php\/wp-json\/wp\/v2\/types\/post"}],"author":[{"embeddable":true,"href":"https:\/\/blogopara.com.br\/index.php\/wp-json\/wp\/v2\/users\/1"}],"replies":[{"embeddable":true,"href":"https:\/\/blogopara.com.br\/index.php\/wp-json\/wp\/v2\/comments?post=55134"}],"version-history":[{"count":1,"href":"https:\/\/blogopara.com.br\/index.php\/wp-json\/wp\/v2\/posts\/55134\/revisions"}],"predecessor-version":[{"id":55135,"href":"https:\/\/blogopara.com.br\/index.php\/wp-json\/wp\/v2\/posts\/55134\/revisions\/55135"}],"wp:featuredmedia":[{"embeddable":true,"href":"https:\/\/blogopara.com.br\/index.php\/wp-json\/wp\/v2\/media\/47159"}],"wp:attachment":[{"href":"https:\/\/blogopara.com.br\/index.php\/wp-json\/wp\/v2\/media?parent=55134"}],"wp:term":[{"taxonomy":"category","embeddable":true,"href":"https:\/\/blogopara.com.br\/index.php\/wp-json\/wp\/v2\/categories?post=55134"},{"taxonomy":"post_tag","embeddable":true,"href":"https:\/\/blogopara.com.br\/index.php\/wp-json\/wp\/v2\/tags?post=55134"}],"curies":[{"name":"wp","href":"https:\/\/api.w.org\/{rel}","templated":true}]}}