{"id":55209,"date":"2023-07-21T13:44:00","date_gmt":"2023-07-21T16:44:00","guid":{"rendered":"https:\/\/blogopara.com.br\/?p=55209"},"modified":"2023-07-20T19:48:13","modified_gmt":"2023-07-20T22:48:13","slug":"petrolina-registrou-83-homicidios-no-primeiro-semestre-maioria-das-vitimas-tinha-entre-21-e-30-anos","status":"publish","type":"post","link":"https:\/\/blogopara.com.br\/index.php\/2023\/07\/21\/petrolina-registrou-83-homicidios-no-primeiro-semestre-maioria-das-vitimas-tinha-entre-21-e-30-anos","title":{"rendered":"Petrolina registrou 83 homic\u00eddios no primeiro semestre; maioria das v\u00edtimas tinha entre 21 e 30 anos"},"content":{"rendered":"<p style=\"text-align: justify;\">Na madrugada do dia 12 de janeiro, um homem de 24 anos foi assassinado a tiros no bairro Jo\u00e3o de Deus, em\u00a0Petrolina, no Sert\u00e3o. Esse foi o primeiro\u00a0<span class=\"highlight highlighted\">dos 83 homic\u00eddios registrados no munic\u00edpio nos seis primeiros meses de 2023<\/span>, de acordo com levantamento divulgado pela Secretaria de Defesa Social de Pernambuco (SDS).<span class=\"highlight highlighted\">\u00a0Em todo estado, foram contabilizados 1.776 assassinatos.<\/span><\/p>\n<p style=\"text-align: justify;\">Dentre as 83 v\u00edtimas,\u00a0a mais nova era uma crian\u00e7a de apenas um ano de idade. A menina foi assassinada na madrugada do dia 7 de mar\u00e7o, no Residencial Nova Vida 1.\u00a0Al\u00e9m dela, foram mortas a m\u00e3e, de 19 anos, e uma mulher trans, de 23. Todas foram executadas a tiros. O\u00a0acusado de cometer o triplo homic\u00eddio foi preso no dia 12 de maio, em uma opera\u00e7\u00e3o da Pol\u00edcia Civil, batizada de \u201cNa Mira\u201d.<\/p>\n<p style=\"text-align: justify;\">O caso do Residencial Novo Tempo n\u00e3o foi o \u00fanico triplo homic\u00eddio registrado em Petrolina no primeiro semestre.\u00a0<span class=\"highlight highlighted\">No feriado da Sexta-feira Santa, no dia 7 de abril, tr\u00eas pessoas da mesma fam\u00edlia foram mortas. As v\u00edtimas, eram uma mulher de 55 anos, o filho dela, de 33, e a neta, uma adolescente de 12 anos.\u00a0<\/span>A fam\u00edlia dormia em uma casa de taipa, na antiga Fazenda Buti\u00e1 II, BR-407, sa\u00edda para Afr\u00e2nio, quando foi surpreendida pelos tiros. N\u00e3o h\u00e1 informa\u00e7\u00f5es sobre autoria e motiva\u00e7\u00e3o do crime.<\/p>\n<div id=\"chunk-at8c9\" style=\"text-align: justify;\">\n<div class=\"mc-column content-text active-extra-styles \" data-block-type=\"unstyled\" data-block-weight=\"40\" data-block-id=\"8\">\n<p class=\"content-text__container \" data-track-category=\"Link no Texto\" data-track-links=\"\">A mulher de 55 anos \u00e9 a pessoa mais velha entre os 83 mortos violentamente em Petrolina entre janeiro e junho. A m\u00e9dia de idade das v\u00edtimas \u00e9 de 31,02 anos. Dois homens n\u00e3o tiveram a idade revelada.<\/p>\n<\/div>\n<\/div>\n<div id=\"chunk-cp3e1\" style=\"text-align: justify;\">\n<div class=\"mc-column content-text active-extra-styles \" data-block-type=\"unstyled\" data-block-weight=\"33\" data-block-id=\"12\">\n<p class=\"content-text__container \" data-track-category=\"Link no Texto\" data-track-links=\"\">Os homens s\u00e3o maioria entre os mortos.\u00a0<span class=\"highlight highlighted\">Nos seis primeiros meses de 2023, foram 71 assassinatos. No mesmo per\u00edodo, 11 mulheres e uma mulher trans<\/span>\u00a0tiveram a vira abreviadas pela viol\u00eancia.<\/p>\n<\/div>\n<\/div>\n<div id=\"chunk-3g3t3\" style=\"text-align: justify;\">\n<div class=\"mc-column content-text active-extra-styles \" data-block-type=\"unstyled\" data-block-weight=\"2\" data-block-id=\"13\">\n<p class=\"content-text__container \" data-track-category=\"Link no Texto\" data-track-links=\"\"><strong>Abril violento<\/strong><\/p>\n<\/div>\n<\/div>\n<div id=\"chunk-clh03\" style=\"text-align: justify;\">\n<div class=\"mc-column content-text active-extra-styles \" data-block-type=\"unstyled\" data-block-weight=\"43\" data-block-id=\"14\">\n<p class=\"content-text__container \" data-track-category=\"Link no Texto\" data-track-links=\"\"><span class=\"highlight highlighted\">Abril foi o m\u00eas mais violento de Petrolina no primeiro semestre. 20 pessoas foram assassinadas.<\/span>\u00a0Em seguida, vem fevereiro, com 17 mortes violentas. Com 16 homic\u00eddios, maio fecha o ranking. Com oito mortes cada, janeiro e junho foram os meses menos letais.<\/p>\n<p data-track-category=\"Link no Texto\" data-track-links=\"\">Fonte: G1<\/p>\n<\/div>\n<\/div>\n<p style=\"text-align: justify;\">\n","protected":false},"excerpt":{"rendered":"<p>Na madrugada do dia 12 de janeiro, um homem de 24 anos foi assassinado a tiros no bairro Jo\u00e3o de Deus, em\u00a0Petrolina, no Sert\u00e3o. Esse foi o primeiro\u00a0dos 83 homic\u00eddios registrados no munic\u00edpio nos seis primeiros meses de 2023, de acordo com levantamento divulgado pela Secretaria de Defesa Social de Pernambuco (SDS).\u00a0Em todo estado, foram [&hellip;]<\/p>\n","protected":false},"author":1,"featured_media":55210,"comment_status":"closed","ping_status":"open","sticky":false,"template":"","format":"standard","meta":{"_uag_custom_page_level_css":"","_monsterinsights_skip_tracking":false,"_monsterinsights_sitenote_active":false,"_monsterinsights_sitenote_note":"","_monsterinsights_sitenote_category":0,"jetpack_post_was_ever_published":false,"_jetpack_newsletter_access":"","_jetpack_dont_email_post_to_subs":false,"_jetpack_newsletter_tier_id":0,"_jetpack_memberships_contains_paywalled_content":false,"_jetpack_memberships_contains_paid_content":false,"footnotes":"","jetpack_publicize_message":"","jetpack_publicize_feature_enabled":true,"jetpack_social_post_already_shared":true,"jetpack_social_options":{"image_generator_settings":{"template":"highway","default_image_id":0,"font":"","enabled":false},"version":2}},"categories":[851,10104],"tags":[],"class_list":["post-55209","post","type-post","status-publish","format-standard","has-post-thumbnail","hentry","category-petrolina","category-violencia"],"jetpack_publicize_connections":[],"jetpack_featured_media_url":"https:\/\/blogopara.com.br\/wp-content\/uploads\/2023\/07\/violencia.jpg","uagb_featured_image_src":{"full":["https:\/\/blogopara.com.br\/wp-content\/uploads\/2023\/07\/violencia.jpg",500,281,false],"thumbnail":["https:\/\/blogopara.com.br\/wp-content\/uploads\/2023\/07\/violencia-150x150.jpg",150,150,true],"medium":["https:\/\/blogopara.com.br\/wp-content\/uploads\/2023\/07\/violencia-300x169.jpg",300,169,true],"medium_large":["https:\/\/blogopara.com.br\/wp-content\/uploads\/2023\/07\/violencia.jpg",500,281,false],"large":["https:\/\/blogopara.com.br\/wp-content\/uploads\/2023\/07\/violencia.jpg",500,281,false],"1536x1536":["https:\/\/blogopara.com.br\/wp-content\/uploads\/2023\/07\/violencia.jpg",500,281,false],"2048x2048":["https:\/\/blogopara.com.br\/wp-content\/uploads\/2023\/07\/violencia.jpg",500,281,false],"mantranews-slider-large":["https:\/\/blogopara.com.br\/wp-content\/uploads\/2023\/07\/violencia.jpg",500,281,false],"mantranews-featured-medium":["https:\/\/blogopara.com.br\/wp-content\/uploads\/2023\/07\/violencia-420x281.jpg",420,281,true],"mantranews-featured-long":["https:\/\/blogopara.com.br\/wp-content\/uploads\/2023\/07\/violencia-300x281.jpg",300,281,true],"mantranews-block-medium":["https:\/\/blogopara.com.br\/wp-content\/uploads\/2023\/07\/violencia-464x281.jpg",464,281,true],"mantranews-carousel-image":["https:\/\/blogopara.com.br\/wp-content\/uploads\/2023\/07\/violencia.jpg",500,281,false],"mantranews-block-thumb":["https:\/\/blogopara.com.br\/wp-content\/uploads\/2023\/07\/violencia-322x230.jpg",322,230,true],"mantranews-single-large":["https:\/\/blogopara.com.br\/wp-content\/uploads\/2023\/07\/violencia.jpg",500,281,false]},"uagb_author_info":{"display_name":"Reda\u00e7\u00e3o geral","author_link":"https:\/\/blogopara.com.br\/index.php\/author\/blogopara"},"uagb_comment_info":0,"uagb_excerpt":"Na madrugada do dia 12 de janeiro, um homem de 24 anos foi assassinado a tiros no bairro Jo\u00e3o de Deus, em\u00a0Petrolina, no Sert\u00e3o. Esse foi o primeiro\u00a0dos 83 homic\u00eddios registrados no munic\u00edpio nos seis primeiros meses de 2023, de acordo com levantamento divulgado pela Secretaria de Defesa Social de Pernambuco (SDS).\u00a0Em todo estado, foram&hellip;","jetpack_sharing_enabled":true,"jetpack_likes_enabled":true,"_links":{"self":[{"href":"https:\/\/blogopara.com.br\/index.php\/wp-json\/wp\/v2\/posts\/55209","targetHints":{"allow":["GET"]}}],"collection":[{"href":"https:\/\/blogopara.com.br\/index.php\/wp-json\/wp\/v2\/posts"}],"about":[{"href":"https:\/\/blogopara.com.br\/index.php\/wp-json\/wp\/v2\/types\/post"}],"author":[{"embeddable":true,"href":"https:\/\/blogopara.com.br\/index.php\/wp-json\/wp\/v2\/users\/1"}],"replies":[{"embeddable":true,"href":"https:\/\/blogopara.com.br\/index.php\/wp-json\/wp\/v2\/comments?post=55209"}],"version-history":[{"count":1,"href":"https:\/\/blogopara.com.br\/index.php\/wp-json\/wp\/v2\/posts\/55209\/revisions"}],"predecessor-version":[{"id":55211,"href":"https:\/\/blogopara.com.br\/index.php\/wp-json\/wp\/v2\/posts\/55209\/revisions\/55211"}],"wp:featuredmedia":[{"embeddable":true,"href":"https:\/\/blogopara.com.br\/index.php\/wp-json\/wp\/v2\/media\/55210"}],"wp:attachment":[{"href":"https:\/\/blogopara.com.br\/index.php\/wp-json\/wp\/v2\/media?parent=55209"}],"wp:term":[{"taxonomy":"category","embeddable":true,"href":"https:\/\/blogopara.com.br\/index.php\/wp-json\/wp\/v2\/categories?post=55209"},{"taxonomy":"post_tag","embeddable":true,"href":"https:\/\/blogopara.com.br\/index.php\/wp-json\/wp\/v2\/tags?post=55209"}],"curies":[{"name":"wp","href":"https:\/\/api.w.org\/{rel}","templated":true}]}}