{"id":55218,"date":"2023-07-22T07:58:00","date_gmt":"2023-07-22T10:58:00","guid":{"rendered":"https:\/\/blogopara.com.br\/?p=55218"},"modified":"2023-07-20T20:01:49","modified_gmt":"2023-07-20T23:01:49","slug":"divulgada-programacao-da-55a-festa-do-colono-do-perimetro-irrigado-de-bebedouro","status":"publish","type":"post","link":"https:\/\/blogopara.com.br\/index.php\/2023\/07\/22\/divulgada-programacao-da-55a-festa-do-colono-do-perimetro-irrigado-de-bebedouro","title":{"rendered":"Divulgada programa\u00e7\u00e3o da 55\u00aa Festa do Colono do per\u00edmetro irrigado de Bebedouro"},"content":{"rendered":"<div id=\"chunk-7st3d\">\n<div class=\"mc-column content-text active-extra-styles \" data-block-type=\"unstyled\" data-block-weight=\"46\" data-block-id=\"3\">\n<p class=\"content-text__container \" style=\"text-align: justify;\" data-track-category=\"Link no Texto\" data-track-links=\"\">Entre os dias 27 e 29 de julho, ser\u00e1 realizada a 55\u00aa Festa do Colono do per\u00edmetro irrigado de Bebedouro, Zona rural de\u00a0Petrolina, Sert\u00e3o de Pernambuco. A festa homenageia os produtores da regi\u00e3o e conta com alvorada, missa, partida de futebol, churrasco e shows musicais.<\/p>\n<\/div>\n<\/div>\n<div class=\"wall protected-content\">\n<div id=\"chunk-4ub9i\">\n<div class=\"mc-column content-text active-extra-styles \" data-block-type=\"unstyled\" data-block-weight=\"47\" data-block-id=\"4\">\n<p class=\"content-text__container \" style=\"text-align: justify;\" data-track-category=\"Link no Texto\" data-track-links=\"\">O per\u00edmetro<span style=\"font-size: revert; color: initial;\">\u00a0irrigado do Bebedouro \u00e9 o mais antigo de Petrolina e a Festa do Colono faz parte do calend\u00e1rio festivo do munic\u00edpio. A \u00e1rea do per\u00edmetro representa aproximadamente 1.700 hectares. Mais de 200 fam\u00edlias exploram a agricultura e possuem a fruticultura como principal fonte de renda.<\/span><\/p>\n<div id=\"chunk-8v3o6\">\n<div class=\"mc-column content-text active-extra-styles \" data-block-type=\"unstyled\" data-block-weight=\"26\" data-block-id=\"5\">\n<p class=\"content-text__container \" style=\"text-align: justify;\" data-track-category=\"Link no Texto\" data-track-links=\"\">A comemora\u00e7\u00e3o \u00e9 organizada por uma comiss\u00e3o de moradores locais. Entre os artistas que se apresentar\u00e3o este ano est\u00e3o: Thiago Carvalho, Andr\u00e9 Mendes e Boteco Sertanejo.<\/p>\n<div id=\"chunk-a13oj\" style=\"text-align: justify;\">\n<div class=\"mc-column content-text active-extra-styles\" data-block-type=\"raw\" data-block-weight=\"3\" data-block-id=\"7\">\n<div class=\"content-intertitle\">\n<h2>Confira a programa\u00e7\u00e3o<\/h2>\n<\/div>\n<p><strong style=\"font-size: revert; color: initial;\">Quinta-feira, 27 de julho<\/strong><\/p>\n<\/div>\n<\/div>\n<div id=\"chunk-38di0\" style=\"text-align: justify;\">\n<div class=\"mc-column content-text active-extra-styles\" data-block-type=\"raw\" data-block-weight=\"22\" data-block-id=\"9\">\n<ul class=\"content-unordered-list\">\n<li>19h \u2013 Culto em a\u00e7\u00e3o de gra\u00e7a aos colonos e familiares &#8211; 1\u00ba Igreja Batista Mission\u00e1ria de Nova Descoberta \u2013 Vila N-S-1<\/li>\n<\/ul>\n<p><strong style=\"font-size: revert; color: initial;\">Sexta-feira, 28 de julho<\/strong><\/p>\n<\/div>\n<\/div>\n<div id=\"chunk-3dtkh\" style=\"text-align: justify;\">\n<div class=\"mc-column content-text active-extra-styles\" data-block-type=\"raw\" data-block-weight=\"10\" data-block-id=\"11\">\n<ul class=\"content-unordered-list\">\n<li>18h30 \u2013 Homenagem aos colonos &#8211; Clube da Vila N-S-1<\/li>\n<\/ul>\n<p><strong style=\"font-size: revert; color: initial;\">S\u00e1bado, 29 de julho<\/strong><\/p>\n<\/div>\n<\/div>\n<div id=\"chunk-7sg0i\">\n<div class=\"mc-column content-text active-extra-styles\" data-block-type=\"raw\" data-block-weight=\"60\" data-block-id=\"13\">\n<ul class=\"content-unordered-list\" style=\"text-align: justify;\">\n<li>4h30 \u2013 Alvorada e desfile de moto<\/li>\n<li>7h \u2013 Hasteamento das bandeiras<\/li>\n<li>7h30 \u2013 Caldo e Forr\u00f3 P\u00e9 de Serra<\/li>\n<li>9h \u2013 Partida de Futebol entre as comunidades de Bebedouro e Mani\u00e7oba<\/li>\n<li>11h \u2013 Missa em a\u00e7\u00e3o de gra\u00e7a aos colonos e familiares<\/li>\n<li>12h \u2013 Churrasco e a apresenta\u00e7\u00e3o dos artistas Thiago Carvalho, Andr\u00e9 Mendes, Ana Costa e Boteco Sertanejo.<\/li>\n<\/ul>\n<p>Fonte: G1<\/p>\n<p style=\"text-align: justify;\">\n<\/div>\n<\/div>\n<\/div>\n<\/div>\n<\/div>\n<\/div>\n<\/div>\n","protected":false},"excerpt":{"rendered":"<p>Entre os dias 27 e 29 de julho, ser\u00e1 realizada a 55\u00aa Festa do Colono do per\u00edmetro irrigado de Bebedouro, Zona rural de\u00a0Petrolina, Sert\u00e3o de Pernambuco. A festa homenageia os produtores da regi\u00e3o e conta com alvorada, missa, partida de futebol, churrasco e shows musicais. O per\u00edmetro\u00a0irrigado do Bebedouro \u00e9 o mais antigo de Petrolina [&hellip;]<\/p>\n","protected":false},"author":1,"featured_media":0,"comment_status":"closed","ping_status":"open","sticky":false,"template":"","format":"standard","meta":{"_uag_custom_page_level_css":"","_monsterinsights_skip_tracking":false,"_monsterinsights_sitenote_active":false,"_monsterinsights_sitenote_note":"","_monsterinsights_sitenote_category":0,"jetpack_post_was_ever_published":false,"_jetpack_newsletter_access":"","_jetpack_dont_email_post_to_subs":false,"_jetpack_newsletter_tier_id":0,"_jetpack_memberships_contains_paywalled_content":false,"_jetpack_memberships_contains_paid_content":false,"footnotes":"","jetpack_publicize_message":"","jetpack_publicize_feature_enabled":true,"jetpack_social_post_already_shared":true,"jetpack_social_options":{"image_generator_settings":{"template":"highway","default_image_id":0,"font":"","enabled":false},"version":2}},"categories":[1784],"tags":[],"class_list":["post-55218","post","type-post","status-publish","format-standard","hentry","category-cultura-2"],"jetpack_publicize_connections":[],"jetpack_featured_media_url":"","uagb_featured_image_src":{"full":false,"thumbnail":false,"medium":false,"medium_large":false,"large":false,"1536x1536":false,"2048x2048":false,"mantranews-slider-large":false,"mantranews-featured-medium":false,"mantranews-featured-long":false,"mantranews-block-medium":false,"mantranews-carousel-image":false,"mantranews-block-thumb":false,"mantranews-single-large":false},"uagb_author_info":{"display_name":"Reda\u00e7\u00e3o geral","author_link":"https:\/\/blogopara.com.br\/index.php\/author\/blogopara"},"uagb_comment_info":0,"uagb_excerpt":"Entre os dias 27 e 29 de julho, ser\u00e1 realizada a 55\u00aa Festa do Colono do per\u00edmetro irrigado de Bebedouro, Zona rural de\u00a0Petrolina, Sert\u00e3o de Pernambuco. A festa homenageia os produtores da regi\u00e3o e conta com alvorada, missa, partida de futebol, churrasco e shows musicais. O per\u00edmetro\u00a0irrigado do Bebedouro \u00e9 o mais antigo de Petrolina&hellip;","jetpack_sharing_enabled":true,"jetpack_likes_enabled":true,"_links":{"self":[{"href":"https:\/\/blogopara.com.br\/index.php\/wp-json\/wp\/v2\/posts\/55218","targetHints":{"allow":["GET"]}}],"collection":[{"href":"https:\/\/blogopara.com.br\/index.php\/wp-json\/wp\/v2\/posts"}],"about":[{"href":"https:\/\/blogopara.com.br\/index.php\/wp-json\/wp\/v2\/types\/post"}],"author":[{"embeddable":true,"href":"https:\/\/blogopara.com.br\/index.php\/wp-json\/wp\/v2\/users\/1"}],"replies":[{"embeddable":true,"href":"https:\/\/blogopara.com.br\/index.php\/wp-json\/wp\/v2\/comments?post=55218"}],"version-history":[{"count":1,"href":"https:\/\/blogopara.com.br\/index.php\/wp-json\/wp\/v2\/posts\/55218\/revisions"}],"predecessor-version":[{"id":55219,"href":"https:\/\/blogopara.com.br\/index.php\/wp-json\/wp\/v2\/posts\/55218\/revisions\/55219"}],"wp:attachment":[{"href":"https:\/\/blogopara.com.br\/index.php\/wp-json\/wp\/v2\/media?parent=55218"}],"wp:term":[{"taxonomy":"category","embeddable":true,"href":"https:\/\/blogopara.com.br\/index.php\/wp-json\/wp\/v2\/categories?post=55218"},{"taxonomy":"post_tag","embeddable":true,"href":"https:\/\/blogopara.com.br\/index.php\/wp-json\/wp\/v2\/tags?post=55218"}],"curies":[{"name":"wp","href":"https:\/\/api.w.org\/{rel}","templated":true}]}}