{"id":55223,"date":"2023-07-22T16:04:00","date_gmt":"2023-07-22T19:04:00","guid":{"rendered":"https:\/\/blogopara.com.br\/?p=55223"},"modified":"2023-07-20T20:09:03","modified_gmt":"2023-07-20T23:09:03","slug":"estado-de-violencia-bahia-lidera-ranking-de-mortes-violentas-e-registra-quase-7-mil-assassinatos","status":"publish","type":"post","link":"https:\/\/blogopara.com.br\/index.php\/2023\/07\/22\/estado-de-violencia-bahia-lidera-ranking-de-mortes-violentas-e-registra-quase-7-mil-assassinatos","title":{"rendered":"Estado de viol\u00eancia: Bahia lidera ranking de mortes violentas e registra quase 7 mil assassinatos"},"content":{"rendered":"<p style=\"text-align: justify;\">A Bahia registrou 6.659 mortes violentas intencionais em 2022. Os dados alarmantes, que colocam o estado como<span class=\"highlight highlighted\">\u00a0l\u00edder no ranking nacional,<\/span>\u00a0foram colhidos pelo F\u00f3rum Brasileiro de Seguran\u00e7a P\u00fablica e divulgados nesta quinta-feira (20), em um anu\u00e1rio.<\/p>\n<div id=\"chunk-egqk8\" style=\"text-align: justify;\">\n<div class=\"mc-column content-text active-extra-styles \" data-block-type=\"unstyled\" data-block-weight=\"45\" data-block-id=\"5\">\n<p class=\"content-text__container \" data-track-category=\"Link no Texto\" data-track-links=\"\">A soma total de mortes violentas engloba os homic\u00eddios dolosos (incluindo feminic\u00eddios, que s\u00e3o homic\u00eddios qualificados); les\u00f5es corporais que terminam com morte; latroc\u00ednios, que \u00e9 quando a v\u00edtima \u00e9 assassinada para que o roubo seja conclu\u00eddo; mortes de policiais e assassinatos cometidos por eles.<\/p>\n<\/div>\n<\/div>\n<div id=\"chunk-b9ncf\" style=\"text-align: justify;\">\n<div class=\"content-ads content-ads--reveal\" data-block-type=\"ads\" data-block-id=\"6\">\n<div id=\"banner_materia2\" class=\"tag-manager-publicidade-container mc-has-reveal mc-has-ad-lazyload tag-manager-publicidade-banner_materia2 tag-manager-publicidade-container--carregado tag-manager-publicidade-container--visivel\" data-id=\"banner_materia2\" data-google-query-id=\"CIvEgvKynoADFQZP3QId3RUN-w\">\n<div id=\"google_ads_iframe_\/95377733\/tvg_G1\/Sua_Regiao&gt;Nordeste&gt;Bahia_3__container__\" style=\"box-sizing: inherit; margin: auto; padding: 0px; border: 0pt none; font: inherit; vertical-align: baseline; max-width: 100%; text-align: center; width: 970px; height: 250px;\">\n<div id=\"chunk-emqcc\">\n<div class=\"mc-column content-text active-extra-styles \" data-block-type=\"unstyled\" data-block-weight=\"39\" data-block-id=\"7\">\n<p class=\"content-text__container \" style=\"text-align: justify;\" data-track-category=\"Link no Texto\" data-track-links=\"\">Todos os dados analisados pelo\u00a0g1\u00a0nesta reportagem s\u00e3o com base no n\u00famero absoluto de v\u00edtimas mortas, e n\u00e3o no n\u00famero de ocorr\u00eancias. Exemplo: um triplo homic\u00eddio \u00e9 registrado apenas como uma ocorr\u00eancia, mas s\u00e3o tr\u00eas pessoas mortas.<\/p>\n<\/div>\n<\/div>\n<div id=\"chunk-37kc7\">\n<div class=\"mc-column content-text active-extra-styles \" data-block-type=\"unstyled\" data-block-weight=\"51\" data-block-id=\"8\">\n<p class=\"content-text__container \" style=\"text-align: justify;\" data-track-category=\"Link no Texto\" data-track-links=\"\">O\u00a0g1\u00a0entrou em contato com a Secretaria de Seguran\u00e7a P\u00fablica da Bahia (SSP-BA), que responde pelas pol\u00edcias Civil e Militar, para obter um posicionamento sobre o governo estadual que tem sido feito para diminuir a inseguran\u00e7a e o \u00edndice de crimes violentos em todo o estado, mas n\u00e3o obteve resposta.<\/p>\n<p data-track-category=\"Link no Texto\" data-track-links=\"\">\u00a0<\/p>\n<p data-track-category=\"Link no Texto\" data-track-links=\"\">\u00a0<\/p>\n<\/div>\n<\/div>\n<\/div>\n<\/div>\n<\/div>\n<\/div>\n<div id=\"chunk-emqcc\">\n<div class=\"mc-column content-text active-extra-styles \" style=\"text-align: justify;\" data-block-type=\"unstyled\" data-block-weight=\"39\" data-block-id=\"7\">\n<div id=\"chunk-3h46k\">\n<div class=\"mc-column content-text active-extra-styles \" data-block-type=\"unstyled\" data-block-weight=\"58\" data-block-id=\"9\">\n<p class=\"content-text__container \" data-track-category=\"Link no Texto\" data-track-links=\"\">Das 50 cidades mais violentas do pa\u00eds, 12 est\u00e3o na Bahia: o estado que mais aparece na lista. Todas elas t\u00eam mais de 100 mil habitantes. O munic\u00edpio com maior taxa de mortes violentas \u00e9 Jequi\u00e9, que nem est\u00e1 na lista das 10 maiores cidades baianas, com base no Censo 2022, Instituto Brasileiro de Geografia e Estat\u00edstica (IBGE).<\/p>\n<\/div>\n<\/div>\n<div id=\"chunk-e9cca\">\n<div class=\"mc-column content-text active-extra-styles \" data-block-type=\"unstyled\" data-block-weight=\"45\" data-block-id=\"10\">\n<p class=\"content-text__container \" data-track-category=\"Link no Texto\" data-track-links=\"\">Por l\u00e1, em um dos crimes registrados no ano passado, em fevereiro,\u00a0dois jovens de 16 e 26 anos foram mortos em um ataque a tiros, que deixou outras duas pessoas feridas, de 18 e 20 anos, no bairro Pau Ferro. Ningu\u00e9m foi preso.<\/p>\n<\/div>\n<\/div>\n<div id=\"chunk-3le\">\n<div class=\"mc-column content-text active-extra-styles \" data-block-type=\"unstyled\" data-block-weight=\"43\" data-block-id=\"11\">\n<p class=\"content-text__container \" data-track-category=\"Link no Texto\" data-track-links=\"\">A cidade tem taxa de mortes violentas de 88,8 a cada 100 mil habitantes. Outras tr\u00eas cidades baianas tem taxa superior a 80, e seguem Jequi\u00e9 com as mais violentas do pa\u00eds: Santo Ant\u00f4nio de Jesus (88,3), Sim\u00f5es Filho (87,4) e Cama\u00e7ari (82,1).<\/p>\n<\/div>\n<\/div>\n<div id=\"chunk-48sd7\">\n<div class=\"content-ads content-ads--reveal\" data-block-type=\"ads\" data-block-id=\"12\">\n<div id=\"banner_materia__d4dc11f6-be9c-4ad7-b213-5eb8145821a8\" class=\"tag-manager-publicidade-container mc-has-reveal mc-has-ad-lazyload tag-manager-publicidade-banner_materia__d4dc11f6-be9c-4ad7-b213-5eb8145821a8 tag-manager-publicidade-container--carregado tag-manager-publicidade-container--visivel\" data-id=\"banner_materia__d4dc11f6-be9c-4ad7-b213-5eb8145821a8\" data-google-query-id=\"COH-hveynoADFSlM3QIdGkgO2w\">\n<p class=\"mc-column show-table__title\">20 das 50 cidades mais violentas do pa\u00eds<\/p>\n<div class=\"show-table__centralized\">\n<div class=\"show-table__container\">\n<table class=\"show-table__content\n show-table__content--highlight-top        \">\n<tbody>\n<tr>\n<td>Munic\u00edpio<\/td>\n<td>Estado<\/td>\n<td>Taxa de Mortes Violentas<\/td>\n<\/tr>\n<tr>\n<td>Jequi\u00e9<\/td>\n<td>BA<\/td>\n<td>88,8<\/td>\n<\/tr>\n<tr>\n<td>Santo Ant\u00f4nio de Jesus<\/td>\n<td>BA<\/td>\n<td>88,3<\/td>\n<\/tr>\n<tr>\n<td>Sim\u00f5es Filho<\/td>\n<td>BA<\/td>\n<td>87,4<\/td>\n<\/tr>\n<tr>\n<td>Cama\u00e7ari<\/td>\n<td>BA<\/td>\n<td>82,1<\/td>\n<\/tr>\n<tr>\n<td>Cabo de Santo Agostinho<\/td>\n<td>PE<\/td>\n<td>81,2<\/td>\n<\/tr>\n<tr>\n<td>Sorriso<\/td>\n<td>MT<\/td>\n<td>70,5<\/td>\n<\/tr>\n<tr>\n<td>Altamira<\/td>\n<td>PA<\/td>\n<td>70,5<\/td>\n<\/tr>\n<tr>\n<td>Macap\u00e1<\/td>\n<td>AP<\/td>\n<td>70<\/td>\n<\/tr>\n<tr>\n<td>Feira de Santana<\/td>\n<td>BA<\/td>\n<td>68,5<\/td>\n<\/tr>\n<tr>\n<td>Juazeiro<\/td>\n<td>BA<\/td>\n<td>68,3<\/td>\n<\/tr>\n<tr>\n<td>Teixeira de Freitas<\/td>\n<td>BA<\/td>\n<td>66,8<\/td>\n<\/tr>\n<tr>\n<td>Salvador<\/td>\n<td>BA<\/td>\n<td>66<\/td>\n<\/tr>\n<tr>\n<td>Mossor\u00f3<\/td>\n<td>RN<\/td>\n<td>63,5<\/td>\n<\/tr>\n<tr>\n<td>Ilh\u00e9us<\/td>\n<td>BA<\/td>\n<td>62,1<\/td>\n<\/tr>\n<tr>\n<td>Itaituba<\/td>\n<td>PA<\/td>\n<td>61,6<\/td>\n<\/tr>\n<tr>\n<td>Itagua\u00ed<\/td>\n<td>RJ<\/td>\n<td>61,6<\/td>\n<\/tr>\n<tr>\n<td>Queimados<\/td>\n<td>RJ<\/td>\n<td>61,2<\/td>\n<\/tr>\n<tr>\n<td>Lu\u00eds Eduardo Magalh\u00e3es<\/td>\n<td>BA<\/td>\n<td>56,5<\/td>\n<\/tr>\n<tr>\n<td>Eun\u00e1polis<\/td>\n<td>BA<\/td>\n<td>56,3<\/td>\n<\/tr>\n<tr>\n<td>Santa Rita<\/td>\n<td>PB<\/td>\n<td>56<\/td>\n<\/tr>\n<\/tbody>\n<\/table>\n<\/div>\n<\/div>\n<\/div>\n<\/div>\n<\/div>\n<\/div>\n<\/div>\n\n\n<p><\/p>\n","protected":false},"excerpt":{"rendered":"<p>A Bahia registrou 6.659 mortes violentas intencionais em 2022. Os dados alarmantes, que colocam o estado como\u00a0l\u00edder no ranking nacional,\u00a0foram colhidos pelo F\u00f3rum Brasileiro de Seguran\u00e7a P\u00fablica e divulgados nesta quinta-feira (20), em um anu\u00e1rio. A soma total de mortes violentas engloba os homic\u00eddios dolosos (incluindo feminic\u00eddios, que s\u00e3o homic\u00eddios qualificados); les\u00f5es corporais que terminam [&hellip;]<\/p>\n","protected":false},"author":1,"featured_media":55210,"comment_status":"closed","ping_status":"open","sticky":false,"template":"","format":"standard","meta":{"_uag_custom_page_level_css":"","_monsterinsights_skip_tracking":false,"_monsterinsights_sitenote_active":false,"_monsterinsights_sitenote_note":"","_monsterinsights_sitenote_category":0,"jetpack_post_was_ever_published":false,"_jetpack_newsletter_access":"","_jetpack_dont_email_post_to_subs":false,"_jetpack_newsletter_tier_id":0,"_jetpack_memberships_contains_paywalled_content":false,"_jetpack_memberships_contains_paid_content":false,"footnotes":"","jetpack_publicize_message":"","jetpack_publicize_feature_enabled":true,"jetpack_social_post_already_shared":true,"jetpack_social_options":{"image_generator_settings":{"template":"highway","default_image_id":0,"font":"","enabled":false},"version":2}},"categories":[199],"tags":[],"class_list":["post-55223","post","type-post","status-publish","format-standard","has-post-thumbnail","hentry","category-bahia"],"jetpack_publicize_connections":[],"jetpack_featured_media_url":"https:\/\/blogopara.com.br\/wp-content\/uploads\/2023\/07\/violencia.jpg","uagb_featured_image_src":{"full":["https:\/\/blogopara.com.br\/wp-content\/uploads\/2023\/07\/violencia.jpg",500,281,false],"thumbnail":["https:\/\/blogopara.com.br\/wp-content\/uploads\/2023\/07\/violencia-150x150.jpg",150,150,true],"medium":["https:\/\/blogopara.com.br\/wp-content\/uploads\/2023\/07\/violencia-300x169.jpg",300,169,true],"medium_large":["https:\/\/blogopara.com.br\/wp-content\/uploads\/2023\/07\/violencia.jpg",500,281,false],"large":["https:\/\/blogopara.com.br\/wp-content\/uploads\/2023\/07\/violencia.jpg",500,281,false],"1536x1536":["https:\/\/blogopara.com.br\/wp-content\/uploads\/2023\/07\/violencia.jpg",500,281,false],"2048x2048":["https:\/\/blogopara.com.br\/wp-content\/uploads\/2023\/07\/violencia.jpg",500,281,false],"mantranews-slider-large":["https:\/\/blogopara.com.br\/wp-content\/uploads\/2023\/07\/violencia.jpg",500,281,false],"mantranews-featured-medium":["https:\/\/blogopara.com.br\/wp-content\/uploads\/2023\/07\/violencia-420x281.jpg",420,281,true],"mantranews-featured-long":["https:\/\/blogopara.com.br\/wp-content\/uploads\/2023\/07\/violencia-300x281.jpg",300,281,true],"mantranews-block-medium":["https:\/\/blogopara.com.br\/wp-content\/uploads\/2023\/07\/violencia-464x281.jpg",464,281,true],"mantranews-carousel-image":["https:\/\/blogopara.com.br\/wp-content\/uploads\/2023\/07\/violencia.jpg",500,281,false],"mantranews-block-thumb":["https:\/\/blogopara.com.br\/wp-content\/uploads\/2023\/07\/violencia-322x230.jpg",322,230,true],"mantranews-single-large":["https:\/\/blogopara.com.br\/wp-content\/uploads\/2023\/07\/violencia.jpg",500,281,false]},"uagb_author_info":{"display_name":"Reda\u00e7\u00e3o geral","author_link":"https:\/\/blogopara.com.br\/index.php\/author\/blogopara"},"uagb_comment_info":0,"uagb_excerpt":"A Bahia registrou 6.659 mortes violentas intencionais em 2022. Os dados alarmantes, que colocam o estado como\u00a0l\u00edder no ranking nacional,\u00a0foram colhidos pelo F\u00f3rum Brasileiro de Seguran\u00e7a P\u00fablica e divulgados nesta quinta-feira (20), em um anu\u00e1rio. A soma total de mortes violentas engloba os homic\u00eddios dolosos (incluindo feminic\u00eddios, que s\u00e3o homic\u00eddios qualificados); les\u00f5es corporais que terminam&hellip;","jetpack_sharing_enabled":true,"jetpack_likes_enabled":true,"_links":{"self":[{"href":"https:\/\/blogopara.com.br\/index.php\/wp-json\/wp\/v2\/posts\/55223","targetHints":{"allow":["GET"]}}],"collection":[{"href":"https:\/\/blogopara.com.br\/index.php\/wp-json\/wp\/v2\/posts"}],"about":[{"href":"https:\/\/blogopara.com.br\/index.php\/wp-json\/wp\/v2\/types\/post"}],"author":[{"embeddable":true,"href":"https:\/\/blogopara.com.br\/index.php\/wp-json\/wp\/v2\/users\/1"}],"replies":[{"embeddable":true,"href":"https:\/\/blogopara.com.br\/index.php\/wp-json\/wp\/v2\/comments?post=55223"}],"version-history":[{"count":2,"href":"https:\/\/blogopara.com.br\/index.php\/wp-json\/wp\/v2\/posts\/55223\/revisions"}],"predecessor-version":[{"id":55225,"href":"https:\/\/blogopara.com.br\/index.php\/wp-json\/wp\/v2\/posts\/55223\/revisions\/55225"}],"wp:featuredmedia":[{"embeddable":true,"href":"https:\/\/blogopara.com.br\/index.php\/wp-json\/wp\/v2\/media\/55210"}],"wp:attachment":[{"href":"https:\/\/blogopara.com.br\/index.php\/wp-json\/wp\/v2\/media?parent=55223"}],"wp:term":[{"taxonomy":"category","embeddable":true,"href":"https:\/\/blogopara.com.br\/index.php\/wp-json\/wp\/v2\/categories?post=55223"},{"taxonomy":"post_tag","embeddable":true,"href":"https:\/\/blogopara.com.br\/index.php\/wp-json\/wp\/v2\/tags?post=55223"}],"curies":[{"name":"wp","href":"https:\/\/api.w.org\/{rel}","templated":true}]}}