{"id":55226,"date":"2023-07-21T18:30:00","date_gmt":"2023-07-21T21:30:00","guid":{"rendered":"https:\/\/blogopara.com.br\/?p=55226"},"modified":"2023-07-20T20:12:24","modified_gmt":"2023-07-20T23:12:24","slug":"bahia-juazeiro-e-a-10a-cidade-mais-violenta-do-pais-segundo-levantamento","status":"publish","type":"post","link":"https:\/\/blogopara.com.br\/index.php\/2023\/07\/21\/bahia-juazeiro-e-a-10a-cidade-mais-violenta-do-pais-segundo-levantamento","title":{"rendered":"Bahia: Juazeiro \u00e9 a 10\u00aa cidade mais violenta do pa\u00eds, segundo levantamento"},"content":{"rendered":"<p style=\"text-align: justify;\">Juazeiro (BA) \u00e9 a d\u00e9cima cidade mais violenta do pa\u00eds, com taxa de 68,3 mortes por 100 mil habitantes. Os dados, referentes a 2022, s\u00e3o do anu\u00e1rio do F\u00f3rum Brasileiro de Seguran\u00e7a P\u00fablica e foram divulgados nesta quinta-feira (20).<\/p>\n<p style=\"text-align: justify;\">Os assassinatos intencionais s\u00e3o aqueles em que houve a inten\u00e7\u00e3o de matar. Nessa lista de crimes est\u00e3o homic\u00eddio doloso, latroc\u00ednio, les\u00e3o corporal seguida de morte, mortes de policiais e mortes decorrentes de interven\u00e7\u00e3o policial.<\/p>\n<p style=\"text-align: justify;\">De acordo com o levantamento, a cidade mais violenta do Brasil tamb\u00e9m est\u00e1 na Bahia. Jequi\u00e9 tem taxa de 88,8 mortes por 100 mil habitantes, segundo o levantamento. Al\u00e9m disso, outras nove cidades baianas engrossam a lista de munic\u00edpios mais violentos do pa\u00eds, entre elas Cama\u00e7ari, Sim\u00f5es Filho, Salvador e Feira de Santana.<\/p>\n<p style=\"text-align: justify;\">O levantamento ainda mostra que a Bahia \u00e9 o segundo estado mais violento do Brasil (47,1% por 100 mil habitantes), ficando atr\u00e1s apenas do Amap\u00e1 (50,6%).<\/p>\n<p style=\"text-align: justify;\">O Blog est\u00e1 aguardando novos detalhes solicitados \u00e0 Secretaria de Seguran\u00e7a P\u00fablica da Bahia (SSP-BA), al\u00e9m de um posicionamento do governo estadual.<\/p>\n<p style=\"text-align: justify;\"><b>Anu\u00e1rio<\/b><\/p>\n<p style=\"text-align: justify;\">O Anu\u00e1rio Brasileiro de Seguran\u00e7a P\u00fablica \u00e9 um levantamento realizado desde 2007 pelo F\u00f3rum Brasileiro de Seguran\u00e7a P\u00fablica e \u00e9 produzido a partir de dados e indicadores oficiais e traz tamb\u00e9m informa\u00e7\u00f5es sobre o n\u00famero de registros de novas armas, gastos com seguran\u00e7a p\u00fablica da Uni\u00e3o, do DF, dos Estados e dos munic\u00edpios brasileiros, pessoas desaparecidas, suic\u00eddios de policiais, seguran\u00e7a privada, sistema prisional, entre outros. S\u00e3o diversas fontes p\u00fablicas de dados que permitem, em uma s\u00f3 publica\u00e7\u00e3o, um panorama completo da \u00e1rea.<\/p>\n","protected":false},"excerpt":{"rendered":"<p>Juazeiro (BA) \u00e9 a d\u00e9cima cidade mais violenta do pa\u00eds, com taxa de 68,3 mortes por 100 mil habitantes. Os dados, referentes a 2022, s\u00e3o do anu\u00e1rio do F\u00f3rum Brasileiro de Seguran\u00e7a P\u00fablica e foram divulgados nesta quinta-feira (20). Os assassinatos intencionais s\u00e3o aqueles em que houve a inten\u00e7\u00e3o de matar. Nessa lista de crimes [&hellip;]<\/p>\n","protected":false},"author":1,"featured_media":7286,"comment_status":"closed","ping_status":"open","sticky":false,"template":"","format":"standard","meta":{"_uag_custom_page_level_css":"","_monsterinsights_skip_tracking":false,"_monsterinsights_sitenote_active":false,"_monsterinsights_sitenote_note":"","_monsterinsights_sitenote_category":0,"jetpack_post_was_ever_published":false,"_jetpack_newsletter_access":"","_jetpack_dont_email_post_to_subs":false,"_jetpack_newsletter_tier_id":0,"_jetpack_memberships_contains_paywalled_content":false,"_jetpack_memberships_contains_paid_content":false,"footnotes":"","jetpack_publicize_message":"","jetpack_publicize_feature_enabled":true,"jetpack_social_post_already_shared":true,"jetpack_social_options":{"image_generator_settings":{"template":"highway","default_image_id":0,"font":"","enabled":false},"version":2}},"categories":[199],"tags":[950,8075,10136,4889],"class_list":["post-55226","post","type-post","status-publish","format-standard","has-post-thumbnail","hentry","category-bahia","tag-cprn-norte","tag-jeronimo-rodrigues","tag-pt-da-bahia","tag-ssp-ba"],"jetpack_publicize_connections":[],"jetpack_featured_media_url":"https:\/\/blogopara.com.br\/wp-content\/uploads\/2020\/02\/homicidio-violencia-e1666094574189.jpg","uagb_featured_image_src":{"full":["https:\/\/blogopara.com.br\/wp-content\/uploads\/2020\/02\/homicidio-violencia-e1666094574189.jpg",500,263,false],"thumbnail":["https:\/\/blogopara.com.br\/wp-content\/uploads\/2020\/02\/homicidio-violencia-e1528235328685-150x150.jpg",150,150,true],"medium":["https:\/\/blogopara.com.br\/wp-content\/uploads\/2020\/02\/homicidio-violencia-e1528235328685-300x158.jpg",300,158,true],"medium_large":["https:\/\/blogopara.com.br\/wp-content\/uploads\/2020\/02\/homicidio-violencia-e1666094574189.jpg",500,263,false],"large":["https:\/\/blogopara.com.br\/wp-content\/uploads\/2020\/02\/homicidio-violencia-e1666094574189.jpg",500,263,false],"1536x1536":["https:\/\/blogopara.com.br\/wp-content\/uploads\/2020\/02\/homicidio-violencia-e1666094574189.jpg",500,263,false],"2048x2048":["https:\/\/blogopara.com.br\/wp-content\/uploads\/2020\/02\/homicidio-violencia-e1666094574189.jpg",500,263,false],"mantranews-slider-large":["https:\/\/blogopara.com.br\/wp-content\/uploads\/2020\/02\/homicidio-violencia-e1666094574189.jpg",500,263,false],"mantranews-featured-medium":["https:\/\/blogopara.com.br\/wp-content\/uploads\/2020\/02\/homicidio-violencia-e1666094574189.jpg",420,221,false],"mantranews-featured-long":["https:\/\/blogopara.com.br\/wp-content\/uploads\/2020\/02\/homicidio-violencia-e1666094574189.jpg",300,158,false],"mantranews-block-medium":["https:\/\/blogopara.com.br\/wp-content\/uploads\/2020\/02\/homicidio-violencia-e1666094574189.jpg",464,244,false],"mantranews-carousel-image":["https:\/\/blogopara.com.br\/wp-content\/uploads\/2020\/02\/homicidio-violencia-e1666094574189.jpg",500,263,false],"mantranews-block-thumb":["https:\/\/blogopara.com.br\/wp-content\/uploads\/2020\/02\/homicidio-violencia-e1666094574189.jpg",322,169,false],"mantranews-single-large":["https:\/\/blogopara.com.br\/wp-content\/uploads\/2020\/02\/homicidio-violencia-e1666094574189.jpg",500,263,false]},"uagb_author_info":{"display_name":"Reda\u00e7\u00e3o geral","author_link":"https:\/\/blogopara.com.br\/index.php\/author\/blogopara"},"uagb_comment_info":0,"uagb_excerpt":"Juazeiro (BA) \u00e9 a d\u00e9cima cidade mais violenta do pa\u00eds, com taxa de 68,3 mortes por 100 mil habitantes. Os dados, referentes a 2022, s\u00e3o do anu\u00e1rio do F\u00f3rum Brasileiro de Seguran\u00e7a P\u00fablica e foram divulgados nesta quinta-feira (20). Os assassinatos intencionais s\u00e3o aqueles em que houve a inten\u00e7\u00e3o de matar. Nessa lista de crimes&hellip;","jetpack_sharing_enabled":true,"jetpack_likes_enabled":true,"_links":{"self":[{"href":"https:\/\/blogopara.com.br\/index.php\/wp-json\/wp\/v2\/posts\/55226","targetHints":{"allow":["GET"]}}],"collection":[{"href":"https:\/\/blogopara.com.br\/index.php\/wp-json\/wp\/v2\/posts"}],"about":[{"href":"https:\/\/blogopara.com.br\/index.php\/wp-json\/wp\/v2\/types\/post"}],"author":[{"embeddable":true,"href":"https:\/\/blogopara.com.br\/index.php\/wp-json\/wp\/v2\/users\/1"}],"replies":[{"embeddable":true,"href":"https:\/\/blogopara.com.br\/index.php\/wp-json\/wp\/v2\/comments?post=55226"}],"version-history":[{"count":1,"href":"https:\/\/blogopara.com.br\/index.php\/wp-json\/wp\/v2\/posts\/55226\/revisions"}],"predecessor-version":[{"id":55227,"href":"https:\/\/blogopara.com.br\/index.php\/wp-json\/wp\/v2\/posts\/55226\/revisions\/55227"}],"wp:featuredmedia":[{"embeddable":true,"href":"https:\/\/blogopara.com.br\/index.php\/wp-json\/wp\/v2\/media\/7286"}],"wp:attachment":[{"href":"https:\/\/blogopara.com.br\/index.php\/wp-json\/wp\/v2\/media?parent=55226"}],"wp:term":[{"taxonomy":"category","embeddable":true,"href":"https:\/\/blogopara.com.br\/index.php\/wp-json\/wp\/v2\/categories?post=55226"},{"taxonomy":"post_tag","embeddable":true,"href":"https:\/\/blogopara.com.br\/index.php\/wp-json\/wp\/v2\/tags?post=55226"}],"curies":[{"name":"wp","href":"https:\/\/api.w.org\/{rel}","templated":true}]}}