{"id":55256,"date":"2023-07-22T18:40:00","date_gmt":"2023-07-22T21:40:00","guid":{"rendered":"https:\/\/blogopara.com.br\/?p=55256"},"modified":"2023-07-22T08:46:55","modified_gmt":"2023-07-22T11:46:55","slug":"gestao-suzana-ramos-investe-e-adquire-frota-de-transporte-escolar-inclusiva","status":"publish","type":"post","link":"https:\/\/blogopara.com.br\/index.php\/2023\/07\/22\/gestao-suzana-ramos-investe-e-adquire-frota-de-transporte-escolar-inclusiva","title":{"rendered":"Gest\u00e3o Suzana Ramos investe e adquire frota de transporte escolar inclusiva"},"content":{"rendered":"<div class=\"_1QpVk1ZfsnQ_kwKT-YObQp allowTextSelection\" style=\"text-align: justify;\" tabindex=\"0\" role=\"heading\"><span style=\"color: initial;\">Reafirmando a\u00e7\u00f5es de compromisso com pol\u00edticas p\u00fablicas inclusivas, a gest\u00e3o Suzana acaba de investir em novos avan\u00e7os, e adquire uma frota de 12 ve\u00edculos para realiza\u00e7\u00e3o do transporte escolar, que garantem mais cidadania e dignidade para os alunos com defici\u00eancia da rede municipal de ensino.\u00a0<\/span><\/div>\n<div class=\"_3SSlTIgj5g0Z1KS0oKJ1V7\">\n<div class=\"_34bJCrdOb7VRum-Ob5DEvl\">\n<div class=\"_3WlLk_4fUx7lOD6tu-MdWQ allowTextSelection\">\n<div class=\"rps_2128\">\n<div dir=\"ltr\">\n<div dir=\"ltr\">\n<div style=\"text-align: justify;\"><\/div>\n<div style=\"text-align: justify;\">Promovido pela Prefeitura de Juazeiro, por meio da Secretaria de Educa\u00e7\u00e3o e Juventude (Seduc), os novos investimentos no avan\u00e7o da educa\u00e7\u00e3o municipal, inclui doze ve\u00edculos seminovos e adaptados, sendo duas vans e dez \u00f4nibus, equipados com plataforma elevat\u00f3ria, padronizados e com toda seguran\u00e7a necess\u00e1ria e exigida pela legisla\u00e7\u00e3o para o transporte escolar, al\u00e9m de lugares para cadeirantes.<\/div>\n<div style=\"text-align: justify;\"><\/div>\n<div style=\"text-align: justify;\">\u201cEsse investimento refor\u00e7a o compromisso da nossa gest\u00e3o em ofertar uma educa\u00e7\u00e3o para todos, com iniciativas que prezam pela assist\u00eancia \u00e0s pessoas com defici\u00eancia, garantindo o acesso a pol\u00edticas de inclus\u00e3o. Os novos ve\u00edculos trazem ainda mais acessibilidade aos nossos estudantes e tranquilidade \u00e0s m\u00e3es das nossas crian\u00e7as, que agora contam com um maior n\u00famero de ve\u00edculos adaptados, humanizados e seguros\u201d, disse a prefeita de Juazeiro, Suzana Ramos.<\/div>\n<div style=\"text-align: justify;\"><\/div>\n<div style=\"text-align: justify;\">Destacando a import\u00e2ncia de uma gest\u00e3o que realiza uma administra\u00e7\u00e3o p\u00fablica de forma inclusiva e assertiva, o secret\u00e1rio de Educa\u00e7\u00e3o e Juventude, Wank Medrado, falou sobre as novas aquisi\u00e7\u00f5es dos ve\u00edculos.<\/div>\n<div style=\"text-align: justify;\">\u201c\u00c9 importante registrar a import\u00e2ncia do respeito que a gest\u00e3o da prefeita Suzana Ramos tem prestado \u00e0s iniciativas de acessibilidade. Estamos muito felizes com a aquisi\u00e7\u00e3o dos 12 novos ve\u00edculos do transporte escolar, que tem honrado o cumprimento da legisla\u00e7\u00e3o que garante o direito \u00e0 inclus\u00e3o, melhorando consideravelmente a qualidade da presta\u00e7\u00e3o do servi\u00e7o p\u00fablico. As novidades e avan\u00e7os n\u00e3o param por aqui, em breve iremos ampliar as conquistas, trazendo novos ve\u00edculos para promover ainda mais desenvolvimento para a educa\u00e7\u00e3o, por meio do transporte escolar\u201d, afirmou Wank.<\/div>\n<div style=\"text-align: justify;\"><\/div>\n<div style=\"text-align: justify;\">\u201cEssa \u00e9 mais uma conquista garantida pela prefeita Suzana Ramos, que tem reunido todos os esfor\u00e7os para oferecer ainda mais seguran\u00e7a, conforto e acessibilidade para a comunidade escolar. Educa\u00e7\u00e3o de qualidade \u00e9 um direito de todos, e poder contar com uma gest\u00e3o p\u00fablica que assegura um ensino de excel\u00eancia, com investimentos que viabilizam a satisfa\u00e7\u00e3o da popula\u00e7\u00e3o \u00e9 muito satisfat\u00f3rio\u201d, comentou a superintendente do Administrativo e Financeiro da Seduc, Marileide Jeric\u00f3.<\/div>\n<\/div>\n<\/div>\n<\/div>\n<\/div>\n<\/div>\n<\/div>\n","protected":false},"excerpt":{"rendered":"<p>Reafirmando a\u00e7\u00f5es de compromisso com pol\u00edticas p\u00fablicas inclusivas, a gest\u00e3o Suzana acaba de investir em novos avan\u00e7os, e adquire uma frota de 12 ve\u00edculos para realiza\u00e7\u00e3o do transporte escolar, que garantem mais cidadania e dignidade para os alunos com defici\u00eancia da rede municipal de ensino.\u00a0 Promovido pela Prefeitura de Juazeiro, por meio da Secretaria de [&hellip;]<\/p>\n","protected":false},"author":1,"featured_media":55257,"comment_status":"closed","ping_status":"open","sticky":false,"template":"","format":"standard","meta":{"_uag_custom_page_level_css":"","_monsterinsights_skip_tracking":false,"_monsterinsights_sitenote_active":false,"_monsterinsights_sitenote_note":"","_monsterinsights_sitenote_category":0,"jetpack_post_was_ever_published":false,"_jetpack_newsletter_access":"","_jetpack_dont_email_post_to_subs":false,"_jetpack_newsletter_tier_id":0,"_jetpack_memberships_contains_paywalled_content":false,"_jetpack_memberships_contains_paid_content":false,"footnotes":"","jetpack_publicize_message":"","jetpack_publicize_feature_enabled":true,"jetpack_social_post_already_shared":true,"jetpack_social_options":{"image_generator_settings":{"template":"highway","default_image_id":0,"font":"","enabled":false},"version":2}},"categories":[209],"tags":[],"class_list":["post-55256","post","type-post","status-publish","format-standard","has-post-thumbnail","hentry","category-educacao"],"jetpack_publicize_connections":[],"jetpack_featured_media_url":"https:\/\/blogopara.com.br\/wp-content\/uploads\/2023\/07\/IMG-20230722-WA0010.jpg","uagb_featured_image_src":{"full":["https:\/\/blogopara.com.br\/wp-content\/uploads\/2023\/07\/IMG-20230722-WA0010.jpg",1600,900,false],"thumbnail":["https:\/\/blogopara.com.br\/wp-content\/uploads\/2023\/07\/IMG-20230722-WA0010-150x150.jpg",150,150,true],"medium":["https:\/\/blogopara.com.br\/wp-content\/uploads\/2023\/07\/IMG-20230722-WA0010-300x169.jpg",300,169,true],"medium_large":["https:\/\/blogopara.com.br\/wp-content\/uploads\/2023\/07\/IMG-20230722-WA0010-768x432.jpg",640,360,true],"large":["https:\/\/blogopara.com.br\/wp-content\/uploads\/2023\/07\/IMG-20230722-WA0010-1024x576.jpg",640,360,true],"1536x1536":["https:\/\/blogopara.com.br\/wp-content\/uploads\/2023\/07\/IMG-20230722-WA0010-1536x864.jpg",1536,864,true],"2048x2048":["https:\/\/blogopara.com.br\/wp-content\/uploads\/2023\/07\/IMG-20230722-WA0010.jpg",1600,900,false],"mantranews-slider-large":["https:\/\/blogopara.com.br\/wp-content\/uploads\/2023\/07\/IMG-20230722-WA0010-1020x741.jpg",1020,741,true],"mantranews-featured-medium":["https:\/\/blogopara.com.br\/wp-content\/uploads\/2023\/07\/IMG-20230722-WA0010-420x307.jpg",420,307,true],"mantranews-featured-long":["https:\/\/blogopara.com.br\/wp-content\/uploads\/2023\/07\/IMG-20230722-WA0010-300x443.jpg",300,443,true],"mantranews-block-medium":["https:\/\/blogopara.com.br\/wp-content\/uploads\/2023\/07\/IMG-20230722-WA0010-464x290.jpg",464,290,true],"mantranews-carousel-image":["https:\/\/blogopara.com.br\/wp-content\/uploads\/2023\/07\/IMG-20230722-WA0010-600x500.jpg",600,500,true],"mantranews-block-thumb":["https:\/\/blogopara.com.br\/wp-content\/uploads\/2023\/07\/IMG-20230722-WA0010-322x230.jpg",322,230,true],"mantranews-single-large":["https:\/\/blogopara.com.br\/wp-content\/uploads\/2023\/07\/IMG-20230722-WA0010-1210x642.jpg",1210,642,true]},"uagb_author_info":{"display_name":"Reda\u00e7\u00e3o geral","author_link":"https:\/\/blogopara.com.br\/index.php\/author\/blogopara"},"uagb_comment_info":0,"uagb_excerpt":"Reafirmando a\u00e7\u00f5es de compromisso com pol\u00edticas p\u00fablicas inclusivas, a gest\u00e3o Suzana acaba de investir em novos avan\u00e7os, e adquire uma frota de 12 ve\u00edculos para realiza\u00e7\u00e3o do transporte escolar, que garantem mais cidadania e dignidade para os alunos com defici\u00eancia da rede municipal de ensino.\u00a0 Promovido pela Prefeitura de Juazeiro, por meio da Secretaria de&hellip;","jetpack_sharing_enabled":true,"jetpack_likes_enabled":true,"_links":{"self":[{"href":"https:\/\/blogopara.com.br\/index.php\/wp-json\/wp\/v2\/posts\/55256","targetHints":{"allow":["GET"]}}],"collection":[{"href":"https:\/\/blogopara.com.br\/index.php\/wp-json\/wp\/v2\/posts"}],"about":[{"href":"https:\/\/blogopara.com.br\/index.php\/wp-json\/wp\/v2\/types\/post"}],"author":[{"embeddable":true,"href":"https:\/\/blogopara.com.br\/index.php\/wp-json\/wp\/v2\/users\/1"}],"replies":[{"embeddable":true,"href":"https:\/\/blogopara.com.br\/index.php\/wp-json\/wp\/v2\/comments?post=55256"}],"version-history":[{"count":1,"href":"https:\/\/blogopara.com.br\/index.php\/wp-json\/wp\/v2\/posts\/55256\/revisions"}],"predecessor-version":[{"id":55258,"href":"https:\/\/blogopara.com.br\/index.php\/wp-json\/wp\/v2\/posts\/55256\/revisions\/55258"}],"wp:featuredmedia":[{"embeddable":true,"href":"https:\/\/blogopara.com.br\/index.php\/wp-json\/wp\/v2\/media\/55257"}],"wp:attachment":[{"href":"https:\/\/blogopara.com.br\/index.php\/wp-json\/wp\/v2\/media?parent=55256"}],"wp:term":[{"taxonomy":"category","embeddable":true,"href":"https:\/\/blogopara.com.br\/index.php\/wp-json\/wp\/v2\/categories?post=55256"},{"taxonomy":"post_tag","embeddable":true,"href":"https:\/\/blogopara.com.br\/index.php\/wp-json\/wp\/v2\/tags?post=55256"}],"curies":[{"name":"wp","href":"https:\/\/api.w.org\/{rel}","templated":true}]}}