{"id":55306,"date":"2023-07-24T10:14:00","date_gmt":"2023-07-24T13:14:00","guid":{"rendered":"https:\/\/blogopara.com.br\/?p=55306"},"modified":"2023-07-23T20:15:14","modified_gmt":"2023-07-23T23:15:14","slug":"cobertura-vacinal-de-criancas-aumenta-apos-queda-durante-pandemia","status":"publish","type":"post","link":"https:\/\/blogopara.com.br\/index.php\/2023\/07\/24\/cobertura-vacinal-de-criancas-aumenta-apos-queda-durante-pandemia","title":{"rendered":"Cobertura vacinal de crian\u00e7as aumenta ap\u00f3s queda durante pandemia"},"content":{"rendered":"<p>Depois da queda na cobertura vacinal causada pela pandemia de Covid-19 em todo o mundo, dados da Organiza\u00e7\u00e3o Mundial da Sa\u00fade (OMS) e do Fundo Internacional de Emerg\u00eancia das Na\u00e7\u00f5es Unidas para a Inf\u00e2ncia (Unicef) mostram que este cen\u00e1rio come\u00e7ou a melhorar. Em 2022, 4 milh\u00f5es a mais de crian\u00e7as foram atendidas pelos servi\u00e7os de imuniza\u00e7\u00e3o em compara\u00e7\u00e3o com 2021.<\/p>\n<p>Dados da OMS e do Unicef mostram que os pa\u00edses intensificaram os esfor\u00e7os para enfrentar o retrocesso na imuniza\u00e7\u00e3o causado pela pandemia de Covid-19. De acordo com a pesquisa, 20,5 milh\u00f5es de crian\u00e7as deixaram de receber uma ou mais vacinas nos servi\u00e7os de imuniza\u00e7\u00e3o de rotina em 2022, uma melhora em compara\u00e7\u00e3o com os 24 milh\u00f5es de crian\u00e7as que n\u00e3o foram imunizadas em 2021. Apesar disso, o n\u00famero permanece maior do que os 18 milh\u00f5es de crian\u00e7as que ficaram de fora do esquema vacinal em 2019, antes da pandemia.<\/p>\n<p>Sarampo<br \/>\nA falta de vacina\u00e7\u00e3o contra o sarampo \u2013 umas das doen\u00e7as mais infecciosas \u2013 est\u00e1 colocando mais 35,2 milh\u00f5es de crian\u00e7as em risco de infec\u00e7\u00e3o. A cobertura da primeira dose da vacina contra o sarampo aumentou para 83% em 2022, em compara\u00e7\u00e3o com 81% em 2021, mas permaneceu abaixo dos 86% alcan\u00e7ados em 2019. Como resultado, no ano passado, 21,9 milh\u00f5es de crian\u00e7as n\u00e3o receberam a vacina\u00e7\u00e3o rotineira contra o sarampo em seu primeiro ano de vida \u2013 2,7 milh\u00f5es a mais do que em 2019 -, enquanto outras 13,3 milh\u00f5es n\u00e3o receberam a segunda dose, colocando crian\u00e7as em comunidades com baixa cobertura vacinal em risco de surtos.<\/p>\n<p>A imunologista Cl\u00e1udia Valente alerta que a situa\u00e7\u00e3o \u00e9 preocupante. \u201dJ\u00e1 tivemos o certificado de elimina\u00e7\u00e3o do sarampo, mas perdemos\u201d, relembra. \u201c O sarampo ele complica e leva uma crian\u00e7a menor de um ano a \u00f3bito. Podem acontecer complica\u00e7\u00f5es como a encefalite, o comprometimento do sistema nervoso central, do c\u00e9rebro, e a crian\u00e7a se complicar\u201d, completou, ressaltando que a vacina pode evitar estes quadros.<\/p>\n<p>Durante a pandemia de Covid-19, muitos pais deixaram de vacinar seus filhos. Agora devem correr atr\u00e1s do atraso. A enfermeira Priscila Avelino da Silva conta que muitos est\u00e3o levando as crian\u00e7as para atualizar a carteira de vacina\u00e7\u00e3o. \u201c\u00c9 importante os pais lembrarem que os beb\u00eas precisam estar protegidos e que eles venham vacinar. Os postos est\u00e3o abertos a semana toda e tem muitos postos no DF abrindo aos s\u00e1bados, com vacinas de rotina\u201d.<\/p>\n<p>(Ag\u00eancia Brasil)<\/p>\n","protected":false},"excerpt":{"rendered":"<p>Depois da queda na cobertura vacinal causada pela pandemia de Covid-19 em todo o mundo, dados da Organiza\u00e7\u00e3o Mundial da Sa\u00fade (OMS) e do Fundo Internacional de Emerg\u00eancia das Na\u00e7\u00f5es Unidas para a Inf\u00e2ncia (Unicef) mostram que este cen\u00e1rio come\u00e7ou a melhorar. Em 2022, 4 milh\u00f5es a mais de crian\u00e7as foram atendidas pelos servi\u00e7os de [&hellip;]<\/p>\n","protected":false},"author":1,"featured_media":41453,"comment_status":"closed","ping_status":"open","sticky":false,"template":"","format":"standard","meta":{"_uag_custom_page_level_css":"","_monsterinsights_skip_tracking":false,"_monsterinsights_sitenote_active":false,"_monsterinsights_sitenote_note":"","_monsterinsights_sitenote_category":0,"jetpack_post_was_ever_published":false,"_jetpack_newsletter_access":"","_jetpack_dont_email_post_to_subs":false,"_jetpack_newsletter_tier_id":0,"_jetpack_memberships_contains_paywalled_content":false,"_jetpack_memberships_contains_paid_content":false,"footnotes":"","jetpack_publicize_message":"","jetpack_publicize_feature_enabled":true,"jetpack_social_post_already_shared":true,"jetpack_social_options":{"image_generator_settings":{"template":"highway","default_image_id":0,"font":"","enabled":false},"version":2}},"categories":[200],"tags":[],"class_list":["post-55306","post","type-post","status-publish","format-standard","has-post-thumbnail","hentry","category-brasil"],"jetpack_publicize_connections":[],"jetpack_featured_media_url":"https:\/\/blogopara.com.br\/wp-content\/uploads\/2022\/08\/vacinacao-poliomielite-joao-pedro-soares.jpg","uagb_featured_image_src":{"full":["https:\/\/blogopara.com.br\/wp-content\/uploads\/2022\/08\/vacinacao-poliomielite-joao-pedro-soares.jpg",500,333,false],"thumbnail":["https:\/\/blogopara.com.br\/wp-content\/uploads\/2022\/08\/vacinacao-poliomielite-joao-pedro-soares-150x150.jpg",150,150,true],"medium":["https:\/\/blogopara.com.br\/wp-content\/uploads\/2022\/08\/vacinacao-poliomielite-joao-pedro-soares-300x200.jpg",300,200,true],"medium_large":["https:\/\/blogopara.com.br\/wp-content\/uploads\/2022\/08\/vacinacao-poliomielite-joao-pedro-soares.jpg",500,333,false],"large":["https:\/\/blogopara.com.br\/wp-content\/uploads\/2022\/08\/vacinacao-poliomielite-joao-pedro-soares.jpg",500,333,false],"1536x1536":["https:\/\/blogopara.com.br\/wp-content\/uploads\/2022\/08\/vacinacao-poliomielite-joao-pedro-soares.jpg",500,333,false],"2048x2048":["https:\/\/blogopara.com.br\/wp-content\/uploads\/2022\/08\/vacinacao-poliomielite-joao-pedro-soares.jpg",500,333,false],"mantranews-slider-large":["https:\/\/blogopara.com.br\/wp-content\/uploads\/2022\/08\/vacinacao-poliomielite-joao-pedro-soares.jpg",500,333,false],"mantranews-featured-medium":["https:\/\/blogopara.com.br\/wp-content\/uploads\/2022\/08\/vacinacao-poliomielite-joao-pedro-soares-420x307.jpg",420,307,true],"mantranews-featured-long":["https:\/\/blogopara.com.br\/wp-content\/uploads\/2022\/08\/vacinacao-poliomielite-joao-pedro-soares-300x333.jpg",300,333,true],"mantranews-block-medium":["https:\/\/blogopara.com.br\/wp-content\/uploads\/2022\/08\/vacinacao-poliomielite-joao-pedro-soares-464x290.jpg",464,290,true],"mantranews-carousel-image":["https:\/\/blogopara.com.br\/wp-content\/uploads\/2022\/08\/vacinacao-poliomielite-joao-pedro-soares.jpg",500,333,false],"mantranews-block-thumb":["https:\/\/blogopara.com.br\/wp-content\/uploads\/2022\/08\/vacinacao-poliomielite-joao-pedro-soares-322x230.jpg",322,230,true],"mantranews-single-large":["https:\/\/blogopara.com.br\/wp-content\/uploads\/2022\/08\/vacinacao-poliomielite-joao-pedro-soares.jpg",500,333,false]},"uagb_author_info":{"display_name":"Reda\u00e7\u00e3o geral","author_link":"https:\/\/blogopara.com.br\/index.php\/author\/blogopara"},"uagb_comment_info":0,"uagb_excerpt":"Depois da queda na cobertura vacinal causada pela pandemia de Covid-19 em todo o mundo, dados da Organiza\u00e7\u00e3o Mundial da Sa\u00fade (OMS) e do Fundo Internacional de Emerg\u00eancia das Na\u00e7\u00f5es Unidas para a Inf\u00e2ncia (Unicef) mostram que este cen\u00e1rio come\u00e7ou a melhorar. Em 2022, 4 milh\u00f5es a mais de crian\u00e7as foram atendidas pelos servi\u00e7os de&hellip;","jetpack_sharing_enabled":true,"jetpack_likes_enabled":true,"_links":{"self":[{"href":"https:\/\/blogopara.com.br\/index.php\/wp-json\/wp\/v2\/posts\/55306","targetHints":{"allow":["GET"]}}],"collection":[{"href":"https:\/\/blogopara.com.br\/index.php\/wp-json\/wp\/v2\/posts"}],"about":[{"href":"https:\/\/blogopara.com.br\/index.php\/wp-json\/wp\/v2\/types\/post"}],"author":[{"embeddable":true,"href":"https:\/\/blogopara.com.br\/index.php\/wp-json\/wp\/v2\/users\/1"}],"replies":[{"embeddable":true,"href":"https:\/\/blogopara.com.br\/index.php\/wp-json\/wp\/v2\/comments?post=55306"}],"version-history":[{"count":1,"href":"https:\/\/blogopara.com.br\/index.php\/wp-json\/wp\/v2\/posts\/55306\/revisions"}],"predecessor-version":[{"id":55307,"href":"https:\/\/blogopara.com.br\/index.php\/wp-json\/wp\/v2\/posts\/55306\/revisions\/55307"}],"wp:featuredmedia":[{"embeddable":true,"href":"https:\/\/blogopara.com.br\/index.php\/wp-json\/wp\/v2\/media\/41453"}],"wp:attachment":[{"href":"https:\/\/blogopara.com.br\/index.php\/wp-json\/wp\/v2\/media?parent=55306"}],"wp:term":[{"taxonomy":"category","embeddable":true,"href":"https:\/\/blogopara.com.br\/index.php\/wp-json\/wp\/v2\/categories?post=55306"},{"taxonomy":"post_tag","embeddable":true,"href":"https:\/\/blogopara.com.br\/index.php\/wp-json\/wp\/v2\/tags?post=55306"}],"curies":[{"name":"wp","href":"https:\/\/api.w.org\/{rel}","templated":true}]}}