{"id":55328,"date":"2023-07-25T07:23:00","date_gmt":"2023-07-25T10:23:00","guid":{"rendered":"https:\/\/blogopara.com.br\/?p=55328"},"modified":"2023-07-24T15:25:45","modified_gmt":"2023-07-24T18:25:45","slug":"missao-humanitaria-brasileira-embarca-para-o-canada-para-combater-incendios-florestais","status":"publish","type":"post","link":"https:\/\/blogopara.com.br\/index.php\/2023\/07\/25\/missao-humanitaria-brasileira-embarca-para-o-canada-para-combater-incendios-florestais","title":{"rendered":"Miss\u00e3o humanit\u00e1ria brasileira embarca para o Canad\u00e1 para combater inc\u00eandios florestais"},"content":{"rendered":"<p style=\"text-align: justify;\">A miss\u00e3o humanit\u00e1ria brasileira que ajudar\u00e1 no combate aos inc\u00eandios florestais no Canad\u00e1 embarcou nesta sexta-feira (21) com destino ao pa\u00eds. Sob a coordena\u00e7\u00e3o do l\u00edder-adjunto da opera\u00e7\u00e3o, Wesley Felinto, o Minist\u00e9rio da Integra\u00e7\u00e3o e do Desenvolvimento Regional (MIDR) conta com 20 integrantes. A comitiva enviada pelo Governo Federal \u00e9 composta, no total, por 104 especialistas em combate a esse tipo de desastre.<\/p>\n<p style=\"text-align: justify;\">\u201cVamos levar ao Canad\u00e1 a experi\u00eancia brasileira na atua\u00e7\u00e3o em grandes desastres pelo mundo, como ocorreu no terremoto na Turquia, recentemente. O trabalho da Defesa Civil Nacional, dos corpos de bombeiros e de toda a equipe empenhados nesta miss\u00e3o ser\u00e1 muito importante no combate aos inc\u00eandios florestais que atingem o pa\u00eds\u201d, destaca Wesley Felinto.<\/p>\n<p style=\"text-align: justify;\">A miss\u00e3o brasileira ser\u00e1 coordenada pela Ag\u00eancia Brasileira de Coopera\u00e7\u00e3o (ABC) do Minist\u00e9rio das Rela\u00e7\u00f5es Exteriores. A previs\u00e3o de retorno ao Brasil est\u00e1 prevista para 24 de agosto.<\/p>\n<p style=\"text-align: justify;\">\u201cNeste dia, eu n\u00e3o poderia estar mais convicto de que o Brasil \u00e9 um verdadeiro parceiro do Canad\u00e1. Essa iniciativa representa a maior miss\u00e3o brasileira de ajuda humanit\u00e1ria da hist\u00f3ria e demonstra a import\u00e2ncia que o Brasil atribui as nossas rela\u00e7\u00f5es bilaterais, bem como, o compromisso em auxiliar na\u00e7\u00f5es amigas na preserva\u00e7\u00e3o ambiental e nas respostas \u00e0s mudan\u00e7as clim\u00e1ticas\u201d, discursou, antes do embarque da comitiva brasileira, o encarregado de neg\u00f3cios da embaixada do Canad\u00e1, Simon Cridland.<\/p>\n<p style=\"text-align: justify;\">Tamb\u00e9m participam da miss\u00e3o profissionais dos seguintes \u00f3rg\u00e3os: Instituto Brasileiro do Meio Ambiente e dos Recursos Naturais Renov\u00e1veis (IBAMA) e Instituto Chico Mendes de Conserva\u00e7\u00e3o da Biodiversidade (ICMBIO), ambos do Minist\u00e9rio do Meio Ambiente e Mudan\u00e7a do Clima (MMA); For\u00e7a Nacional de Seguran\u00e7a P\u00fablica (FNSP), do Minist\u00e9rio da Justi\u00e7a e Seguran\u00e7a P\u00fablica (MJSP); e as corpora\u00e7\u00f5es de bombeiros militares dos estados do Acre, Amap\u00e1, Amazonas, Bahia, Cear\u00e1, Esp\u00edrito Santo, Goi\u00e1s, Maranh\u00e3o, Mato Grosso, Minas Gerais, Par\u00e1, Para\u00edba, Paran\u00e1, Pernambuco, Rio de Janeiro, Rio Grande do Sul, Rond\u00f4nia, Santa Catarina, S\u00e3o Paulo e Tocantins, e do Distrito Federal.<\/p>\n<p style=\"text-align: justify;\">Cooperam com a organiza\u00e7\u00e3o da miss\u00e3o os Minist\u00e9rios da Defesa, dos Transportes e da Fazenda, al\u00e9m do Conselho Nacional dos Corpos de Bombeiros Militares do Brasil (LIGABOM) e de outras reparti\u00e7\u00f5es federais e estaduais.<\/p>\n<p style=\"text-align: justify;\">Por determina\u00e7\u00e3o legal interna do governo canadense, as despesas do Brasil com o envio da comitiva ser\u00e3o reembolsadas por aquele pa\u00eds, que tamb\u00e9m oferecer\u00e1 aeronave para o transporte dos especialistas brasileiros e de seus equipamentos.<\/p>\n","protected":false},"excerpt":{"rendered":"<p>A miss\u00e3o humanit\u00e1ria brasileira que ajudar\u00e1 no combate aos inc\u00eandios florestais no Canad\u00e1 embarcou nesta sexta-feira (21) com destino ao pa\u00eds. Sob a coordena\u00e7\u00e3o do l\u00edder-adjunto da opera\u00e7\u00e3o, Wesley Felinto, o Minist\u00e9rio da Integra\u00e7\u00e3o e do Desenvolvimento Regional (MIDR) conta com 20 integrantes. A comitiva enviada pelo Governo Federal \u00e9 composta, no total, por 104 [&hellip;]<\/p>\n","protected":false},"author":1,"featured_media":55329,"comment_status":"closed","ping_status":"open","sticky":false,"template":"","format":"standard","meta":{"_uag_custom_page_level_css":"","_monsterinsights_skip_tracking":false,"_monsterinsights_sitenote_active":false,"_monsterinsights_sitenote_note":"","_monsterinsights_sitenote_category":0,"jetpack_post_was_ever_published":false,"_jetpack_newsletter_access":"","_jetpack_dont_email_post_to_subs":false,"_jetpack_newsletter_tier_id":0,"_jetpack_memberships_contains_paywalled_content":false,"_jetpack_memberships_contains_paid_content":false,"footnotes":"","jetpack_publicize_message":"","jetpack_publicize_feature_enabled":true,"jetpack_social_post_already_shared":true,"jetpack_social_options":{"image_generator_settings":{"template":"highway","default_image_id":0,"font":"","enabled":false},"version":2}},"categories":[273],"tags":[],"class_list":["post-55328","post","type-post","status-publish","format-standard","has-post-thumbnail","hentry","category-mundo"],"jetpack_publicize_connections":[],"jetpack_featured_media_url":"https:\/\/blogopara.com.br\/wp-content\/uploads\/2023\/07\/fccdce3af1dc7aa98c7a793a110c5084.jpg","uagb_featured_image_src":{"full":["https:\/\/blogopara.com.br\/wp-content\/uploads\/2023\/07\/fccdce3af1dc7aa98c7a793a110c5084.jpg",500,375,false],"thumbnail":["https:\/\/blogopara.com.br\/wp-content\/uploads\/2023\/07\/fccdce3af1dc7aa98c7a793a110c5084-150x150.jpg",150,150,true],"medium":["https:\/\/blogopara.com.br\/wp-content\/uploads\/2023\/07\/fccdce3af1dc7aa98c7a793a110c5084-300x225.jpg",300,225,true],"medium_large":["https:\/\/blogopara.com.br\/wp-content\/uploads\/2023\/07\/fccdce3af1dc7aa98c7a793a110c5084.jpg",500,375,false],"large":["https:\/\/blogopara.com.br\/wp-content\/uploads\/2023\/07\/fccdce3af1dc7aa98c7a793a110c5084.jpg",500,375,false],"1536x1536":["https:\/\/blogopara.com.br\/wp-content\/uploads\/2023\/07\/fccdce3af1dc7aa98c7a793a110c5084.jpg",500,375,false],"2048x2048":["https:\/\/blogopara.com.br\/wp-content\/uploads\/2023\/07\/fccdce3af1dc7aa98c7a793a110c5084.jpg",500,375,false],"mantranews-slider-large":["https:\/\/blogopara.com.br\/wp-content\/uploads\/2023\/07\/fccdce3af1dc7aa98c7a793a110c5084.jpg",500,375,false],"mantranews-featured-medium":["https:\/\/blogopara.com.br\/wp-content\/uploads\/2023\/07\/fccdce3af1dc7aa98c7a793a110c5084-420x307.jpg",420,307,true],"mantranews-featured-long":["https:\/\/blogopara.com.br\/wp-content\/uploads\/2023\/07\/fccdce3af1dc7aa98c7a793a110c5084-300x375.jpg",300,375,true],"mantranews-block-medium":["https:\/\/blogopara.com.br\/wp-content\/uploads\/2023\/07\/fccdce3af1dc7aa98c7a793a110c5084-464x290.jpg",464,290,true],"mantranews-carousel-image":["https:\/\/blogopara.com.br\/wp-content\/uploads\/2023\/07\/fccdce3af1dc7aa98c7a793a110c5084.jpg",500,375,false],"mantranews-block-thumb":["https:\/\/blogopara.com.br\/wp-content\/uploads\/2023\/07\/fccdce3af1dc7aa98c7a793a110c5084-322x230.jpg",322,230,true],"mantranews-single-large":["https:\/\/blogopara.com.br\/wp-content\/uploads\/2023\/07\/fccdce3af1dc7aa98c7a793a110c5084.jpg",500,375,false]},"uagb_author_info":{"display_name":"Reda\u00e7\u00e3o geral","author_link":"https:\/\/blogopara.com.br\/index.php\/author\/blogopara"},"uagb_comment_info":0,"uagb_excerpt":"A miss\u00e3o humanit\u00e1ria brasileira que ajudar\u00e1 no combate aos inc\u00eandios florestais no Canad\u00e1 embarcou nesta sexta-feira (21) com destino ao pa\u00eds. Sob a coordena\u00e7\u00e3o do l\u00edder-adjunto da opera\u00e7\u00e3o, Wesley Felinto, o Minist\u00e9rio da Integra\u00e7\u00e3o e do Desenvolvimento Regional (MIDR) conta com 20 integrantes. A comitiva enviada pelo Governo Federal \u00e9 composta, no total, por 104&hellip;","jetpack_sharing_enabled":true,"jetpack_likes_enabled":true,"_links":{"self":[{"href":"https:\/\/blogopara.com.br\/index.php\/wp-json\/wp\/v2\/posts\/55328","targetHints":{"allow":["GET"]}}],"collection":[{"href":"https:\/\/blogopara.com.br\/index.php\/wp-json\/wp\/v2\/posts"}],"about":[{"href":"https:\/\/blogopara.com.br\/index.php\/wp-json\/wp\/v2\/types\/post"}],"author":[{"embeddable":true,"href":"https:\/\/blogopara.com.br\/index.php\/wp-json\/wp\/v2\/users\/1"}],"replies":[{"embeddable":true,"href":"https:\/\/blogopara.com.br\/index.php\/wp-json\/wp\/v2\/comments?post=55328"}],"version-history":[{"count":1,"href":"https:\/\/blogopara.com.br\/index.php\/wp-json\/wp\/v2\/posts\/55328\/revisions"}],"predecessor-version":[{"id":55330,"href":"https:\/\/blogopara.com.br\/index.php\/wp-json\/wp\/v2\/posts\/55328\/revisions\/55330"}],"wp:featuredmedia":[{"embeddable":true,"href":"https:\/\/blogopara.com.br\/index.php\/wp-json\/wp\/v2\/media\/55329"}],"wp:attachment":[{"href":"https:\/\/blogopara.com.br\/index.php\/wp-json\/wp\/v2\/media?parent=55328"}],"wp:term":[{"taxonomy":"category","embeddable":true,"href":"https:\/\/blogopara.com.br\/index.php\/wp-json\/wp\/v2\/categories?post=55328"},{"taxonomy":"post_tag","embeddable":true,"href":"https:\/\/blogopara.com.br\/index.php\/wp-json\/wp\/v2\/tags?post=55328"}],"curies":[{"name":"wp","href":"https:\/\/api.w.org\/{rel}","templated":true}]}}