{"id":55401,"date":"2023-07-26T16:18:00","date_gmt":"2023-07-26T19:18:00","guid":{"rendered":"https:\/\/blogopara.com.br\/?p=55401"},"modified":"2023-07-25T21:21:20","modified_gmt":"2023-07-26T00:21:20","slug":"pais-teve-215-milhoes-de-hectares-queimados-no-primeiro-semestre","status":"publish","type":"post","link":"https:\/\/blogopara.com.br\/index.php\/2023\/07\/26\/pais-teve-215-milhoes-de-hectares-queimados-no-primeiro-semestre","title":{"rendered":"Pa\u00eds teve 2,15 milh\u00f5es de hectares queimados no primeiro semestre"},"content":{"rendered":"<p style=\"text-align: justify;\">No primeiro semestre deste ano, 2,15 milh\u00f5es de hectares foram queimados no Brasil, revela mapeamento feito pelo MapBiomas Brasil, uma rede colaborativa formada por organiza\u00e7\u00f5es n\u00e3o governamentais (ONGs), universidades e empresas de tecnologia, que produz um relat\u00f3rio sobre a cobertura e uso da terra. Segundo o mapeamento, isso significou queda de 1% em rela\u00e7\u00e3o ao mesmo per\u00edodo do ano passado.<\/p>\n<p style=\"text-align: justify;\">Se for considerada apenas a regi\u00e3o da Amaz\u00f4nia, no entanto, as queimadas aumentaram 14% em rela\u00e7\u00e3o ao \u00faltimo ano. De acordo com o MapBiomas, a Amaz\u00f4nia foi o bioma com a maior \u00e1rea queimada no semestre, com 1,45 milh\u00e3o de hectares devastados em 2023, o que corresponde a 68% de toda a \u00e1rea queimada do Brasil nesse per\u00edodo.<\/p>\n<p style=\"text-align: justify;\">Em segundo lugar, vem o Cerrado, com 639 mil hectares, o que representou 30% sobre o total de \u00e1rea queimada no pa\u00eds e aumento de 2% em compara\u00e7\u00e3o com o mesmo per\u00edodo de 2022.<\/p>\n<p style=\"text-align: justify;\">\u201cA \u00e1rea queimada no primeiro semestre de 2023 no Cerrado est\u00e1 dentro da m\u00e9dia dos \u00faltimos anos, com destaque para a\u00e7\u00f5es de queimas prescritas que s\u00e3o realizadas nesse per\u00edodo como parte da estrat\u00e9gia de preven\u00e7\u00e3o de inc\u00eandios florestais do MIF (Manejo Integrado do Fogo). Por\u00e9m, a \u00e1rea queimada em junho foi maior do que nos meses anteriores, porque o per\u00edodo de seca no bioma est\u00e1 s\u00f3 come\u00e7ando. A situa\u00e7\u00e3o pode se agravar ainda mais com a chegada do fen\u00f4meno El Ni\u00f1o\u201d, diz, em nota, a coordenadora operacional do MapBiomas Fogo, Vera Arruda, pesquisadora do Instituto de Pesquisa Ambiental da Amaz\u00f4nia.<\/p>\n<p style=\"text-align: justify;\">De toda a \u00e1rea queimada no primeiro semestre deste ano no pa\u00eds, 84% eram de vegeta\u00e7\u00e3o nativa, a maioria em forma\u00e7\u00f5es campestres. Segundo o MapBiomas, as pastagens se destacaram entre os tipos de uso agropecu\u00e1rio, representando 8,5% de toda a \u00e1rea queimada.<\/p>\n<p style=\"text-align: justify;\">O relat\u00f3rio revelou ainda que, na Mata Atl\u00e2ntica (10.220 hectares) e no Pantanal (13 mil hectares), a \u00e1rea queimada no primeiro semestre deste ano foi a menor dos \u00faltimos cinco anos.<\/p>\n<p style=\"text-align: justify;\">A Caatinga seguiu a tend\u00eancia de queda, com a \u00e1rea queimada no primeiro semestre inferior \u00e0 dos anos anteriores, com 818 hectares atingidos. J\u00e1 no Pampa foram queimados 7 mil hectares.<\/p>\n<p style=\"text-align: justify;\"><strong>Roraima<\/strong><\/p>\n<p style=\"text-align: justify;\">Quase metade da \u00e1rea queimada no pa\u00eds entre janeiro e junho deste ano esteve concentrada em um \u00fanico estado da Amaz\u00f4nia: Roraima, principalmente nas cidades de Normandia, Pacaraima e Boa Vista.<\/p>\n<p style=\"text-align: justify;\">S\u00f3 neste estado, foram queimados 1 milh\u00e3o de hectares no primeiro semestre deste ano. Em seguida, apareceram os estados de Mato Grosso (258 mil hectares) e do Tocantins (254 mil hectares). Juntos, os tr\u00eas estados respondem por 82% da \u00e1rea queimada total no per\u00edodo.<\/p>\n<p style=\"text-align: justify;\"><strong>Junho<\/strong><\/p>\n<p style=\"text-align: justify;\">Apesar de os dados semestrais terem mostrado relativa estabilidade, os n\u00fameros do m\u00eas de junho mostraram avan\u00e7o nas queimadas em rela\u00e7\u00e3o ao ano passado. Pelo relat\u00f3rio, os 543 mil hectares queimados no m\u00eas passado est\u00e3o 203% acima da \u00e1rea queimada em maio de 2023. Segundo o relat\u00f3rio, a vegeta\u00e7\u00e3o nativa respondeu por 81% da \u00e1rea queimada em junho.<\/p>\n<p style=\"text-align: justify;\">O bioma com maior \u00e1rea queimada no m\u00eas de junho foi o Cerrado, com 425 mil hectares, seguido pela Amaz\u00f4nia, com 102 mil hectares.<\/p>\n<p style=\"text-align: justify;\">As unidades de conserva\u00e7\u00e3o que lideraram o ranking de \u00e1reas queimadas no m\u00eas de junho foram a Esta\u00e7\u00e3o Ecol\u00f3gica Serra Geral do Tocantins, o Parque Nacional dos Campos Amaz\u00f4nicos e o Parque Nacional do Araguaia.<\/p>\n","protected":false},"excerpt":{"rendered":"<p>No primeiro semestre deste ano, 2,15 milh\u00f5es de hectares foram queimados no Brasil, revela mapeamento feito pelo MapBiomas Brasil, uma rede colaborativa formada por organiza\u00e7\u00f5es n\u00e3o governamentais (ONGs), universidades e empresas de tecnologia, que produz um relat\u00f3rio sobre a cobertura e uso da terra. Segundo o mapeamento, isso significou queda de 1% em rela\u00e7\u00e3o ao [&hellip;]<\/p>\n","protected":false},"author":1,"featured_media":55402,"comment_status":"closed","ping_status":"open","sticky":false,"template":"","format":"standard","meta":{"_uag_custom_page_level_css":"","_monsterinsights_skip_tracking":false,"_monsterinsights_sitenote_active":false,"_monsterinsights_sitenote_note":"","_monsterinsights_sitenote_category":0,"jetpack_post_was_ever_published":false,"_jetpack_newsletter_access":"","_jetpack_dont_email_post_to_subs":false,"_jetpack_newsletter_tier_id":0,"_jetpack_memberships_contains_paywalled_content":false,"_jetpack_memberships_contains_paid_content":false,"footnotes":"","jetpack_publicize_message":"","jetpack_publicize_feature_enabled":true,"jetpack_social_post_already_shared":true,"jetpack_social_options":{"image_generator_settings":{"template":"highway","default_image_id":0,"font":"","enabled":false},"version":2}},"categories":[3372],"tags":[],"class_list":["post-55401","post","type-post","status-publish","format-standard","has-post-thumbnail","hentry","category-meio-ambiente"],"jetpack_publicize_connections":[],"jetpack_featured_media_url":"https:\/\/blogopara.com.br\/wp-content\/uploads\/2023\/07\/142117_1000x600_width.jpg","uagb_featured_image_src":{"full":["https:\/\/blogopara.com.br\/wp-content\/uploads\/2023\/07\/142117_1000x600_width.jpg",500,333,false],"thumbnail":["https:\/\/blogopara.com.br\/wp-content\/uploads\/2023\/07\/142117_1000x600_width-150x150.jpg",150,150,true],"medium":["https:\/\/blogopara.com.br\/wp-content\/uploads\/2023\/07\/142117_1000x600_width-300x200.jpg",300,200,true],"medium_large":["https:\/\/blogopara.com.br\/wp-content\/uploads\/2023\/07\/142117_1000x600_width.jpg",500,333,false],"large":["https:\/\/blogopara.com.br\/wp-content\/uploads\/2023\/07\/142117_1000x600_width.jpg",500,333,false],"1536x1536":["https:\/\/blogopara.com.br\/wp-content\/uploads\/2023\/07\/142117_1000x600_width.jpg",500,333,false],"2048x2048":["https:\/\/blogopara.com.br\/wp-content\/uploads\/2023\/07\/142117_1000x600_width.jpg",500,333,false],"mantranews-slider-large":["https:\/\/blogopara.com.br\/wp-content\/uploads\/2023\/07\/142117_1000x600_width.jpg",500,333,false],"mantranews-featured-medium":["https:\/\/blogopara.com.br\/wp-content\/uploads\/2023\/07\/142117_1000x600_width-420x307.jpg",420,307,true],"mantranews-featured-long":["https:\/\/blogopara.com.br\/wp-content\/uploads\/2023\/07\/142117_1000x600_width-300x333.jpg",300,333,true],"mantranews-block-medium":["https:\/\/blogopara.com.br\/wp-content\/uploads\/2023\/07\/142117_1000x600_width-464x290.jpg",464,290,true],"mantranews-carousel-image":["https:\/\/blogopara.com.br\/wp-content\/uploads\/2023\/07\/142117_1000x600_width.jpg",500,333,false],"mantranews-block-thumb":["https:\/\/blogopara.com.br\/wp-content\/uploads\/2023\/07\/142117_1000x600_width-322x230.jpg",322,230,true],"mantranews-single-large":["https:\/\/blogopara.com.br\/wp-content\/uploads\/2023\/07\/142117_1000x600_width.jpg",500,333,false]},"uagb_author_info":{"display_name":"Reda\u00e7\u00e3o geral","author_link":"https:\/\/blogopara.com.br\/index.php\/author\/blogopara"},"uagb_comment_info":0,"uagb_excerpt":"No primeiro semestre deste ano, 2,15 milh\u00f5es de hectares foram queimados no Brasil, revela mapeamento feito pelo MapBiomas Brasil, uma rede colaborativa formada por organiza\u00e7\u00f5es n\u00e3o governamentais (ONGs), universidades e empresas de tecnologia, que produz um relat\u00f3rio sobre a cobertura e uso da terra. Segundo o mapeamento, isso significou queda de 1% em rela\u00e7\u00e3o ao&hellip;","jetpack_sharing_enabled":true,"jetpack_likes_enabled":true,"_links":{"self":[{"href":"https:\/\/blogopara.com.br\/index.php\/wp-json\/wp\/v2\/posts\/55401","targetHints":{"allow":["GET"]}}],"collection":[{"href":"https:\/\/blogopara.com.br\/index.php\/wp-json\/wp\/v2\/posts"}],"about":[{"href":"https:\/\/blogopara.com.br\/index.php\/wp-json\/wp\/v2\/types\/post"}],"author":[{"embeddable":true,"href":"https:\/\/blogopara.com.br\/index.php\/wp-json\/wp\/v2\/users\/1"}],"replies":[{"embeddable":true,"href":"https:\/\/blogopara.com.br\/index.php\/wp-json\/wp\/v2\/comments?post=55401"}],"version-history":[{"count":1,"href":"https:\/\/blogopara.com.br\/index.php\/wp-json\/wp\/v2\/posts\/55401\/revisions"}],"predecessor-version":[{"id":55403,"href":"https:\/\/blogopara.com.br\/index.php\/wp-json\/wp\/v2\/posts\/55401\/revisions\/55403"}],"wp:featuredmedia":[{"embeddable":true,"href":"https:\/\/blogopara.com.br\/index.php\/wp-json\/wp\/v2\/media\/55402"}],"wp:attachment":[{"href":"https:\/\/blogopara.com.br\/index.php\/wp-json\/wp\/v2\/media?parent=55401"}],"wp:term":[{"taxonomy":"category","embeddable":true,"href":"https:\/\/blogopara.com.br\/index.php\/wp-json\/wp\/v2\/categories?post=55401"},{"taxonomy":"post_tag","embeddable":true,"href":"https:\/\/blogopara.com.br\/index.php\/wp-json\/wp\/v2\/tags?post=55401"}],"curies":[{"name":"wp","href":"https:\/\/api.w.org\/{rel}","templated":true}]}}