{"id":55410,"date":"2023-07-27T09:40:00","date_gmt":"2023-07-27T12:40:00","guid":{"rendered":"https:\/\/blogopara.com.br\/?p=55410"},"modified":"2023-07-26T07:42:06","modified_gmt":"2023-07-26T10:42:06","slug":"prefeitura-de-juazeiro-promove-formacao-para-gestores-e-vice-gestores-da-rede-municipal-de-educacao","status":"publish","type":"post","link":"https:\/\/blogopara.com.br\/index.php\/2023\/07\/27\/prefeitura-de-juazeiro-promove-formacao-para-gestores-e-vice-gestores-da-rede-municipal-de-educacao","title":{"rendered":"Prefeitura de Juazeiro promove forma\u00e7\u00e3o para gestores e vice-gestores da rede municipal de educa\u00e7\u00e3o"},"content":{"rendered":"<p class=\"x_MsoNormal\" style=\"text-align: justify;\">A Prefeitura de Juazeiro, atrav\u00e9s da Secretaria de Educa\u00e7\u00e3o e Juventude (Seduc), realizou nesta ter\u00e7a-feira (25) uma forma\u00e7\u00e3o para gestores e vice-gestores da rede municipal de educa\u00e7\u00e3o. O encontro, coordenado pela equipe da Superintend\u00eancia de Gest\u00e3o Escolar Programas e Projetos da Seduc, teve como tema \u2018Di\u00e1logo n\u00e3o violento e a pedagogia sist\u00eamica em a\u00e7\u00e3o\u2019.<\/p>\n<p class=\"x_MsoNormal\" style=\"text-align: justify;\">De acordo com a superintendente de Gest\u00e3o Escolar, Programas e Projetos, Maria Alexandrina Ara\u00fajo, a forma\u00e7\u00e3o teve como objetivo contribuir para melhorar o di\u00e1logo e a solu\u00e7\u00e3o de conflitos dentro da comunidade escolar. \u201cEsse encontro foi pensado no intuito de apresentar aos gestores ferramentas t\u00e9cnicas, como o di\u00e1logo n\u00e3o violento e a pedagogia sist\u00eamica, que contribuem para melhorar as rela\u00e7\u00f5es interpessoais e para a resolu\u00e7\u00e3o de conflitos. T\u00e9cnicas que podem ser aplicadas nas salas de aula e no contexto da comunidade escolar\u201d, disse a superintendente.<\/p>\n<p class=\"x_MsoNormal\" style=\"text-align: justify;\">O gestor da Escola Municipal de Tempo Integral Eliseu Santos, Z\u00e9lio C\u00e9zar dos Santos Junior, falou sobre o valor da forma\u00e7\u00e3o para o trabalho na escola. \u201cEssas forma\u00e7\u00f5es s\u00e3o muito importantes, porque re\u00fanem todos os gestores. Isso possibilita, n\u00e3o apenas a aquisi\u00e7\u00e3o do conhecimento que vamos apreender aqui e levar para melhorar o dia a dia da escola, mas nos permite compartilhar ideias e esclarecer d\u00favidas\u201d, avaliou o gestor.<\/p>\n<p class=\"x_MsoNormal\" style=\"text-align: justify;\">A forma\u00e7\u00e3o foi ministrada pelo professor da Universidade de Pernambuco, Vlader Nobre Leite, e pela advogada, especialista em constela\u00e7\u00f5es familiares e conciliadora da Justi\u00e7a Federal em Petrolina, Cleo Diniz.<\/p>\n","protected":false},"excerpt":{"rendered":"<p>A Prefeitura de Juazeiro, atrav\u00e9s da Secretaria de Educa\u00e7\u00e3o e Juventude (Seduc), realizou nesta ter\u00e7a-feira (25) uma forma\u00e7\u00e3o para gestores e vice-gestores da rede municipal de educa\u00e7\u00e3o. O encontro, coordenado pela equipe da Superintend\u00eancia de Gest\u00e3o Escolar Programas e Projetos da Seduc, teve como tema \u2018Di\u00e1logo n\u00e3o violento e a pedagogia sist\u00eamica em a\u00e7\u00e3o\u2019. De [&hellip;]<\/p>\n","protected":false},"author":1,"featured_media":55411,"comment_status":"closed","ping_status":"open","sticky":false,"template":"","format":"standard","meta":{"_uag_custom_page_level_css":"","_monsterinsights_skip_tracking":false,"_monsterinsights_sitenote_active":false,"_monsterinsights_sitenote_note":"","_monsterinsights_sitenote_category":0,"jetpack_post_was_ever_published":false,"_jetpack_newsletter_access":"","_jetpack_dont_email_post_to_subs":false,"_jetpack_newsletter_tier_id":0,"_jetpack_memberships_contains_paywalled_content":false,"_jetpack_memberships_contains_paid_content":false,"footnotes":"","jetpack_publicize_message":"","jetpack_publicize_feature_enabled":true,"jetpack_social_post_already_shared":true,"jetpack_social_options":{"image_generator_settings":{"template":"highway","default_image_id":0,"font":"","enabled":false},"version":2}},"categories":[209],"tags":[],"class_list":["post-55410","post","type-post","status-publish","format-standard","has-post-thumbnail","hentry","category-educacao"],"jetpack_publicize_connections":[],"jetpack_featured_media_url":"https:\/\/blogopara.com.br\/wp-content\/uploads\/2023\/07\/thumbnail_53071087845_ff7b9b3c91_k.jpg","uagb_featured_image_src":{"full":["https:\/\/blogopara.com.br\/wp-content\/uploads\/2023\/07\/thumbnail_53071087845_ff7b9b3c91_k.jpg",500,333,false],"thumbnail":["https:\/\/blogopara.com.br\/wp-content\/uploads\/2023\/07\/thumbnail_53071087845_ff7b9b3c91_k-150x150.jpg",150,150,true],"medium":["https:\/\/blogopara.com.br\/wp-content\/uploads\/2023\/07\/thumbnail_53071087845_ff7b9b3c91_k-300x200.jpg",300,200,true],"medium_large":["https:\/\/blogopara.com.br\/wp-content\/uploads\/2023\/07\/thumbnail_53071087845_ff7b9b3c91_k.jpg",500,333,false],"large":["https:\/\/blogopara.com.br\/wp-content\/uploads\/2023\/07\/thumbnail_53071087845_ff7b9b3c91_k.jpg",500,333,false],"1536x1536":["https:\/\/blogopara.com.br\/wp-content\/uploads\/2023\/07\/thumbnail_53071087845_ff7b9b3c91_k.jpg",500,333,false],"2048x2048":["https:\/\/blogopara.com.br\/wp-content\/uploads\/2023\/07\/thumbnail_53071087845_ff7b9b3c91_k.jpg",500,333,false],"mantranews-slider-large":["https:\/\/blogopara.com.br\/wp-content\/uploads\/2023\/07\/thumbnail_53071087845_ff7b9b3c91_k.jpg",500,333,false],"mantranews-featured-medium":["https:\/\/blogopara.com.br\/wp-content\/uploads\/2023\/07\/thumbnail_53071087845_ff7b9b3c91_k-420x307.jpg",420,307,true],"mantranews-featured-long":["https:\/\/blogopara.com.br\/wp-content\/uploads\/2023\/07\/thumbnail_53071087845_ff7b9b3c91_k-300x333.jpg",300,333,true],"mantranews-block-medium":["https:\/\/blogopara.com.br\/wp-content\/uploads\/2023\/07\/thumbnail_53071087845_ff7b9b3c91_k-464x290.jpg",464,290,true],"mantranews-carousel-image":["https:\/\/blogopara.com.br\/wp-content\/uploads\/2023\/07\/thumbnail_53071087845_ff7b9b3c91_k.jpg",500,333,false],"mantranews-block-thumb":["https:\/\/blogopara.com.br\/wp-content\/uploads\/2023\/07\/thumbnail_53071087845_ff7b9b3c91_k-322x230.jpg",322,230,true],"mantranews-single-large":["https:\/\/blogopara.com.br\/wp-content\/uploads\/2023\/07\/thumbnail_53071087845_ff7b9b3c91_k.jpg",500,333,false]},"uagb_author_info":{"display_name":"Reda\u00e7\u00e3o geral","author_link":"https:\/\/blogopara.com.br\/index.php\/author\/blogopara"},"uagb_comment_info":0,"uagb_excerpt":"A Prefeitura de Juazeiro, atrav\u00e9s da Secretaria de Educa\u00e7\u00e3o e Juventude (Seduc), realizou nesta ter\u00e7a-feira (25) uma forma\u00e7\u00e3o para gestores e vice-gestores da rede municipal de educa\u00e7\u00e3o. O encontro, coordenado pela equipe da Superintend\u00eancia de Gest\u00e3o Escolar Programas e Projetos da Seduc, teve como tema \u2018Di\u00e1logo n\u00e3o violento e a pedagogia sist\u00eamica em a\u00e7\u00e3o\u2019. De&hellip;","jetpack_sharing_enabled":true,"jetpack_likes_enabled":true,"_links":{"self":[{"href":"https:\/\/blogopara.com.br\/index.php\/wp-json\/wp\/v2\/posts\/55410","targetHints":{"allow":["GET"]}}],"collection":[{"href":"https:\/\/blogopara.com.br\/index.php\/wp-json\/wp\/v2\/posts"}],"about":[{"href":"https:\/\/blogopara.com.br\/index.php\/wp-json\/wp\/v2\/types\/post"}],"author":[{"embeddable":true,"href":"https:\/\/blogopara.com.br\/index.php\/wp-json\/wp\/v2\/users\/1"}],"replies":[{"embeddable":true,"href":"https:\/\/blogopara.com.br\/index.php\/wp-json\/wp\/v2\/comments?post=55410"}],"version-history":[{"count":1,"href":"https:\/\/blogopara.com.br\/index.php\/wp-json\/wp\/v2\/posts\/55410\/revisions"}],"predecessor-version":[{"id":55412,"href":"https:\/\/blogopara.com.br\/index.php\/wp-json\/wp\/v2\/posts\/55410\/revisions\/55412"}],"wp:featuredmedia":[{"embeddable":true,"href":"https:\/\/blogopara.com.br\/index.php\/wp-json\/wp\/v2\/media\/55411"}],"wp:attachment":[{"href":"https:\/\/blogopara.com.br\/index.php\/wp-json\/wp\/v2\/media?parent=55410"}],"wp:term":[{"taxonomy":"category","embeddable":true,"href":"https:\/\/blogopara.com.br\/index.php\/wp-json\/wp\/v2\/categories?post=55410"},{"taxonomy":"post_tag","embeddable":true,"href":"https:\/\/blogopara.com.br\/index.php\/wp-json\/wp\/v2\/tags?post=55410"}],"curies":[{"name":"wp","href":"https:\/\/api.w.org\/{rel}","templated":true}]}}