{"id":55413,"date":"2023-07-27T11:42:00","date_gmt":"2023-07-27T14:42:00","guid":{"rendered":"https:\/\/blogopara.com.br\/?p=55413"},"modified":"2023-07-26T07:44:09","modified_gmt":"2023-07-26T10:44:09","slug":"prefeitura-de-juazeiro-vai-promover-xiv-feira-do-bode-de-pinhoes-neste-final-de-semana","status":"publish","type":"post","link":"https:\/\/blogopara.com.br\/index.php\/2023\/07\/27\/prefeitura-de-juazeiro-vai-promover-xiv-feira-do-bode-de-pinhoes-neste-final-de-semana","title":{"rendered":"Prefeitura de Juazeiro vai promover XIV Feira do Bode de Pinh\u00f5es neste final de semana"},"content":{"rendered":"<p style=\"text-align: justify;\">A XIV Feira do Bode de Pinh\u00f5es, um dos mais importantes eventos da caprinovinocultura de Juazeiro, vai acontecer neste final de semana, de 28 a 30 de Julho, no Parque Jos\u00e9 Hugo Felix Borges. A feira \u00e9 uma iniciativa da Prefeitura de Juazeiro, atrav\u00e9s da Ag\u00eancia de Desenvolvimento Econ\u00f4mico, Agricultura e Pecu\u00e1ria (Adeap), em parceria com a Associa\u00e7\u00e3o de Desenvolvimento e A\u00e7\u00e3o Comunit\u00e1ria (Adac), Comiss\u00e3o Organizadora do Distrito de Pinh\u00f5es e Associa\u00e7\u00e3o Comunit\u00e1ria dos Produtores Rurais de Pinh\u00f5es (ACPRP).<br aria-hidden=\"true\" \/><br aria-hidden=\"true\" \/>O objetivo do evento \u00e9 promover a valoriza\u00e7\u00e3o da cultura local e o fortalecimento da cadeia produtiva de caprinos e ovinos na regi\u00e3o. A feira vai contar com a exposi\u00e7\u00e3o de cerca de 500 animais, entre caprinos e ovinos das mais variadas ra\u00e7as, al\u00e9m de torneios leiteiro e de pista, com premia\u00e7\u00e3o para os vencedores, al\u00e9m de atividades t\u00e9cnicas como exames de Ovos Por Grama (OPG) nos animais, para detec\u00e7\u00e3o de verminoses e orienta\u00e7\u00f5es sobre manejo alimentar.<br aria-hidden=\"true\" \/><br aria-hidden=\"true\" \/>Segundo o secret\u00e1rio Carlos Neiva, os servidores da Adeap revisaram todos os pontos da realiza\u00e7\u00e3o para que a Feira de Pinh\u00f5es seja mais um sucesso. \u201cDiversas reuni\u00f5es com produtores e representantes da comunidade de Pinh\u00f5es foram realizadas ao longo deste m\u00eas para organizar a feira da forma mais eficiente poss\u00edvel, buscando resultados satisfat\u00f3rios para criadores, empreendedores e procurando sempre proporcionar uma boa experi\u00eancia para os visitantes\u201d, explicou.<br aria-hidden=\"true\" \/><br aria-hidden=\"true\" \/>A Feira do Bode de pinh\u00f5es \u00e9 a quarta de uma s\u00e9rie de seis feiras que ser\u00e3o realizadas em diferentes comunidades de Juazeiro ao longo do ano.<br aria-hidden=\"true\" \/><br aria-hidden=\"true\" \/>Confira a programa\u00e7\u00e3o da XIV Feira do Bode do Distrito de Pinh\u00f5es<br aria-hidden=\"true\" \/><br aria-hidden=\"true\" \/>PROGRAMA\u00c7\u00c3O:<br aria-hidden=\"true\" \/><br aria-hidden=\"true\" \/>Sexta-feira (28\/07)<br aria-hidden=\"true\" \/>16:00h &#8211; Abertura do Parque para recep\u00e7\u00e3o dos animais;<br aria-hidden=\"true\" \/>18:00h &#8211; Acolhida dos Expositores;<br aria-hidden=\"true\" \/>19:00h &#8211; Abertura Oficial do Evento e apresenta\u00e7\u00e3o Cultural;<br aria-hidden=\"true\" \/>20:00h &#8211; Inscri\u00e7\u00e3o das cabras para o Torneio Leiteiro;<br aria-hidden=\"true\" \/>20:00h \u00e0s 23:00h &#8211; Atra\u00e7\u00f5es Musicais: Joanderson Oliveira e Pegada quente<br aria-hidden=\"true\" \/>.<br aria-hidden=\"true\" \/>00:00h &#8211; Fechamento do Parque de Eventos.<br aria-hidden=\"true\" \/><br aria-hidden=\"true\" \/>S\u00e1bado (29\/07)<br aria-hidden=\"true\" \/>07:00h &#8211; Abertura do Parque &#8211; Recep\u00e7\u00e3o dos animais;<br aria-hidden=\"true\" \/>08:00h \u00e0s 22:00h &#8211; Exposi\u00e7\u00e3o e comercializa\u00e7\u00e3o de animais, artesanatos, produtos da culin\u00e1ria local, produtos afins e atividades de desenvolvimento tecnol\u00f3gico;<br aria-hidden=\"true\" \/>08:30h &#8211; Primeira ordenha das cabras inscritas no Torneio Leiteiro;<br aria-hidden=\"true\" \/>10:00h &#8211; Atividade T\u00e9cnica \u2013 Exames de OPG em caprinos e ovinos;<br aria-hidden=\"true\" \/>10:30h &#8211; Atividade T\u00e9cnica \u2013 Orienta\u00e7\u00e3o sobre manejo alimentar de caprinos e ovinos;<br aria-hidden=\"true\" \/>10:00h \u00e0s 13:00h &#8211; Inscri\u00e7\u00e3o dos animais para o Torneio de Pista (Ra\u00e7as);<br aria-hidden=\"true\" \/>14:00h \u00e0s 18:00h &#8211; Atra\u00e7\u00e3o Musical (Espa\u00e7o Cultural);<br aria-hidden=\"true\" \/>14:00h \u00e0s 18:00h &#8211; Torneio de Pista (P\u00e1tio de Julgamento);<br aria-hidden=\"true\" \/>18:00h \u00e0s 19:00h &#8211; Ato Solene com apresenta\u00e7\u00e3o das Escolas Locais e Visita da Prefeita ao Parque de Eventos;<br aria-hidden=\"true\" \/>19:00h \u00e0s 1:30h &#8211; Atra\u00e7\u00f5es Musicais: Tarcisio Maia, Edinho e Juju e J\u00falio do Acordeon<br aria-hidden=\"true\" \/>20:30h &#8211; Segunda Ordenha das cabras inscritas no Torneio Leiteiro;<br aria-hidden=\"true\" \/>02:00h &#8211; Fechamento do Parque de Eventos.<br aria-hidden=\"true\" \/><br aria-hidden=\"true\" \/>Domingo (30\/07)<br aria-hidden=\"true\" \/>07:00h &#8211; Abertura do Parque;<br aria-hidden=\"true\" \/>08:30h &#8211; Terceira ordenha das cabras inscritas no Torneio Leiteiro;<br aria-hidden=\"true\" \/>10:00h &#8211; Premia\u00e7\u00e3o dos animais \u2013 Confraterniza\u00e7\u00e3o dos Expositores;<br aria-hidden=\"true\" \/>13:00h &#8211; Encerramento oficial da XIV Feira do Bode de Pinh\u00f5es;<br aria-hidden=\"true\" \/>16:00h \u00e1s 19:00h &#8211; Atra\u00e7\u00f5es Musicais: Alan Silva e Maur\u00edcio do Vaneir\u00e3o.<\/p>\n","protected":false},"excerpt":{"rendered":"<p>A XIV Feira do Bode de Pinh\u00f5es, um dos mais importantes eventos da caprinovinocultura de Juazeiro, vai acontecer neste final de semana, de 28 a 30 de Julho, no Parque Jos\u00e9 Hugo Felix Borges. A feira \u00e9 uma iniciativa da Prefeitura de Juazeiro, atrav\u00e9s da Ag\u00eancia de Desenvolvimento Econ\u00f4mico, Agricultura e Pecu\u00e1ria (Adeap), em parceria [&hellip;]<\/p>\n","protected":false},"author":1,"featured_media":55414,"comment_status":"closed","ping_status":"open","sticky":false,"template":"","format":"standard","meta":{"_uag_custom_page_level_css":"","_monsterinsights_skip_tracking":false,"_monsterinsights_sitenote_active":false,"_monsterinsights_sitenote_note":"","_monsterinsights_sitenote_category":0,"jetpack_post_was_ever_published":false,"_jetpack_newsletter_access":"","_jetpack_dont_email_post_to_subs":false,"_jetpack_newsletter_tier_id":0,"_jetpack_memberships_contains_paywalled_content":false,"_jetpack_memberships_contains_paid_content":false,"footnotes":"","jetpack_publicize_message":"","jetpack_publicize_feature_enabled":true,"jetpack_social_post_already_shared":true,"jetpack_social_options":{"image_generator_settings":{"template":"highway","default_image_id":0,"font":"","enabled":false},"version":2}},"categories":[206],"tags":[],"class_list":["post-55413","post","type-post","status-publish","format-standard","has-post-thumbnail","hentry","category-economia"],"jetpack_publicize_connections":[],"jetpack_featured_media_url":"https:\/\/blogopara.com.br\/wp-content\/uploads\/2023\/07\/Feira-do-bode-Pinho\u0303es.jpeg","uagb_featured_image_src":{"full":["https:\/\/blogopara.com.br\/wp-content\/uploads\/2023\/07\/Feira-do-bode-Pinho\u0303es.jpeg",500,707,false],"thumbnail":["https:\/\/blogopara.com.br\/wp-content\/uploads\/2023\/07\/Feira-do-bode-Pinho\u0303es-150x150.jpeg",150,150,true],"medium":["https:\/\/blogopara.com.br\/wp-content\/uploads\/2023\/07\/Feira-do-bode-Pinho\u0303es-212x300.jpeg",212,300,true],"medium_large":["https:\/\/blogopara.com.br\/wp-content\/uploads\/2023\/07\/Feira-do-bode-Pinho\u0303es.jpeg",500,707,false],"large":["https:\/\/blogopara.com.br\/wp-content\/uploads\/2023\/07\/Feira-do-bode-Pinho\u0303es.jpeg",500,707,false],"1536x1536":["https:\/\/blogopara.com.br\/wp-content\/uploads\/2023\/07\/Feira-do-bode-Pinho\u0303es.jpeg",500,707,false],"2048x2048":["https:\/\/blogopara.com.br\/wp-content\/uploads\/2023\/07\/Feira-do-bode-Pinho\u0303es.jpeg",500,707,false],"mantranews-slider-large":["https:\/\/blogopara.com.br\/wp-content\/uploads\/2023\/07\/Feira-do-bode-Pinho\u0303es.jpeg",500,707,false],"mantranews-featured-medium":["https:\/\/blogopara.com.br\/wp-content\/uploads\/2023\/07\/Feira-do-bode-Pinho\u0303es-420x307.jpeg",420,307,true],"mantranews-featured-long":["https:\/\/blogopara.com.br\/wp-content\/uploads\/2023\/07\/Feira-do-bode-Pinho\u0303es-300x443.jpeg",300,443,true],"mantranews-block-medium":["https:\/\/blogopara.com.br\/wp-content\/uploads\/2023\/07\/Feira-do-bode-Pinho\u0303es-464x290.jpeg",464,290,true],"mantranews-carousel-image":["https:\/\/blogopara.com.br\/wp-content\/uploads\/2023\/07\/Feira-do-bode-Pinho\u0303es-500x500.jpeg",500,500,true],"mantranews-block-thumb":["https:\/\/blogopara.com.br\/wp-content\/uploads\/2023\/07\/Feira-do-bode-Pinho\u0303es-322x230.jpeg",322,230,true],"mantranews-single-large":["https:\/\/blogopara.com.br\/wp-content\/uploads\/2023\/07\/Feira-do-bode-Pinho\u0303es-500x642.jpeg",500,642,true]},"uagb_author_info":{"display_name":"Reda\u00e7\u00e3o geral","author_link":"https:\/\/blogopara.com.br\/index.php\/author\/blogopara"},"uagb_comment_info":0,"uagb_excerpt":"A XIV Feira do Bode de Pinh\u00f5es, um dos mais importantes eventos da caprinovinocultura de Juazeiro, vai acontecer neste final de semana, de 28 a 30 de Julho, no Parque Jos\u00e9 Hugo Felix Borges. A feira \u00e9 uma iniciativa da Prefeitura de Juazeiro, atrav\u00e9s da Ag\u00eancia de Desenvolvimento Econ\u00f4mico, Agricultura e Pecu\u00e1ria (Adeap), em parceria&hellip;","jetpack_sharing_enabled":true,"jetpack_likes_enabled":true,"_links":{"self":[{"href":"https:\/\/blogopara.com.br\/index.php\/wp-json\/wp\/v2\/posts\/55413","targetHints":{"allow":["GET"]}}],"collection":[{"href":"https:\/\/blogopara.com.br\/index.php\/wp-json\/wp\/v2\/posts"}],"about":[{"href":"https:\/\/blogopara.com.br\/index.php\/wp-json\/wp\/v2\/types\/post"}],"author":[{"embeddable":true,"href":"https:\/\/blogopara.com.br\/index.php\/wp-json\/wp\/v2\/users\/1"}],"replies":[{"embeddable":true,"href":"https:\/\/blogopara.com.br\/index.php\/wp-json\/wp\/v2\/comments?post=55413"}],"version-history":[{"count":1,"href":"https:\/\/blogopara.com.br\/index.php\/wp-json\/wp\/v2\/posts\/55413\/revisions"}],"predecessor-version":[{"id":55415,"href":"https:\/\/blogopara.com.br\/index.php\/wp-json\/wp\/v2\/posts\/55413\/revisions\/55415"}],"wp:featuredmedia":[{"embeddable":true,"href":"https:\/\/blogopara.com.br\/index.php\/wp-json\/wp\/v2\/media\/55414"}],"wp:attachment":[{"href":"https:\/\/blogopara.com.br\/index.php\/wp-json\/wp\/v2\/media?parent=55413"}],"wp:term":[{"taxonomy":"category","embeddable":true,"href":"https:\/\/blogopara.com.br\/index.php\/wp-json\/wp\/v2\/categories?post=55413"},{"taxonomy":"post_tag","embeddable":true,"href":"https:\/\/blogopara.com.br\/index.php\/wp-json\/wp\/v2\/tags?post=55413"}],"curies":[{"name":"wp","href":"https:\/\/api.w.org\/{rel}","templated":true}]}}